{"id":953,"date":"2017-03-12T02:52:10","date_gmt":"2017-03-12T00:52:10","guid":{"rendered":"http:\/\/www.vizyon2023.com.tr\/?p=953"},"modified":"2017-03-12T02:52:34","modified_gmt":"2017-03-12T00:52:34","slug":"hadi-hayirlisi","status":"publish","type":"post","link":"https:\/\/www.vizyon2023.com.tr\/index.php\/2017\/03\/12\/hadi-hayirlisi\/","title":{"rendered":"HAD\u0130 HAYIRLISI"},"content":{"rendered":"<div id=\"attachment_849\" style=\"width: 260px\" class=\"wp-caption alignleft\"><img aria-describedby=\"caption-attachment-849\" loading=\"lazy\" class=\"wp-image-849\" src=\"http:\/\/www.vizyon2023.com.tr\/wp-content\/uploads\/2017\/03\/yuksel_gunes2.jpg\" alt=\"yuksel_gunes2\" width=\"250\" height=\"200\" \/><p id=\"caption-attachment-849\" class=\"wp-caption-text\">Vizyon 2023 Dergisi <br \/> \u0130mtiyaz Sahibi ve Yaz\u0131 \u0130\u015fleri M\u00fcd\u00fcr\u00fc<\/p><\/div>\n<p>T\u00fcrkiye, tar\u0131mdaki iddias\u0131n\u0131 s\u00fcrd\u00fcrme konusunda kararl\u0131\u2026<\/p>\n<p>Gerek Ba\u015fbakan\u0131m\u0131z Say\u0131n Binali Y\u0131ld\u0131r\u0131m\u2019\u0131n, gerekse G\u0131da, Tar\u0131m ve Hayvanc\u0131l\u0131k Bakan\u0131m\u0131z Say\u0131n Faruk \u00c7elik\u2019in 2017 y\u0131l\u0131nda aktif olarak uygulamaya sokulacak havza bazl\u0131 tar\u0131msal destek konusundaki a\u00e7\u0131klamalar\u0131 \u201ckonu \u00fczerinde \u00f6zenle \u00e7al\u0131\u015f\u0131ld\u0131\u011f\u0131n\u0131\u201d g\u00f6steriyor.<\/p>\n<p>Ekonomi Koordinasyon Kurulu\u2019ndan da ge\u00e7en \u201cMilli Tar\u0131m Projesi\u201d ile tar\u0131msal \u00fcretimde bir kar\u0131\u015f topra\u011f\u0131n dahi zayi edilmemesi esas\u0131na dayan\u0131yor\u2026<\/p>\n<p>941 havzada ger\u00e7ekle\u015ftirilecek proje ile 11 milyar liral\u0131k tar\u0131msal has\u0131lada bir art\u0131\u015f bekleniyor.<\/p>\n<p>2017-18 y\u0131l\u0131nda art\u0131k \u00fcretici neyi, ne zaman, nas\u0131l ekece\u011fini bilecek\u2026<\/p>\n<p>Bu arada ithalata dayal\u0131 hayvanc\u0131l\u0131\u011f\u0131n sonland\u0131r\u0131lmas\u0131 bab\u0131nda \u201cdam\u0131zl\u0131k \u00e7iftliklerinin kurulacak olmas\u0131\u201dda g\u00fczel bir geli\u015fme\u2026<\/p>\n<p>Yem bitkilerine verilecek destek, hem havza bazl\u0131 \u00fcretim yapan \u00e7ift\u00e7inin gelir elde etmesine, hem de hayvanc\u0131l\u0131\u011f\u0131n geli\u015fmesine imk\u00e2n sa\u011flayacak\u2026<\/p>\n<p>Ayr\u0131ca, Say\u0131n Bakan \u00c7elik\u2019in \u201cyeti\u015ftirici b\u00f6lgesi\u201d, \u201cbesi b\u00f6lgesi\u201d ve \u201cs\u00fct ve sanayi b\u00f6lgesi\u201d olmak \u00fczere T\u00fcrkiye\u2019yi kapsayan bir \u00e7al\u0131\u015fma a\u011f\u0131 olu\u015fturmas\u0131, ekonomik anlamda da yukar\u0131 y\u00f6nl\u00fc bir harekete zemin haz\u0131rlayacak\u2026<\/p>\n<p>14 y\u0131lda 90 milyar liran\u0131n tar\u0131ma ayr\u0131lm\u0131\u015f olmas\u0131, y\u00fczde 60\u2019lara varan faiz oranlar\u0131n\u0131n y\u00fczde 1 ile 8 oran\u0131na indirilmesi, gen\u00e7lere ve kad\u0131n \u00e7ift\u00e7ilere ilave destek sa\u011flanmas\u0131, bitkisel \u00fcretimin 98 milyon tondan 117 milyon tona ula\u015ft\u0131r\u0131lmas\u0131 ve hayvansal \u00fcretimin de 12 milyon tondan 23.5 milyon tona \u00e7\u0131kar\u0131lmas\u0131 tesad\u00fcf\u00fc de\u011fil..<\/p>\n<p>B\u00fct\u00fcn bunlar 2023\u2019e do\u011fru uzanan program\u0131n sat\u0131r ba\u015flar\u0131\u2026<\/p>\n<p>Art\u0131k, al\u0131n terini ak\u0131tan \u00e7ift\u00e7imiz, nas\u0131rl\u0131 ellerinin kar\u015f\u0131l\u0131\u011f\u0131n\u0131 kat ve kat alacak\u2026<\/p>\n<p>13 katrilyondan fazla para veriliyor, \u00e7ift\u00e7imize, ama kimse memnun de\u011fil.<\/p>\n<p>Ba\u015fbakan Say\u0131n Y\u0131ld\u0131r\u0131m\u2019\u0131n deyimiyle \u201c\u00f6yle bir \u015fey yap\u0131lmal\u0131 ki destek anlaml\u0131 hale gelsin\u201d.<\/p>\n<p>Bundan b\u00f6yle 2 destek s\u00f6z konusu.<\/p>\n<p>Bir ekim zaman\u0131, bir de hasat zaman\u0131..<\/p>\n<p>Bu ne demek!<\/p>\n<p>\u00c7ift\u00e7ilerimiz 2017\u2019de ekecek, 2018\u2019de hasad\u0131 toplayacak.<\/p>\n","protected":false},"excerpt":{"rendered":"<p>T\u00fcrkiye, tar\u0131mdaki iddias\u0131n\u0131 s\u00fcrd\u00fcrme konusunda kararl\u0131\u2026 Gerek Ba\u015fbakan\u0131m\u0131z Say\u0131n Binali Y\u0131ld\u0131r\u0131m\u2019\u0131n, gerekse G\u0131da, Tar\u0131m ve Hayvanc\u0131l\u0131k Bakan\u0131m\u0131z Say\u0131n Faruk \u00c7elik\u2019in 2017 y\u0131l\u0131nda aktif olarak uygulamaya sokulacak havza bazl\u0131 tar\u0131msal destek konusundaki a\u00e7\u0131klamalar\u0131 \u201ckonu \u00fczerinde \u00f6zenle \u00e7al\u0131\u015f\u0131ld\u0131\u011f\u0131n\u0131\u201d g\u00f6steriyor. Ekonomi Koordinasyon Kurulu\u2019ndan da ge\u00e7en \u201cMilli Tar\u0131m Projesi\u201d ile tar\u0131msal \u00fcretimde bir kar\u0131\u015f topra\u011f\u0131n dahi zayi edilmemesi esas\u0131na [&hellip;]<\/p>\n","protected":false},"author":6,"featured_media":849,"comment_status":"closed","ping_status":"closed","sticky":false,"template":"","format":"standard","meta":[],"categories":[71,81],"tags":[],"_links":{"self":[{"href":"https:\/\/www.vizyon2023.com.tr\/index.php\/wp-json\/wp\/v2\/posts\/953"}],"collection":[{"href":"https:\/\/www.vizyon2023.com.tr\/index.php\/wp-json\/wp\/v2\/posts"}],"about":[{"href":"https:\/\/www.vizyon2023.com.tr\/index.php\/wp-json\/wp\/v2\/types\/post"}],"author":[{"embeddable":true,"href":"https:\/\/www.vizyon2023.com.tr\/index.php\/wp-json\/wp\/v2\/users\/6"}],"replies":[{"embeddable":true,"href":"https:\/\/www.vizyon2023.com.tr\/index.php\/wp-json\/wp\/v2\/comments?post=953"}],"version-history":[{"count":1,"href":"https:\/\/www.vizyon2023.com.tr\/index.php\/wp-json\/wp\/v2\/posts\/953\/revisions"}],"predecessor-version":[{"id":954,"href":"https:\/\/www.vizyon2023.com.tr\/index.php\/wp-json\/wp\/v2\/posts\/953\/revisions\/954"}],"wp:featuredmedia":[{"embeddable":true,"href":"https:\/\/www.vizyon2023.com.tr\/index.php\/wp-json\/wp\/v2\/media\/849"}],"wp:attachment":[{"href":"https:\/\/www.vizyon2023.com.tr\/index.php\/wp-json\/wp\/v2\/media?parent=953"}],"wp:term":[{"taxonomy":"category","embeddable":true,"href":"https:\/\/www.vizyon2023.com.tr\/index.php\/wp-json\/wp\/v2\/categories?post=953"},{"taxonomy":"post_tag","embeddable":true,"href":"https:\/\/www.vizyon2023.com.tr\/index.php\/wp-json\/wp\/v2\/tags?post=953"}],"curies":[{"name":"wp","href":"https:\/\/api.w.org\/{rel}","templated":true}]}}