{"id":663,"date":"2016-11-22T08:57:54","date_gmt":"2016-11-22T06:57:54","guid":{"rendered":"http:\/\/vizyon2023.com.tr\/index.php\/2016\/11\/22\/turkiye-teror-orgutleriyle-dunya-arasinda-adeta-bir-set-gibidir\/"},"modified":"2016-11-22T08:57:54","modified_gmt":"2016-11-22T06:57:54","slug":"turkiye-teror-orgutleriyle-dunya-arasinda-adeta-bir-set-gibidir","status":"publish","type":"post","link":"https:\/\/www.vizyon2023.com.tr\/index.php\/2016\/11\/22\/turkiye-teror-orgutleriyle-dunya-arasinda-adeta-bir-set-gibidir\/","title":{"rendered":"&#8220;T\u00fcrkiye, ter\u00f6r \u00f6rg\u00fctleriyle d\u00fcnya aras\u0131nda adeta bir set gibidir&#8221;"},"content":{"rendered":"<p>Cumhurba\u015fkan\u0131 Recep Tayyip Erdo\u011fan, NATO Parlamenter Asamblesi Sonbahar Genel Kurul Toplant\u0131s\u0131&#8217;nda konu\u015ftu.<\/p>\n<p>Erdo\u011fan, &#8220;T\u00fcrkiye, ter\u00f6r \u00f6rg\u00fctleriyle Avrupa ba\u015fta olmak \u00fczere d\u00fcnyan\u0131n geri kalan b\u00f6l\u00fcm\u00fc aras\u0131nda adeta bir set gibidir. E\u011fer biz bu m\u00fccadelede ba\u015far\u0131s\u0131z olursak, yani bu set y\u0131k\u0131l\u0131rsa ter\u00f6ristler t\u0131pk\u0131 bir sel gibi t\u00fcm d\u00fcnyay\u0131 ate\u015fe ve kana bulayacakt\u0131r. Biz diyoruz ki &#8216;gelin bu seti zay\u0131flatmak yerine g\u00fc\u00e7lendirelim.&#8221; dedi.<\/p>\n<p><strong>&#8220;Meselelerin daha kapsay\u0131c\u0131 platformlarda ele al\u0131nmas\u0131 gerekiyor&#8221;<\/strong><\/p>\n<p>Cumhurba\u015fkan\u0131 Erdo\u011fan, &#8220;G\u00fcn\u00fcm\u00fcz d\u00fcnyas\u0131nda hi\u00e7birimiz bir yang\u0131n \u00e7\u0131kt\u0131\u011f\u0131nda &#8216;nas\u0131l olsa duman\u0131 ve ate\u015fi bana gelmez&#8217; diyemeyiz. B\u00f6yle bir \u015fans\u0131m\u0131z yok. Er ya da ge\u00e7 bu yang\u0131n, bu duman bize de ula\u015facakt\u0131r. Tehditlerin k\u00fcreselle\u015fti\u011fi ve g\u00fc\u00e7 dengelerinin de\u011fi\u015fti\u011fi b\u00f6yle bir d\u00f6nemde mevcut kurumlar\u0131n da kendilerini g\u00f6zden ge\u00e7irmeleri \u015fartt\u0131r. Bu tehditlerin bertaraf edilmesi ve f\u0131rsatlar\u0131n kazan\u0131mlara \u00e7evrilebilmesi i\u00e7in meselelerin daha kapsay\u0131c\u0131 platformlarda ele al\u0131nmas\u0131 gerekiyor.&#8221; diye konu\u015ftu.<\/p>\n<p><strong>&#8220;NATO sadece bir savunma \u00f6rg\u00fct\u00fc de\u011fildir&#8221;<\/strong><\/p>\n<p>Erdo\u011fan, NATO&#8217;nun sadece bir savunma \u00f6rg\u00fct\u00fc olmad\u0131\u011f\u0131n\u0131 hat\u0131rlatarak, &#8221; NATO demokratik de\u011ferleri geli\u015ftirme idealine ba\u011fl\u0131 olan devletleri bir araya getirmi\u015f bir g\u00fcvenlik platformudur.&#8221; ifadelerini kulland\u0131.<\/p>\n<p><strong>&#8220;15 Temmuz gecesi ter\u00f6r\u00fcn yeni y\u00fcz\u00fcne \u015fahit olduk&#8221;<\/strong><\/p>\n<p>OHAL s\u00fcrecinin temel hak ve \u00f6zg\u00fcrl\u00fcklerin g\u00f6zetilerek s\u00fcrd\u00fcr\u00fcld\u00fc\u011f\u00fcn\u00fc kaydeden Erdo\u011fan, &#8220;15 Temmuz gecesi T\u00fcrkiye&#8217;de tarihte e\u015fine ender rastlanacak bir demokrasi m\u00fccadelesi ya\u015fanm\u0131\u015f ve daha da \u00f6nemlisi bu m\u00fccadele kazan\u0131lm\u0131\u015ft\u0131r. O gece T\u00fcrkiye ve bizimle birlikte t\u00fcm d\u00fcnya ter\u00f6r\u00fcn yeni bir y\u00fcz\u00fcne, ter\u00f6rle m\u00fccadelenin de farkl\u0131 bir y\u00f6ntemine \u015fahit oldu.&#8221; dedi.<\/p>\n<p><strong>&#8220;Ter\u00f6r \u00f6rg\u00fct\u00fc PKK&#8217;n\u0131n AB&#8217;de rahat dola\u015fmas\u0131n\u0131 hazmedemiyoruz&#8221;<\/strong><\/p>\n<p>Cumhurba\u015fkan\u0131 Erdo\u011fan konu\u015fmas\u0131n\u0131 \u015fu \u015fekilde s\u00fcrd\u00fcrd\u00fc:<\/p>\n<p>&#8220;T\u00fcrkiye&#8217;ye sa\u011flayaca\u011f\u0131n\u0131z destek, ortak g\u00fcvenli\u011fimize kasteden ter\u00f6r \u00f6rg\u00fct\u00fcyle m\u00fccadelemize g\u00fc\u00e7 katacakt\u0131r. FET\u00d6 ile iltisakl\u0131 yap\u0131lanmalara kar\u015f\u0131 m\u00fccadelemizde sizlerin deste\u011fine g\u00fcveniyoruz. Ayn\u0131 \u015fekilde DEA\u015e ve PKK ba\u015fta olmak \u00fczere insanl\u0131\u011f\u0131n m\u00fc\u015fterek de\u011ferlerine d\u00fc\u015fmanl\u0131k konusunda birlikte hareket eden t\u00fcm ter\u00f6r \u00f6rg\u00fctlerine kar\u015f\u0131 verdi\u011fimiz m\u00fccadeleye deste\u011finizi bekliyoruz.<\/p>\n<p>Ter\u00f6r \u00f6rg\u00fctleri mensuplar\u0131n\u0131n \u00fclkelerinizde rahat\u00e7a hareket etmelerine, propaganda yapmalar\u0131na, militan dev\u015firmelerine, tehditle hara\u00e7 toplamalar\u0131na engel olman\u0131z\u0131 istiyoruz. \u00d6zellikle Avrupa Birli\u011finin ter\u00f6r \u00f6rg\u00fct\u00fc olarak ilan etti\u011fi PKK&#8217;n\u0131n Avrupa Birli\u011fi \u00fcyesi \u00fclkelerde \u00e7ok rahat dola\u015fmas\u0131n\u0131 ve buralarda ter\u00f6rist ba\u015f\u0131n\u0131n posterleriyle ayn\u0131 \u015fekilde parlamento binas\u0131n\u0131n koridorlar\u0131nda afi\u015fleriyle cirit atmalar\u0131n\u0131 ter\u00f6r ma\u011fduru bir \u00fclke olarak, biz hazmedemiyoruz. Dolay\u0131s\u0131yla bu konuyla ilgili olarak t\u00fcm dostlar\u0131m\u0131z\u0131n gerekli tedbiri almas\u0131 gerekir. E\u011fer gerekli tedbir al\u0131nmazsa bir g\u00fcn bumerang gibi bu d\u00f6n\u00fcp dola\u015f\u0131p onlar\u0131 da vuracakt\u0131r, bunun da haberini vereyim.&#8221;<\/p>\n<p><strong>&#8220;T\u00fcrkiye&#8217;nin ikazlar\u0131na kulak verilmesini \u00f6zellikle tavsiye ediyorum&#8221;<\/strong><\/p>\n<p>Ter\u00f6rle m\u00fccadelede T\u00fcrkiye&#8217;nin daha g\u00fc\u00e7l\u00fc deste\u011fe ihtiyac\u0131 oldu\u011funu belirten Erdo\u011fan, &#8220;T\u00fcrkiye olarak ter\u00f6rizme kar\u015f\u0131 y\u00fcr\u00fctt\u00fc\u011f\u00fcm\u00fcz m\u00fccadelede daha g\u00fc\u00e7l\u00fc bir deste\u011fe ihtiyac\u0131m\u0131z oldu\u011funu burada bizzat sizlere ifade etmek mecburiyetindeyim. Ter\u00f6r \u00f6rg\u00fctleri kar\u015f\u0131s\u0131nda ikircikli tutum i\u00e7inde olan \u00fclkelerin tamam\u0131 da bu tav\u0131rlar\u0131n\u0131n bedelini eninde sonunda kendi topraklar\u0131 i\u00e7inde \u00f6deyeceklerdir. Tarihin her d\u00f6neminde farkl\u0131 mahiyette ter\u00f6r \u00f6rg\u00fctleriyle m\u00fccadele etmek zorunda kalan T\u00fcrkiye&#8217;nin ikazlar\u0131na kulak verilmesini \u00f6zellikle tavsiye ediyorum.&#8221; diye konu\u015ftu. AA<\/p>\n","protected":false},"excerpt":{"rendered":"<p>Cumhurba\u015fkan\u0131 Erdo\u011fan, &#8221; E\u011fer bu set y\u0131k\u0131l\u0131rsa ter\u00f6ristler t\u0131pk\u0131 bir sel gibi t\u00fcm d\u00fcnyay\u0131 kana bulayacakt\u0131r.&#8221; dedi.<\/p>\n","protected":false},"author":1000097,"featured_media":664,"comment_status":"open","ping_status":"closed","sticky":false,"template":"","format":"standard","meta":[],"categories":[1],"tags":[],"_links":{"self":[{"href":"https:\/\/www.vizyon2023.com.tr\/index.php\/wp-json\/wp\/v2\/posts\/663"}],"collection":[{"href":"https:\/\/www.vizyon2023.com.tr\/index.php\/wp-json\/wp\/v2\/posts"}],"about":[{"href":"https:\/\/www.vizyon2023.com.tr\/index.php\/wp-json\/wp\/v2\/types\/post"}],"author":[{"embeddable":true,"href":"https:\/\/www.vizyon2023.com.tr\/index.php\/wp-json\/wp\/v2\/users\/1000097"}],"replies":[{"embeddable":true,"href":"https:\/\/www.vizyon2023.com.tr\/index.php\/wp-json\/wp\/v2\/comments?post=663"}],"version-history":[{"count":0,"href":"https:\/\/www.vizyon2023.com.tr\/index.php\/wp-json\/wp\/v2\/posts\/663\/revisions"}],"wp:featuredmedia":[{"embeddable":true,"href":"https:\/\/www.vizyon2023.com.tr\/index.php\/wp-json\/wp\/v2\/media\/664"}],"wp:attachment":[{"href":"https:\/\/www.vizyon2023.com.tr\/index.php\/wp-json\/wp\/v2\/media?parent=663"}],"wp:term":[{"taxonomy":"category","embeddable":true,"href":"https:\/\/www.vizyon2023.com.tr\/index.php\/wp-json\/wp\/v2\/categories?post=663"},{"taxonomy":"post_tag","embeddable":true,"href":"https:\/\/www.vizyon2023.com.tr\/index.php\/wp-json\/wp\/v2\/tags?post=663"}],"curies":[{"name":"wp","href":"https:\/\/api.w.org\/{rel}","templated":true}]}}