{"id":645,"date":"2016-08-08T15:27:53","date_gmt":"2016-08-08T12:27:53","guid":{"rendered":"http:\/\/vizyon2023.com.tr\/index.php\/2016\/08\/08\/15-temmuz-ikinci-kurtulus-savasidir\/"},"modified":"2016-08-08T15:27:53","modified_gmt":"2016-08-08T12:27:53","slug":"15-temmuz-ikinci-kurtulus-savasidir","status":"publish","type":"post","link":"https:\/\/www.vizyon2023.com.tr\/index.php\/2016\/08\/08\/15-temmuz-ikinci-kurtulus-savasidir\/","title":{"rendered":"&#8217;15 Temmuz ikinci Kurtulu\u015f Sava\u015f\u0131&#8217;d\u0131r&#8217;"},"content":{"rendered":"<p>AK Parti Genel Ba\u015fkan\u0131 ve Ba\u015fbakan Binali Y\u0131ld\u0131r\u0131m, &#8220;\u00c7anakkale&#8217;de, Kurtulu\u015f Sava\u015f\u0131&#8217;nda destan yazan bu millet, ayn\u0131 ruhla 15 Temmuz destan\u0131n\u0131 da yazd\u0131. 15 Temmuz ikinci Kurtulu\u015f Sava\u015f\u0131&#8217;d\u0131r.&#8221; dedi.<\/p>\n<p>Y\u0131ld\u0131r\u0131m, Cumhurba\u015fkanl\u0131\u011f\u0131 himayesinde, \u0130stanbul Valili\u011fi ve B\u00fcy\u00fck\u015fehir Belediyesi deste\u011fiyle Yenikap\u0131 Miting Alan\u0131&#8217;nda d\u00fczenlenen Demokrasi ve \u015eehitler Mitingi&#8217;nde konu\u015ftu.<\/p>\n<p>Ba\u015fbakan Y\u0131ld\u0131r\u0131m konu\u015fmas\u0131na, &#8220;Bu Vatan Kimin&#8221; adl\u0131 \u015fiirin, &#8220;Bu vatan, topra\u011f\u0131n kara ba\u011fr\u0131nda \/ S\u0131rada\u011flar gibi duranlar\u0131nd\u0131r \/ Bir tarih boyunca onun u\u011frunda \/ Kendini tarihe verenlerindir \/ Ard\u0131na bakmadan yollara d\u00fc\u015fen \/ \u015eim\u015fek gibi \u00e7akan, sel gibi co\u015fan \/ Huduttan hududa yol bulup ko\u015fan \/ Cepheden cepheyi soranlar\u0131nd\u0131r.&#8221; dizelerini okuyarak ba\u015flad\u0131.<\/p>\n<p>\u0130stanbul\u2019un bir kez daha tarih yazd\u0131\u011f\u0131n\u0131 ifade eden Y\u0131ld\u0131r\u0131m, &#8220;29 May\u0131s 1453\u2019te Sultan Fatih \u015fehre girdi\u011finde ne kadar heyecanl\u0131ysa bug\u00fcn o kadar heyecanl\u0131s\u0131n.&#8221; ifadesini kulland\u0131.<\/p>\n<p>Y\u0131ld\u0131r\u0131m, \u015f\u00f6yle konu\u015ftu:<\/p>\n<p>Aram\u0131zda bulunan kahraman \u015fehitlerimizin ailelerini y\u00fcrekten selaml\u0131yorum. \u0130stanbul\u2019u d\u00fc\u015fmana teslim etmeyen, kimi hastanede, kimi evinde, kimi aram\u0131zda olan kahraman gazilerimizi selaml\u0131yorum. Say\u0131n Cumhurba\u015fkan\u0131m, 15 Temmuz\u2019da bu milletin \u00f6n\u00fcne ge\u00e7ti\u011finiz i\u00e7in, dik durdu\u011funuz i\u00e7in, bu milleti son 100 y\u00fczy\u0131l\u0131n en b\u00fcy\u00fck tehlikesinden kurtard\u0131\u011f\u0131n\u0131z i\u00e7in diklenmeden dik durdu\u011funuz i\u00e7in sizlere te\u015fekk\u00fcr ediyorum, sizleri selaml\u0131yorum.&#8221;<\/p>\n<p><strong>&#8220;Milletten yana tav\u0131r koyanlar\u0131 selaml\u0131yorum&#8221;<\/strong><\/p>\n<p>Y\u0131ld\u0131r\u0131m, s\u00f6zlerini \u015f\u00f6yle s\u00fcrd\u00fcrd\u00fc:<\/p>\n<p>&#8220;Cumhuriyet Halk Partisi Genel Ba\u015fkan\u0131n\u0131 ve b\u00fct\u00fcn Cumhuriyet Halk Partisi mensuplar\u0131n\u0131, darbenin ilk saatlerinde, milli iradeden yana net tav\u0131r koyduklar\u0131 i\u00e7in y\u00fcrekten selaml\u0131yorum. Milliyet\u00e7i Hareket Partisinin de\u011ferli Genel Ba\u015fkan\u0131n\u0131 ve b\u00fct\u00fcn \u00fclk\u00fcc\u00fc karde\u015flerimi ilk andan itibaren h\u00fck\u00fcmetimizin yan\u0131nda, Cumhurba\u015fkan\u0131m\u0131z\u0131n yan\u0131nda sars\u0131lmaz bir demokrasi savunucusu oldu\u011fu i\u00e7in y\u00fcrekten selaml\u0131yorum. AK Parti&#8217;li karde\u015flerim, CHP\u2019li, MHP\u2019li karde\u015flerim, ismini sayamayaca\u011f\u0131m kadar \u00e7ok olan her siyasi g\u00f6r\u00fc\u015ften, her kesimden de\u011ferli vatanda\u015flar\u0131m, bu muhte\u015fem karde\u015flik tablosunu bug\u00fcn bize ya\u015fatt\u0131\u011f\u0131n\u0131z i\u00e7in, bizi buraya getirtti\u011finiz i\u00e7in hepinize \u00e7ok \u00e7ok te\u015fekk\u00fcr ediyorum. Milletim ad\u0131na te\u015fekk\u00fcr ediyorum.&#8221;<\/p>\n<p>Sadece \u0130stanbul&#8217;un de\u011fil b\u00fct\u00fcn T\u00fcrkiye&#8217;nin ayakta oldu\u011funu, 81 ilin Yenikap\u0131&#8217;daki mitingi izledi\u011fini dile getiren Y\u0131ld\u0131r\u0131m, s\u00f6zlerini \u015f\u00f6yle s\u00fcrd\u00fcrd\u00fc:<\/p>\n<p>&#8220;Yavru vatan K\u0131br\u0131s bizi izliyor, K\u0131br\u0131s\u2019tan kalk\u0131p gelen KKTC Ba\u015fbakan\u0131n\u0131 da selaml\u0131yorum. Filistin, Bosna, Somali, Suriye, Irak\u2019taki karde\u015flerimiz bizi izliyor. D\u00fcnyan\u0131n her k\u00f6\u015fesinde soyda\u015flar\u0131m\u0131z karde\u015flerimizin de kalbi bizimle. Buradan \u0130stanbul&#8217;dan 81 vilayetimize, t\u00fcm d\u00fcnyadaki karde\u015flerimize selamlar\u0131m\u0131z\u0131 g\u00f6nderiyoruz.&#8221;<\/p>\n<p><strong>&#8220;Bug\u00fcn hep birlikte T\u00fcrkiyeyiz&#8221;<\/strong><\/p>\n<p>Y\u0131ld\u0131r\u0131m, Necip Faz\u0131l&#8217;\u0131n, &#8220;Allah&#8217;\u0131n se\u00e7ti\u011fi kurtulmu\u015f millet \/ G\u00fcne\u015ften ba\u015f\u0131n\u0131 g\u00f6klere y\u00fckselt \/ Avlan\u0131r, kim sana atarsa kement \/ Ezel ku\u015fat\u0131lmaz, \u00e7evrilmez ebed&#8221; dizeleri ile Naz\u0131m Hikmet&#8217;in, &#8220;Emret ki \u00f6lelim emret \/ G\u00fcne\u015fi i\u00e7iyoruz sesinde \/ Ak\u0131n var g\u00fcne\u015fe ak\u0131n \/G\u00fcne\u015fi zaptedece\u011fiz, g\u00fcne\u015fin zapt\u0131 yak\u0131n!&#8221; ve Azeri \u015fair Ahmet Cevad&#8217;\u0131n &#8220;\u0130nciler d\u00f6k, gel yoluna \/ S\u0131rmalar serp sa\u011f soluna \/ F\u0131rt\u0131nalar dursun yana \/ Selam T\u00fcrk\u2019\u00fcn bayra\u011f\u0131na\u201d dizelerini de okudu.<\/p>\n<p>&#8220;Bunlar engereklerdir, bunlar a\u015f\u0131m\u0131za ekme\u011fimize g\u00f6z koyanlard\u0131r, tan\u0131 bunlar\u0131.&#8221; ifadesini kullanan Y\u0131ld\u0131r\u0131m, &#8220;Burada biziz, beraberiz, bug\u00fcn hep birlikte T\u00fcrkiyeyiz.&#8221; dedi.<\/p>\n<p>Y\u0131ld\u0131r\u0131m, 97 y\u0131l \u00f6nce 19 May\u0131s 1919\u2019da \u0130zmir&#8217;in i\u015fgaliyle Sultan Ahmet Meydan\u2019\u0131nda 100 binlerin topland\u0131\u011f\u0131n\u0131 an\u0131msatarak, \u015funlar\u0131 s\u00f6yledi:<\/p>\n<p>&#8220;Minarelerden selalar y\u00fckseliyordu, d\u00fc\u015fman u\u00e7aklar\u0131 kalabal\u0131\u011f\u0131n \u00fczerinden u\u00e7uyordu. Ama hi\u00e7 kimse ba\u015f\u0131n\u0131 e\u011fmedi, hi\u00e7 kimse \u00f6l\u00fcmden korkmad\u0131. K\u00fcrs\u00fcye \u00e7\u0131kan Halide Edip, o muhte\u015fem toplulu\u011fa, &#8216;Topra\u011f\u0131n \u00fczerinde \u015ferefsiz ya\u015famaktansa alt\u0131nda \u015ferefle yatar\u0131z&#8217;. \u0130\u015fte 97 y\u0131l \u00f6nce bu aziz millet, topra\u011f\u0131n alt\u0131nda \u015ferefiyle yatanlar sayesinde topra\u011f\u0131n \u00fczerinde \u015ferefle ya\u015f\u0131yor.&#8221;<\/p>\n<p><strong>&#8220;15 Temmuz ikinci Kurtulu\u015f Sava\u015f\u0131&#8217;d\u0131r&#8221;<\/strong><\/p>\n<p>Y\u0131ld\u0131r\u0131m, 15 Temmuz ak\u015fam\u0131 da bir i\u015fgal giri\u015fimiyle, FET\u00d6 ter\u00f6r \u00f6rg\u00fct\u00fcn\u00fcn hainlerinin bir ihtilal te\u015febb\u00fcs\u00fcyle kar\u015f\u0131 kar\u015f\u0131ya kald\u0131klar\u0131na i\u015faret ederek, \u015f\u00f6yle devam etti:<\/p>\n<p>&#8220;\u00dczerimizden u\u00e7aklar u\u00e7tu, tanklar caddeleri i\u015fgal etti, asker k\u0131yafetindeki ter\u00f6ristler silahlar\u0131yla millete kan kustu. Cumhurba\u015fkan\u0131m\u0131z, Ba\u015fkomutan\u0131m\u0131z milleti meydanlara davet etti. Yine selalar okundu, ezanlar ba\u015fta ba\u015fa T\u00fcrkiye&#8217;de yank\u0131land\u0131. \u0130\u015fte bu aziz millet, \u0130stanbul&#8217;da, Ankara&#8217;da, \u0130zmir&#8217;de 81 vilayette hep birden \u015funu s\u00f6yledi, &#8216;Topra\u011f\u0131n \u00fczerinde \u015ferefsiz ya\u015famaktansa, topra\u011f\u0131n alt\u0131nda \u015ferefle yatar\u0131z, \u015fehit oluruz, gazi oluruz&#8217;. \u00c7anakkale&#8217;de, Kurtulu\u015f Sava\u015f\u0131&#8217;nda destan yazan bu millet, ayn\u0131 ruhla 15 Temmuz destan\u0131n\u0131 da yazd\u0131. 15 Temmuz ikinci Kurtulu\u015f Sava\u015f\u0131&#8217;d\u0131r. Allah&#8217;a hamdolsun, topra\u011f\u0131n alt\u0131nda \u015ferefiyle yatan \u015fehitlerimiz sayesinde bug\u00fcn bu topraklarda \u015ferefimizle, ba\u011f\u0131ms\u0131zl\u0131\u011f\u0131m\u0131zla, karde\u015fli\u011fimizle bir olarak, beraber olarak ya\u015f\u0131yoruz. G\u00fcya T\u00fcrk askeri k\u0131l\u0131\u011f\u0131na girip topraklar\u0131m\u0131z\u0131 i\u015fgal edeceklerdi. Sanki bu milletin iradesini \u00e7alacaklard\u0131. Allah \u015ferleri hayra \u00e7evirir, bizi \u00f6ld\u00fcrmeyen her darbe bizi daha da g\u00fc\u00e7lendirir. \u0130\u015fte burada oldu\u011fu gibi.&#8221;<\/p>\n<p><strong>&#8220;Bu tarihi tabloyu hesap edemediler&#8221;<\/strong><\/p>\n<p>Ha\u00e7l\u0131 seferlerinin b\u00fct\u00fcn \u0130slam d\u00fcnyas\u0131n\u0131 birle\u015ftirdi\u011fine dikkati \u00e7eken Y\u0131ld\u0131r\u0131m, &#8220;Ankara Sava\u015f\u0131&#8217;nda bize fetret ya\u015fatt\u0131lar ama biz oradan bir cihan devleti olarak do\u011fduk. Y\u00fczy\u0131l \u00f6nce bu topraklar\u0131 i\u015fgal ettiler ama biz oradan tek bir devlet, tek bir milet olarak do\u011fduk. \u0130\u015fte bug\u00fcn bize k\u00f6t\u00fcl\u00fck yapacaklar\u0131n\u0131 zannedenler yan\u0131ld\u0131lar. Bu muhte\u015fem, bu tarihi, anlaml\u0131 tabloyu hesap edemediler.&#8221; ifadelerini kulland\u0131.<\/p>\n<p>Siyasette meydana gelen bu birle\u015ftirici tabloyu, birlikteli\u011fi bozmayacaklar\u0131n\u0131 vurgulayan Ba\u015fbakan Y\u0131ld\u0131r\u0131m, \u015funlar\u0131 kaydetti:<\/p>\n<p>&#8220;Uzla\u015fmay\u0131, i\u015fbirli\u011fini daha da g\u00fc\u00e7lendirece\u011fiz. T\u00fcrkiye&#8217;yi milletimizle, siyasi partilerimizle, sivil toplumumuzla, liderli\u011fimizde 2023 hedeflerine ta\u015f\u0131yaca\u011f\u0131z. K\u00fcrt ile T\u00fcrk&#8217;\u00fcn aras\u0131na girenler i\u015fte bu hainlerdi. K\u00fcrt ile T\u00fcrk aras\u0131ndaki bu mikroplar\u0131 temizleyece\u011fiz. Ter\u00f6r \u00f6rg\u00fctlerini aradan \u00e7\u0131karaca\u011f\u0131z. \u0130n\u015fallah T\u00fcrk, K\u00fcrt, Alevi, S\u00fcnni aras\u0131ndaki muhabbet, dayan\u0131\u015fma, karde\u015fli\u011fi daha da geli\u015ftirece\u011fiz. Aram\u0131za giren b\u00f6l\u00fcc\u00fc ter\u00f6r \u00f6rg\u00fct\u00fcn\u00fc de milletimizin aras\u0131ndan \u00e7\u0131karaca\u011f\u0131z. Hangi mezhepten, hangi me\u015frepten olursa olsun bizi birbirimize d\u00fc\u015f\u00fcrmeye \u00e7al\u0131\u015fanlara asla f\u0131rsat vermeyece\u011fiz.&#8221;<\/p>\n<p>Bir olundu\u011funda ula\u015famayacak, yapamayacak hi\u00e7bir i\u015fin olmayaca\u011f\u0131na i\u015faret eden Y\u0131ld\u0131r\u0131m, s\u00f6zlerini \u015f\u00f6yle s\u00fcrd\u00fcrd\u00fc:<\/p>\n<p>&#8220;Beraber olursak a\u015famayaca\u011f\u0131m\u0131z hi\u00e7bir engel yok. Birlikte olursak, birlikte T\u00fcrkiye olursak \u00e7\u00f6zemeyece\u011fimiz hi\u00e7bir sorunumuz yok. \u0130\u015fte bug\u00fcn buradaki tarihi birlikteli\u011fi g\u00f6z\u00fcm\u00fcz gibi koruyaca\u011f\u0131z. \u0130ntikam duygusuyla de\u011fil, adaletle, hukukla hareket edece\u011fiz. Bu ter\u00f6r \u00f6rg\u00fct\u00fcn\u00fcn mensuplar\u0131ndan, \u015fehitlerimizin, gazilerimizin hesab\u0131n\u0131 soraca\u011f\u0131z. Demokrasiden taviz vermeyece\u011fiz, \u00f6zg\u00fcrl\u00fckleri daha da geli\u015ftirece\u011fiz, ekonomimizi daha da b\u00fcy\u00fctece\u011fiz, d\u00fc\u015fmanlar\u0131m\u0131z\u0131 azaltacak dostlar\u0131m\u0131z\u0131 \u00e7o\u011faltaca\u011f\u0131z. 15 Temmuz, T\u00fcrkiye&#8217;nin mikroplar\u0131ndan temizlendi\u011fi g\u00fcnd\u00fcr. Bug\u00fcn T\u00fcrkiye temizlik yap\u0131yor. Devleti kilitleyen, ekonomiyi daraltan, milleti rahats\u0131z eden unsurlar\u0131 teker teker ortadan kald\u0131r\u0131yoruz.&#8221;<\/p>\n<p><strong>&#8220;Feto, T\u00fcrkiye&#8217;ye gelecek, hesab\u0131n\u0131 verecektir&#8221;<\/strong><\/p>\n<p>Ba\u015fbakan Y\u0131ld\u0131r\u0131m, &#8220;\u015eunu herkes bilmelidir ki, 15 Temmuz gecesini milletimize zehir eden ter\u00f6r \u00f6rg\u00fct\u00fc lideri Feto, T\u00fcrkiye&#8217;ye gelecek, hesab\u0131n\u0131 verecektir. Hi\u00e7 merak etmeyin, bir olaca\u011f\u0131z, iri olaca\u011f\u0131z, diri olaca\u011f\u0131z, birlikte T\u00fcrkiye olaca\u011f\u0131z.&#8221; diye konu\u015ftu.<\/p>\n<p>Gen\u00e7lere, &#8220;Bunlar memleket meselesiyle ilgilenmez.&#8221; diyenler oldu\u011funa dikkati \u00e7eken Y\u0131ld\u0131r\u0131m, &#8220;15 Temmuz gecesi ne kadar yan\u0131ld\u0131klar\u0131n\u0131 g\u00f6rd\u00fcler. Tanklar\u0131n \u00f6n\u00fcne g\u00f6\u011fs\u00fcn\u00fc siper eden, tanklar\u0131n \u00f6n\u00fcne yatan gen\u00e7lerimizi, kad\u0131nlar\u0131m\u0131z\u0131 y\u00fcrekten kutluyorum. Allah sizden raz\u0131 olsun. Millet size minnet bor\u00e7ludur.&#8221; ifadesini kulland\u0131.<\/p>\n<p>Ba\u015fbakan Y\u0131ld\u0131r\u0131m, s\u00f6zlerini, &#8220;Rabiam\u0131z, tek devlet, tek millet, tek vatan, tek bayrak. Ay y\u0131ld\u0131zl\u0131 bayra\u011f\u0131m\u0131z hepimize yeter.&#8221; diyerek tamamlad\u0131.<\/p>\n","protected":false},"excerpt":{"rendered":"<p>Ba\u015fbakan Y\u0131ld\u0131r\u0131m, &#8220;\u00c7anakkale&#8217;de, Kurtulu\u015f Sava\u015f\u0131&#8217;nda destan yazan bu millet, ayn\u0131 ruhla 15 Temmuz destan\u0131n\u0131 da yazd\u0131. 15 Temmuz, ikinci Kurtulu\u015f Sava\u015f\u0131&#8217;d\u0131r.&#8221; dedi.<\/p>\n","protected":false},"author":1000097,"featured_media":646,"comment_status":"open","ping_status":"closed","sticky":false,"template":"","format":"standard","meta":[],"categories":[58],"tags":[],"_links":{"self":[{"href":"https:\/\/www.vizyon2023.com.tr\/index.php\/wp-json\/wp\/v2\/posts\/645"}],"collection":[{"href":"https:\/\/www.vizyon2023.com.tr\/index.php\/wp-json\/wp\/v2\/posts"}],"about":[{"href":"https:\/\/www.vizyon2023.com.tr\/index.php\/wp-json\/wp\/v2\/types\/post"}],"author":[{"embeddable":true,"href":"https:\/\/www.vizyon2023.com.tr\/index.php\/wp-json\/wp\/v2\/users\/1000097"}],"replies":[{"embeddable":true,"href":"https:\/\/www.vizyon2023.com.tr\/index.php\/wp-json\/wp\/v2\/comments?post=645"}],"version-history":[{"count":0,"href":"https:\/\/www.vizyon2023.com.tr\/index.php\/wp-json\/wp\/v2\/posts\/645\/revisions"}],"wp:featuredmedia":[{"embeddable":true,"href":"https:\/\/www.vizyon2023.com.tr\/index.php\/wp-json\/wp\/v2\/media\/646"}],"wp:attachment":[{"href":"https:\/\/www.vizyon2023.com.tr\/index.php\/wp-json\/wp\/v2\/media?parent=645"}],"wp:term":[{"taxonomy":"category","embeddable":true,"href":"https:\/\/www.vizyon2023.com.tr\/index.php\/wp-json\/wp\/v2\/categories?post=645"},{"taxonomy":"post_tag","embeddable":true,"href":"https:\/\/www.vizyon2023.com.tr\/index.php\/wp-json\/wp\/v2\/tags?post=645"}],"curies":[{"name":"wp","href":"https:\/\/api.w.org\/{rel}","templated":true}]}}