{"id":643,"date":"2016-08-08T15:27:37","date_gmt":"2016-08-08T12:27:37","guid":{"rendered":"http:\/\/vizyon2023.com.tr\/index.php\/2016\/08\/08\/milletimize-ihanet-edenler-en-agir-sekilde-cezalandiracaklar\/"},"modified":"2016-08-08T15:27:37","modified_gmt":"2016-08-08T12:27:37","slug":"milletimize-ihanet-edenler-en-agir-sekilde-cezalandiracaklar","status":"publish","type":"post","link":"https:\/\/www.vizyon2023.com.tr\/index.php\/2016\/08\/08\/milletimize-ihanet-edenler-en-agir-sekilde-cezalandiracaklar\/","title":{"rendered":"&#8216;Milletimize ihanet edenler en a\u011f\u0131r \u015fekilde cezaland\u0131racaklar&#8217;"},"content":{"rendered":"<p>Genelkurmay Ba\u015fkan\u0131 Orgeneral Hulusi Akar, &#8220;15 Temmuz g\u00fcn\u00fc \u00fclkemizin t\u00fcm kurum ve kurulu\u015flar\u0131yla birlikte T\u00fcrk Silahl\u0131 Kuvvetlerine s\u0131zm\u0131\u015f bir grup illegal \u00e7ete mensubu ter\u00f6rist hain Fetullah\u00e7\u0131 Ter\u00f6r \u00d6rg\u00fct\u00fc, tarihimizde g\u00f6r\u00fclmemi\u015f bir \u015fekilde, vatan\u0131m\u0131za, milletimize, cumhuriyetimize bu zilleti ve rezaleti ya\u015fatm\u0131\u015f ve T\u00fcrk Silahl\u0131 Kuvvetlerinin \u015fan ve \u015ferefle dolu ge\u00e7mi\u015fine kara bir leke s\u00fcrm\u00fc\u015flerdir.&#8221; dedi.<\/p>\n<p>Akar, Cumhurba\u015fkanl\u0131\u011f\u0131 himayelerinde, \u0130stanbul Valili\u011fi ve B\u00fcy\u00fck\u015fehir Belediyesi taraf\u0131ndan Yenikap\u0131&#8217;da d\u00fczenlenen &#8220;Demokrasi ve \u015eehitler Mitingi&#8221;nde yapt\u0131\u011f\u0131 konu\u015fmada, b\u00f6yle anlaml\u0131 bir mitingde, T\u00fcrk Silahl\u0131 Kuvvetleri komuta kademesiyle birlikte bulanman\u0131n onur ve heyecan\u0131n\u0131 ya\u015fad\u0131\u011f\u0131n\u0131 s\u00f6yledi.<\/p>\n<p>Orgeneral Akar, 15 Temmuz&#8217;da \u00fclkenin t\u00fcm kurum ve kurulu\u015flar\u0131yla birlikte TSK&#8217;ya s\u0131zm\u0131\u015f bir grup illegal \u00e7ete mensubu ter\u00f6rist hain Fetullah\u00e7\u0131 Ter\u00f6r \u00d6rg\u00fct\u00fc&#8217;n\u00fcn tarihte g\u00f6r\u00fclmemi\u015f \u015fekilde vatana, millete, cumhuriyete bu zilleti ve rezaleti ya\u015fatt\u0131\u011f\u0131n\u0131, TSK&#8217;n\u0131n \u015fan ve \u015ferefle dolu ge\u00e7mi\u015fine kara bir leke s\u00fcrd\u00fc\u011f\u00fcn\u00fc ifade etti.<\/p>\n<p><strong>&#8220;Al\u00e7aklara cevap alanlarda verildi&#8221;<\/strong><\/p>\n<p>Her y\u00f6n\u00fcyle milli ve yerli olan y\u00fcksek siyasi liderlik\u00e7e verilen direktifler do\u011frultusunda asil millet ve onun ba\u011fr\u0131ndan \u00e7\u0131kan TSK&#8217;n\u0131n ger\u00e7ek evlatlar\u0131yla, emniyet mensuplar\u0131n\u0131n kahramanca ve ferasetle bu hain giri\u015fime kar\u015f\u0131 koydu\u011funu dile getiren Akar, TSK&#8217;ya ve ba\u011fr\u0131ndan \u00e7\u0131kt\u0131klar\u0131 millete ihanet eden bu al\u00e7aklara lay\u0131k olduklar\u0131 cevap teredd\u00fcts\u00fcz bir \u015feklide alanlarda verildi\u011fini vurgulad\u0131.<\/p>\n<p>Akar, bu rezaleti T\u00fcrkiye Cumhuriyeti devletine mazisi \u015fan ve \u015ferefle dolu TSK&#8217;ya ve asil millete ya\u015fatan hainlerin en a\u011f\u0131r \u015fekilde cezaland\u0131r\u0131laca\u011f\u0131n\u0131 dile getirerek, \u015f\u00f6yle konu\u015ftu:<\/p>\n<p>&#8220;Bundan kimsenin \u015f\u00fcphesi olamas\u0131n. Burada \u00f6zellikle \u015funu belirtmek isterim, 15 Temmuz ak\u015fam saatlerinde T\u00fcrk Silahl\u0131 Kuvvetleri b\u00fcnyesinde yuvalanan illegal \u00e7ete mensubu ter\u00f6rist hainlerin Fetullah\u00e7\u0131 Ter\u00f6r \u00d6rg\u00fct\u00fc&#8217;n\u00fcn darbe giri\u015fiminin, halk\u0131m\u0131z\u0131n peygamber oca\u011f\u0131 olarak adland\u0131rd\u0131\u011f\u0131 T\u00fcrk Silahl\u0131 Kuvvetlerinin vatan\u0131n\u0131, milletini, bayra\u011f\u0131n\u0131 seven ezici \u00e7o\u011funluktaki mensuplar\u0131yla kesinlikle hi\u00e7bir alakas\u0131 yoktur. Bu nedenle sizlerin y\u00fcce milletimizin asker elbisesi i\u00e7erisine girmi\u015f eli kanl\u0131 caniler, hainlerle g\u00f6revinin ba\u015f\u0131nda olan, \u00fclkemizin bekas\u0131 i\u00e7in ayn\u0131 zamanda b\u00f6l\u00fcc\u00fc ter\u00f6r \u00f6rg\u00fct\u00fc PKK ve s\u0131n\u0131rlar\u0131m\u0131z\u0131n hemen yan\u0131 ba\u015f\u0131ndaki di\u011fer tehditlerle de canla ba\u015fla m\u00fccadele eden T\u00fcrk Silahl\u0131 Kuvvetlerinin kahraman, fedakar mensuplar\u0131n\u0131 \u00e7ok iyi ay\u0131rt ederek davranmas\u0131 bu zor s\u00fcre\u00e7te bizlere g\u00fc\u00e7 ve moral vermi\u015ftir. Bundan dolay\u0131 hepinize tek tek te\u015fekk\u00fcr ediyorum, \u015f\u00fckranlar\u0131m\u0131 sunuyorum. Bizlere g\u00f6sterdi\u011finiz bu yak\u0131n ilgi, g\u00fcven ve sevginin de \u00fclkemizin, asil milletimizin birlik b\u00fct\u00fcnl\u00fck ve g\u00fcvenli\u011fi bak\u0131m\u0131ndan hayati \u00f6neme haiz oldu\u011funun da bilincindeyiz. Asil milletimizin g\u00f6z\u00fcn\u00fc budaktan esirgemeden, can\u0131 pahas\u0131na milli iradenin hakimiyeti ve demokrasinin idamesi i\u00e7in g\u00f6sterdi\u011fi kahramanl\u0131k, fedakarl\u0131k her t\u00fcrl\u00fc takdirin \u00fczerindedir. Her zaman sayg\u0131yla ve \u015f\u00fckranla an\u0131lacakt\u0131r. Bundan dolay\u0131 bir kez daha sizlerin \u015fahs\u0131nda asil milletimize sayg\u0131 ve \u015f\u00fckranlar\u0131m\u0131z\u0131 sunuyorum. &#8221;<\/p>\n<p><strong>&#8220;Hakimiyet milletindir d\u00fcsturu en temel anlay\u0131\u015f\u0131m\u0131zd\u0131r&#8221; <\/strong><\/p>\n<p>Orgeneral Akar, TSK&#8217;n\u0131n demokrasi ve hukukun \u00fcst\u00fcnl\u00fc\u011f\u00fcne ba\u011fl\u0131, sad\u0131k, ezici \u00e7o\u011funlu\u011funun devleti ve milletiyle birlikte hareket etme y\u00f6n\u00fcnde tak\u0131nd\u0131\u011f\u0131 tutumla b\u00fct\u00fcnle\u015ferek tarihsel niteli\u011fi olan ordu-millet kavram\u0131n\u0131n daha da g\u00fc\u00e7lenmesini sa\u011flad\u0131\u011f\u0131n\u0131 s\u00f6yledi.<\/p>\n<p>Gazi Mustafa Kemal Atat\u00fcrk&#8217;\u00fcn de i\u015faret etti\u011fi &#8220;hakimiyet milletindir&#8221; d\u00fcsturunun en temel anlay\u0131\u015flar\u0131 oldu\u011funu ve bu anlay\u0131\u015f\u0131n sonsuza dek s\u00fcrece\u011fini vurgulayan Akar, \u015funlar\u0131 kaydetti:<\/p>\n<p>&#8220;Milletimizin ba\u011fr\u0131ndan \u00e7\u0131kan &#8216;Bayrak, vatan, devlet ve milleti i\u00e7in \u00f6l\u00fcrsem \u015fehit, kal\u0131rsam gazi&#8230;&#8217; anlay\u0131\u015f\u0131yla ve bir ibadet feyziyle g\u00f6rev yapan T\u00fcrk Silahl\u0131 Kuvvetleri, t\u00fcm personeliyle demokratik hukuk sistemi i\u00e7erisinde devletimizin, y\u00fcce milletimizin emrinde ve g\u00f6revinin ba\u015f\u0131ndad\u0131r. Say\u0131n Cumhurba\u015fkan\u0131m bu duygu ve d\u00fc\u015f\u00fcncelerle bir kez daha sizlerin huzurunda T\u00fcrk Silahl\u0131 Kuvvetleri ve devletimizin ba\u015f\u0131na bela olan bu hain \u015febekenin giri\u015fiminin bast\u0131r\u0131lmas\u0131nda bilahare temizlenmesinde, ba\u015fta zat\u0131 alileri olmak \u00fczere canlar\u0131n\u0131 ortaya koyarak m\u00fccadele eden aziz milletimle yani sizlerle T\u00fcrk Silahl\u0131 Kuvvetlerinin ve emniyet te\u015fkilat\u0131m\u0131z\u0131n kahraman ve fedakar mensuplar\u0131 ve di\u011fer devlet kurumlar\u0131m\u0131za sonsuz sayg\u0131, \u015f\u00fckranlar\u0131m\u0131 sunuyorum. T\u00fcm \u015fehitlerimize Allah&#8217;tan rahmet yak\u0131nlar\u0131na ba\u015fsa\u011fl\u0131\u011f\u0131 ve sab\u0131r gazilerimize acil \u015fifalar diliyor en kalbi duygular\u0131mla sizleri ve sizlerin \u015fahs\u0131nda y\u00fcce T\u00fcrk milletini sayg\u0131yla, \u015f\u00fckranla, \u00f6v\u00fcn\u00e7le selaml\u0131yorum. Zafer hukukun \u00fcst\u00fcnl\u00fc\u011f\u00fcne, demokrasiye, asil milletimizin y\u00fcksek ve de\u011fer ve hedeflerine inananlar\u0131nd\u0131r. Asil milletimizin, yani sizlerin, yolu baht\u0131 a\u00e7\u0131k olsun.&#8221;<\/p>\n","protected":false},"excerpt":{"rendered":"<p>Genelkurmay Ba\u015fkan\u0131 Akar, &#8220;Bu rezaleti T\u00fcrkiye Cumhuriyeti Devleti&#8217;ne ve asil milletimize ya\u015fatan hainler en a\u011f\u0131r \u015fekilde cezaland\u0131r\u0131lacakt\u0131r.&#8221; dedi.<\/p>\n","protected":false},"author":1000097,"featured_media":644,"comment_status":"open","ping_status":"closed","sticky":false,"template":"","format":"standard","meta":[],"categories":[58],"tags":[],"_links":{"self":[{"href":"https:\/\/www.vizyon2023.com.tr\/index.php\/wp-json\/wp\/v2\/posts\/643"}],"collection":[{"href":"https:\/\/www.vizyon2023.com.tr\/index.php\/wp-json\/wp\/v2\/posts"}],"about":[{"href":"https:\/\/www.vizyon2023.com.tr\/index.php\/wp-json\/wp\/v2\/types\/post"}],"author":[{"embeddable":true,"href":"https:\/\/www.vizyon2023.com.tr\/index.php\/wp-json\/wp\/v2\/users\/1000097"}],"replies":[{"embeddable":true,"href":"https:\/\/www.vizyon2023.com.tr\/index.php\/wp-json\/wp\/v2\/comments?post=643"}],"version-history":[{"count":0,"href":"https:\/\/www.vizyon2023.com.tr\/index.php\/wp-json\/wp\/v2\/posts\/643\/revisions"}],"wp:featuredmedia":[{"embeddable":true,"href":"https:\/\/www.vizyon2023.com.tr\/index.php\/wp-json\/wp\/v2\/media\/644"}],"wp:attachment":[{"href":"https:\/\/www.vizyon2023.com.tr\/index.php\/wp-json\/wp\/v2\/media?parent=643"}],"wp:term":[{"taxonomy":"category","embeddable":true,"href":"https:\/\/www.vizyon2023.com.tr\/index.php\/wp-json\/wp\/v2\/categories?post=643"},{"taxonomy":"post_tag","embeddable":true,"href":"https:\/\/www.vizyon2023.com.tr\/index.php\/wp-json\/wp\/v2\/tags?post=643"}],"curies":[{"name":"wp","href":"https:\/\/api.w.org\/{rel}","templated":true}]}}