{"id":635,"date":"2016-08-05T19:41:23","date_gmt":"2016-08-05T16:41:23","guid":{"rendered":"http:\/\/vizyon2023.com.tr\/index.php\/2016\/08\/05\/demokrasi-ve-sehitler-mitingi-icin-hazirliklar-araliksiz-suruyor\/"},"modified":"2016-08-05T19:41:23","modified_gmt":"2016-08-05T16:41:23","slug":"demokrasi-ve-sehitler-mitingi-icin-hazirliklar-araliksiz-suruyor","status":"publish","type":"post","link":"https:\/\/www.vizyon2023.com.tr\/index.php\/2016\/08\/05\/demokrasi-ve-sehitler-mitingi-icin-hazirliklar-araliksiz-suruyor\/","title":{"rendered":"&#8216;Demokrasi ve \u015eehitler Mitingi&#8217; i\u00e7in haz\u0131rl\u0131klar aral\u0131ks\u0131z s\u00fcr\u00fcyor"},"content":{"rendered":"<p>Cumhurba\u015fkanl\u0131\u011f\u0131 himayesinde, \u0130stanbul Valili\u011fi ve \u0130stanbul B\u00fcy\u00fck\u015fehir Belediyesi deste\u011fiyle 7 A\u011fustos Pazar g\u00fcn\u00fc Yenikap\u0131 Miting Alan\u0131&#8217;nda d\u00fczenlenecek &#8220;Demokrasi ve \u015eehitler Mitingi&#8221; i\u00e7in haz\u0131rl\u0131klar aral\u0131ks\u0131z s\u00fcr\u00fcyor.<\/p>\n<p>Cumhurba\u015fkan\u0131 Recep Tayyip Erdo\u011fan, Ba\u015fbakan Binali Y\u0131ld\u0131r\u0131m, CHP Genel Ba\u015fkan\u0131 Kemal K\u0131l\u0131\u00e7daro\u011flu ve MHP Genel Ba\u015fkan\u0131 Devlet Bah\u00e7eli&#8217;nin birlikte kat\u0131laca\u011f\u0131 ilk miting olma \u00f6zelli\u011fine sahip &#8220;Demokrasi ve \u015eehitler Mitingi&#8221; i\u00e7in geri say\u0131m s\u00fcr\u00fcyor.<\/p>\n<p>Bu kapsamda, mitingin d\u00fczenlenece\u011fi Yenikap\u0131 Miting Alan\u0131&#8217;nda \u00e7al\u0131\u015fmalar h\u0131z kesmeden devam ediyor. Miting alan\u0131 3,5 milyon kat\u0131l\u0131mc\u0131ya hizmet verecek \u015fekilde haz\u0131rlan\u0131yor. Alan\u0131n de\u011fi\u015fik yerlerine T\u00fcrk bayraklar\u0131n\u0131n yan\u0131 s\u0131ra \u00fczerinde &#8220;Demokrasi ve \u015eehitler Mitingi&#8221; yazan flamalar as\u0131l\u0131yor.<\/p>\n<p>Konu\u015fmalar\u0131n yap\u0131laca\u011f\u0131 60 metre geni\u015fli\u011finde, 16 metre y\u00fcksekli\u011finde sahnenin b\u00fcy\u00fck oranda kuruldu\u011fu g\u00f6r\u00fcl\u00fcyor. Sahnenin \u00fczerinde T\u00fcrk bayra\u011f\u0131 ile kenarlar\u0131na, \u00fczerinde Cumhurba\u015fkanl\u0131\u011f\u0131 forsunun hemen alt\u0131nda &#8220;Zafer demokrasinin meydan milletindir&#8221; yaz\u0131s\u0131 bulunan dev pankart as\u0131l\u0131 bulunuyor.<\/p>\n<p>Alan\u0131n \u00e7evresi g\u00fcvenlik amac\u0131yla polis barikatlar\u0131yla \u00e7evrilip, ses sistemleri kuruluyor. Meydan\u0131n de\u011fi\u015fik yerlerine sa\u011fl\u0131k ve ihtiya\u00e7 alan\u0131nda hizmet verecek \u00e7ad\u0131rlar yerle\u015ftiriliyor. Meydana geli\u015f ve giri\u015f \u00e7\u0131k\u0131\u015flar\u0131n g\u00fcvenli ve sorunsuz \u015fekilde yap\u0131lmas\u0131 i\u00e7in de haz\u0131rl\u0131klar devam ediyor.<\/p>\n<p><strong>Di\u011fer haz\u0131rl\u0131klar<\/strong><\/p>\n<p>Mitinge, Anadolu ve Avrupa yakas\u0131ndan otob\u00fcslerle ula\u015f\u0131labilecek. Farkl\u0131 noktalardan miting alan\u0131na ring seferleri yap\u0131lacak. Engelli vatanda\u015flar i\u00e7in 50 adet otob\u00fcs tahsis edilirken, engelli ara\u00e7lar\u0131 i\u00e7in ara\u00e7 say\u0131s\u0131 kadar engelli tabelas\u0131 haz\u0131rland\u0131.<\/p>\n<p>Kazl\u0131\u00e7e\u015fme, otob\u00fcsler i\u00e7in park alan\u0131 olarak belirlendi. Otob\u00fcslerle gelen kat\u0131l\u0131mc\u0131lar Kazl\u0131\u00e7e\u015fme\u2019den Yenikap\u0131 Miting Alan\u0131&#8217;na y\u00fcr\u00fcyerek gidecek. Ya\u015fl\u0131 ve \u00e7ocuklar i\u00e7in ise Kazl\u0131\u00e7e\u015fme-Yenikap\u0131 aras\u0131nda 20 adet otob\u00fcs ring seferleri yapacak. Yol boyunca su istasyonlar\u0131 ve ikram alanlar\u0131 kurulacak.<\/p>\n<p>Deniz yoluyla miting alan\u0131na ula\u015f\u0131m, kiralanan 200 adet vapur, tekne gibi deniz ta\u015f\u0131t\u0131 ile olacak. Ayr\u0131ca kiralanan 50 adet deniz arac\u0131 da ring seferleri yapacak. Deniz yoluyla 12 noktadan ula\u015f\u0131m sa\u011flanacak. Silivri, Bak\u0131rk\u00f6y, Yenikap\u0131, Sirkeci, Ey\u00fcp, S\u00fctl\u00fcce, Hali\u00e7 Kongre Merkezi, Beykoz, \u00dcsk\u00fcdar, Kad\u0131k\u00f6y, Pendik ve Adalar iskelelerinden deniz ara\u00e7lar\u0131 hareket edecek.<\/p>\n<p>Anadolu ve Avrupa yakalar\u0131 i\u00e7in miting alan\u0131na otob\u00fcslerle ve deniz yolu ile toplu ula\u015f\u0131m\u0131n yan\u0131 s\u0131ra metrob\u00fcs, Marmaray ve metro hatlar\u0131 kullan\u0131labilecek. Alana gitmek isteyen kat\u0131l\u0131mc\u0131lar i\u00e7in aktarma noktalar\u0131, ana istasyonlar ve miting alan\u0131na yak\u0131n metro duraklar\u0131ndan ring seferleri de yap\u0131lacak.<\/p>\n<p>Miting dolay\u0131s\u0131yla \u0130stanbul\u2019da t\u00fcm toplu ula\u015f\u0131m ara\u00e7lar\u0131 \u00fccretsiz hizmet verecek.<\/p>\n<p>Yenikap\u0131 Miting Alan\u0131&#8217;nda karayolu ile gelenler i\u00e7in Kazl\u0131\u00e7e\u015fme giri\u015fi y\u00f6n\u00fcnde, Marmaray&#8217;la gelenler i\u00e7in Marmaray y\u00f6n\u00fcnde, deniz yolu ile gelenler i\u00e7in deniz taraf\u0131ndan olmak \u00fczere 3 ana giri\u015f kap\u0131s\u0131 olacak.<\/p>\n<p>Protokol giri\u015fleri i\u00e7in bir, bas\u0131n i\u00e7in bir ve engelli vatanda\u015flar i\u00e7in bir nokta belirlendi.<\/p>\n<p>Miting nedeniyle 7 A\u011fustos Pazar g\u00fcn\u00fc 06.00-00.00 aras\u0131nda Bak\u0131rk\u00f6y Aksu Caddesi (Ta\u015fhan Kav\u015fa\u011f\u0131) ve Fatih \u0130l\u00e7esi Aksakal Caddesi aras\u0131nda kalan sahil yolu ge\u00e7ici olarak trafi\u011fe kapat\u0131lacak.<\/p>\n","protected":false},"excerpt":{"rendered":"<p>Cumhurba\u015fkan\u0131 Erdo\u011fan, Ba\u015fbakan Y\u0131ld\u0131r\u0131m, CHP Genel Ba\u015fkan\u0131 K\u0131l\u0131\u00e7daro\u011flu ve MHP Genel Ba\u015fkan\u0131 Bah\u00e7eli&#8217;nin birlikte kat\u0131laca\u011f\u0131 Yenikap\u0131 Miting Alan\u0131&#8217;nda haz\u0131rl\u0131klar s\u00fcr\u00fcyor.<\/p>\n","protected":false},"author":1000097,"featured_media":636,"comment_status":"open","ping_status":"closed","sticky":false,"template":"","format":"standard","meta":[],"categories":[58],"tags":[],"_links":{"self":[{"href":"https:\/\/www.vizyon2023.com.tr\/index.php\/wp-json\/wp\/v2\/posts\/635"}],"collection":[{"href":"https:\/\/www.vizyon2023.com.tr\/index.php\/wp-json\/wp\/v2\/posts"}],"about":[{"href":"https:\/\/www.vizyon2023.com.tr\/index.php\/wp-json\/wp\/v2\/types\/post"}],"author":[{"embeddable":true,"href":"https:\/\/www.vizyon2023.com.tr\/index.php\/wp-json\/wp\/v2\/users\/1000097"}],"replies":[{"embeddable":true,"href":"https:\/\/www.vizyon2023.com.tr\/index.php\/wp-json\/wp\/v2\/comments?post=635"}],"version-history":[{"count":0,"href":"https:\/\/www.vizyon2023.com.tr\/index.php\/wp-json\/wp\/v2\/posts\/635\/revisions"}],"wp:featuredmedia":[{"embeddable":true,"href":"https:\/\/www.vizyon2023.com.tr\/index.php\/wp-json\/wp\/v2\/media\/636"}],"wp:attachment":[{"href":"https:\/\/www.vizyon2023.com.tr\/index.php\/wp-json\/wp\/v2\/media?parent=635"}],"wp:term":[{"taxonomy":"category","embeddable":true,"href":"https:\/\/www.vizyon2023.com.tr\/index.php\/wp-json\/wp\/v2\/categories?post=635"},{"taxonomy":"post_tag","embeddable":true,"href":"https:\/\/www.vizyon2023.com.tr\/index.php\/wp-json\/wp\/v2\/tags?post=635"}],"curies":[{"name":"wp","href":"https:\/\/api.w.org\/{rel}","templated":true}]}}