{"id":614,"date":"2016-07-27T17:28:52","date_gmt":"2016-07-27T14:28:52","guid":{"rendered":"http:\/\/vizyon2023.com.tr\/index.php\/2016\/07\/27\/darbeyi-ureten-butun-unsurlar-ortadan-kaldirilacak\/"},"modified":"2016-07-27T17:28:52","modified_gmt":"2016-07-27T14:28:52","slug":"darbeyi-ureten-butun-unsurlar-ortadan-kaldirilacak","status":"publish","type":"post","link":"https:\/\/www.vizyon2023.com.tr\/index.php\/2016\/07\/27\/darbeyi-ureten-butun-unsurlar-ortadan-kaldirilacak\/","title":{"rendered":"&#8216;Darbeyi \u00fcreten b\u00fct\u00fcn unsurlar ortadan kald\u0131r\u0131lacak&#8217;"},"content":{"rendered":"<p>Ba\u015fbakan Yard\u0131mc\u0131s\u0131 Numan Kurtulmu\u015f, FET\u00d6\u2019n\u00fcn darbe giri\u015fimi sonras\u0131nda T\u00fcrkiye\u2019deki demokrasi n\u00f6betlerine destek vermek i\u00e7in gelen Kosova Kamu Y\u00f6netimi Bakan\u0131 ve Kosova Demokratik T\u00fcrk Partisi Genel Ba\u015fkan\u0131 Mahir Ya\u011fc\u0131lar\u2019\u0131, \u00c7ankaya K\u00f6\u015fk\u00fc\u2019nde kabul etti.<\/p>\n","protected":false},"excerpt":{"rendered":"<p>Kurtulmu\u015f, &#8220;Darbeyi \u00fcreten b\u00fct\u00fcn unsurlar ortadan kald\u0131r\u0131lacak. T\u00fcrkiye\u2019de silahl\u0131 g\u00fcc\u00fcn tek bir elde toplanmas\u0131n\u0131n \u00f6n\u00fcne ge\u00e7ilecektir.&#8221; dedi.<\/p>\n","protected":false},"author":1000097,"featured_media":615,"comment_status":"open","ping_status":"closed","sticky":false,"template":"","format":"standard","meta":[],"categories":[58],"tags":[],"_links":{"self":[{"href":"https:\/\/www.vizyon2023.com.tr\/index.php\/wp-json\/wp\/v2\/posts\/614"}],"collection":[{"href":"https:\/\/www.vizyon2023.com.tr\/index.php\/wp-json\/wp\/v2\/posts"}],"about":[{"href":"https:\/\/www.vizyon2023.com.tr\/index.php\/wp-json\/wp\/v2\/types\/post"}],"author":[{"embeddable":true,"href":"https:\/\/www.vizyon2023.com.tr\/index.php\/wp-json\/wp\/v2\/users\/1000097"}],"replies":[{"embeddable":true,"href":"https:\/\/www.vizyon2023.com.tr\/index.php\/wp-json\/wp\/v2\/comments?post=614"}],"version-history":[{"count":0,"href":"https:\/\/www.vizyon2023.com.tr\/index.php\/wp-json\/wp\/v2\/posts\/614\/revisions"}],"wp:featuredmedia":[{"embeddable":true,"href":"https:\/\/www.vizyon2023.com.tr\/index.php\/wp-json\/wp\/v2\/media\/615"}],"wp:attachment":[{"href":"https:\/\/www.vizyon2023.com.tr\/index.php\/wp-json\/wp\/v2\/media?parent=614"}],"wp:term":[{"taxonomy":"category","embeddable":true,"href":"https:\/\/www.vizyon2023.com.tr\/index.php\/wp-json\/wp\/v2\/categories?post=614"},{"taxonomy":"post_tag","embeddable":true,"href":"https:\/\/www.vizyon2023.com.tr\/index.php\/wp-json\/wp\/v2\/tags?post=614"}],"curies":[{"name":"wp","href":"https:\/\/api.w.org\/{rel}","templated":true}]}}