{"id":608,"date":"2016-07-22T19:20:59","date_gmt":"2016-07-22T16:20:59","guid":{"rendered":"http:\/\/vizyon2023.com.tr\/index.php\/2016\/07\/22\/imanli-yureginizle-onlari-puskurttunuz\/"},"modified":"2016-07-22T19:20:59","modified_gmt":"2016-07-22T16:20:59","slug":"imanli-yureginizle-onlari-puskurttunuz","status":"publish","type":"post","link":"https:\/\/www.vizyon2023.com.tr\/index.php\/2016\/07\/22\/imanli-yureginizle-onlari-puskurttunuz\/","title":{"rendered":"&#8216;\u0130manl\u0131 y\u00fcre\u011finizle onlar\u0131 p\u00fcsk\u00fcrtt\u00fcn\u00fcz&#8217;"},"content":{"rendered":"<p>Cumhurba\u015fkan\u0131 Recep Tayyip Erdo\u011fan, cuma namaz\u0131n\u0131n ard\u0131ndan vatanda\u015flara seslenerek, &#8220;Size kar\u015f\u0131 u\u00e7aklar\u0131 havaland\u0131rd\u0131lar, tanklar\u0131 y\u00fcr\u00fctt\u00fcler, helikopterleri u\u00e7urdular fakat sizler halk\u0131n g\u00fcc\u00fc olarak b\u00fct\u00fcn bu teknolojik imkanlar\u0131, bu teknolojik g\u00fcc\u00fc durdurdunuz&#8221; dedi.<\/p>\n","protected":false},"excerpt":{"rendered":"<p>FET\u00d6 darbe giri\u015fiminin ard\u0131ndan ilk cuma namaz\u0131n\u0131, darbecilerin u\u00e7aklarla bombalad\u0131\u011f\u0131 Be\u015ftepe Millet Camisi&#8217;nde k\u0131lan Cumhurba\u015fkan\u0131 Erdo\u011fan, halka seslendi.<\/p>\n","protected":false},"author":1000097,"featured_media":609,"comment_status":"open","ping_status":"closed","sticky":false,"template":"","format":"standard","meta":[],"categories":[58],"tags":[],"_links":{"self":[{"href":"https:\/\/www.vizyon2023.com.tr\/index.php\/wp-json\/wp\/v2\/posts\/608"}],"collection":[{"href":"https:\/\/www.vizyon2023.com.tr\/index.php\/wp-json\/wp\/v2\/posts"}],"about":[{"href":"https:\/\/www.vizyon2023.com.tr\/index.php\/wp-json\/wp\/v2\/types\/post"}],"author":[{"embeddable":true,"href":"https:\/\/www.vizyon2023.com.tr\/index.php\/wp-json\/wp\/v2\/users\/1000097"}],"replies":[{"embeddable":true,"href":"https:\/\/www.vizyon2023.com.tr\/index.php\/wp-json\/wp\/v2\/comments?post=608"}],"version-history":[{"count":0,"href":"https:\/\/www.vizyon2023.com.tr\/index.php\/wp-json\/wp\/v2\/posts\/608\/revisions"}],"wp:featuredmedia":[{"embeddable":true,"href":"https:\/\/www.vizyon2023.com.tr\/index.php\/wp-json\/wp\/v2\/media\/609"}],"wp:attachment":[{"href":"https:\/\/www.vizyon2023.com.tr\/index.php\/wp-json\/wp\/v2\/media?parent=608"}],"wp:term":[{"taxonomy":"category","embeddable":true,"href":"https:\/\/www.vizyon2023.com.tr\/index.php\/wp-json\/wp\/v2\/categories?post=608"},{"taxonomy":"post_tag","embeddable":true,"href":"https:\/\/www.vizyon2023.com.tr\/index.php\/wp-json\/wp\/v2\/tags?post=608"}],"curies":[{"name":"wp","href":"https:\/\/api.w.org\/{rel}","templated":true}]}}