{"id":606,"date":"2016-07-22T19:20:43","date_gmt":"2016-07-22T16:20:43","guid":{"rendered":"http:\/\/vizyon2023.com.tr\/index.php\/2016\/07\/22\/diyanet-isleri-baskanindan-birlik-ve-beraberlik-hutbesi\/"},"modified":"2016-07-22T19:20:43","modified_gmt":"2016-07-22T16:20:43","slug":"diyanet-isleri-baskanindan-birlik-ve-beraberlik-hutbesi","status":"publish","type":"post","link":"https:\/\/www.vizyon2023.com.tr\/index.php\/2016\/07\/22\/diyanet-isleri-baskanindan-birlik-ve-beraberlik-hutbesi\/","title":{"rendered":"Diyanet \u0130\u015fleri Ba\u015fkan\u0131&#8217;ndan &#8216;birlik ve beraberlik&#8217; hutbesi"},"content":{"rendered":"<p>Diyanet \u0130\u015fleri Ba\u015fkan\u0131 Prof. Dr. Mehmet G\u00f6rmez, Kocatepe Camisi&#8217;nde, &#8220;G\u00fcn, millet\u00e7e kenetlenme ve gelece\u011fimizi in\u015fa etme g\u00fcn\u00fcd\u00fcr&#8221; ba\u015fl\u0131kl\u0131 cuma hutbesini okudu.<\/p>\n<p>15 Temmuz gecesi millet olarak tarihin en zor, en uzun ve karanl\u0131k gecelerinden birinin ya\u015fand\u0131\u011f\u0131na vurgu yapan G\u00f6rmez, &#8220;Y\u00fcce Rabbimiz, b\u00fct\u00fcn unsurlar\u0131yla milletimize kenetlenmeyi nasip etti ve milletimiz emanetine sahip \u00e7\u0131kt\u0131. Hi\u00e7 ku\u015fkusuz millet olarak sahip oldu\u011fumuz bu birlik, beraberlik ve karde\u015flik ruhu en b\u00fcy\u00fck nimetlerden biridir, hamdolsun. Bu b\u00fcy\u00fck nimet sayesinde ate\u015f \u00e7ukuruna yuvarlanmaktan ve karanl\u0131\u011fa g\u00f6m\u00fclmekten kurtulduk.&#8221; ifadesini kulland\u0131.<\/p>\n<p><strong>&#8220;D\u00fcnya menfaati i\u00e7in dinimizden ge\u00e7emeyiz&#8221;<\/strong><\/p>\n<p>\u015eerefli milleti sindirmeyi, itibar\u0131n\u0131 zedelemeyi hedefleyenlerin rezil ve zelil olmaya mahkum olaca\u011f\u0131n\u0131 dile getiren G\u00f6rmez, s\u00f6zlerini \u015f\u00f6yle s\u00fcrd\u00fcrd\u00fc:<\/p>\n<p>&#8220;Kim mazlumun, ma\u011fdurun, muhacirin yan\u0131ndaysa Cenab-\u0131 Hakk\u2019\u0131n kudret, rahmet ve inayeti de onun yan\u0131ndad\u0131r. Allah\u2019a sonsuz hamdolsun ki, bu topraklar as\u0131rlard\u0131r M\u00fcsl\u00fcman yurdudur. Bu dinin, tek bir harfi bile de\u011fi\u015fmeyen bir kitab\u0131 vard\u0131r. Bu dinin, en g\u00fczel \u00f6rnek olma vasf\u0131na sahip bir peygamberi vard\u0131r. Allah\u2019\u0131n bize verdi\u011fi bir ak\u0131l, bir kalp vard\u0131r. Bizim de\u011fi\u015fmez de\u011ferlerimiz, 14 as\u0131rl\u0131k engin bir tecr\u00fcbemiz vard\u0131r. Hi\u00e7birimiz M\u00fcsl\u00fcman olarak b\u00fct\u00fcn bunlar\u0131 bir tarafa b\u0131rakamay\u0131z. Akl\u0131m\u0131z\u0131, idrakimizi, vicdan\u0131m\u0131z\u0131 bir ki\u015fiye ya da gruba teslim edemeyiz. D\u00fcnya menfaati i\u00e7in dinimizden ge\u00e7emeyiz.&#8221;<\/p>\n<p><strong>&#8220;G\u00fcn, millet\u00e7e kenetlenme ve gelece\u011fimizi in\u015fa etme g\u00fcn\u00fcd\u00fcr&#8221;<\/strong><\/p>\n<p>Gelecek g\u00fcnlerin daha \u00e7ok vefa g\u00f6sterilen, farkl\u0131l\u0131klara ra\u011fmen sevebilmenin s\u0131nand\u0131\u011f\u0131 g\u00fcnler olaca\u011f\u0131na dikkati \u00e7eken G\u00f6rmez, &#8220;Gev\u015femeyelim, sinsi fitnecilerin vesveselerine kulak asmayal\u0131m. Y\u0131lmayal\u0131m, haset\u00e7i m\u00fcnaf\u0131klar\u0131n tuzaklar\u0131na d\u00fc\u015fmeyelim. Vazge\u00e7meyelim, &#8216;bana ne&#8217; demeyelim, bahanelere s\u0131\u011f\u0131nmayal\u0131m. Var oldu\u011fumuz her yerde, nefesimizin yeti\u015fti\u011fi her anda, \u0130slam\u2019\u0131n nezaketini, iman\u0131n \u015fefkatini, adanm\u0131\u015fl\u0131\u011f\u0131n cesaretini aya\u011fa kald\u0131ral\u0131m.&#8221; mesaj\u0131n\u0131 verdi.<\/p>\n<p>G\u00f6rmez, &#8220;G\u00fcn, millet\u00e7e kenetlenme ve gelece\u011fimizi in\u015fa etme g\u00fcn\u00fcd\u00fcr. G\u00fcn \u015fer ve k\u00f6t\u00fcl\u00fck odaklar\u0131na kar\u015f\u0131 teyakkuz g\u00fcn\u00fcd\u00fcr. G\u00fcn dostlara vefa g\u00fcn\u00fcd\u00fcr. G\u00fcn Rabbimize d\u00f6n\u00fc\u015f g\u00fcn\u00fcd\u00fcr. G\u00fcn bizi hi\u00e7 yoktan var eden Rabbimize \u015f\u00fckr\u00fcm\u00fcz\u00fc nefes nefes canland\u0131rma g\u00fcn\u00fcd\u00fcr.&#8221; dedi.<\/p>\n","protected":false},"excerpt":{"rendered":"<p>Diyanet i\u015fleri Ba\u015fkan\u0131 G\u00f6rmez, &#8220;G\u00fcn, millet\u00e7e kenetlenme ve gelece\u011fimizi in\u015fa etme g\u00fcn\u00fcd\u00fcr. G\u00fcn \u015fer ve k\u00f6t\u00fcl\u00fck odaklar\u0131na kar\u015f\u0131 teyakkuz g\u00fcn\u00fcd\u00fcr.&#8221; dedi.<\/p>\n","protected":false},"author":1000097,"featured_media":607,"comment_status":"open","ping_status":"closed","sticky":false,"template":"","format":"standard","meta":[],"categories":[58],"tags":[],"_links":{"self":[{"href":"https:\/\/www.vizyon2023.com.tr\/index.php\/wp-json\/wp\/v2\/posts\/606"}],"collection":[{"href":"https:\/\/www.vizyon2023.com.tr\/index.php\/wp-json\/wp\/v2\/posts"}],"about":[{"href":"https:\/\/www.vizyon2023.com.tr\/index.php\/wp-json\/wp\/v2\/types\/post"}],"author":[{"embeddable":true,"href":"https:\/\/www.vizyon2023.com.tr\/index.php\/wp-json\/wp\/v2\/users\/1000097"}],"replies":[{"embeddable":true,"href":"https:\/\/www.vizyon2023.com.tr\/index.php\/wp-json\/wp\/v2\/comments?post=606"}],"version-history":[{"count":0,"href":"https:\/\/www.vizyon2023.com.tr\/index.php\/wp-json\/wp\/v2\/posts\/606\/revisions"}],"wp:featuredmedia":[{"embeddable":true,"href":"https:\/\/www.vizyon2023.com.tr\/index.php\/wp-json\/wp\/v2\/media\/607"}],"wp:attachment":[{"href":"https:\/\/www.vizyon2023.com.tr\/index.php\/wp-json\/wp\/v2\/media?parent=606"}],"wp:term":[{"taxonomy":"category","embeddable":true,"href":"https:\/\/www.vizyon2023.com.tr\/index.php\/wp-json\/wp\/v2\/categories?post=606"},{"taxonomy":"post_tag","embeddable":true,"href":"https:\/\/www.vizyon2023.com.tr\/index.php\/wp-json\/wp\/v2\/tags?post=606"}],"curies":[{"name":"wp","href":"https:\/\/api.w.org\/{rel}","templated":true}]}}