{"id":552,"date":"2016-06-11T19:30:10","date_gmt":"2016-06-11T16:30:10","guid":{"rendered":"http:\/\/vizyon2023.com.tr\/index.php\/2016\/06\/11\/cumhurbaskani-erdogan-turkiyeye-dondu\/"},"modified":"2016-06-11T19:30:10","modified_gmt":"2016-06-11T16:30:10","slug":"cumhurbaskani-erdogan-turkiyeye-dondu","status":"publish","type":"post","link":"https:\/\/www.vizyon2023.com.tr\/index.php\/2016\/06\/11\/cumhurbaskani-erdogan-turkiyeye-dondu\/","title":{"rendered":"Cumhurba\u015fkan\u0131 Erdo\u011fan, T\u00fcrkiye&#8217;ye d\u00f6nd\u00fc"},"content":{"rendered":"<p>Efsanevi boks\u00f6r ve insan haklar\u0131 savunucusu Muhammed Ali&#8217;nin cenaze t\u00f6renine kat\u0131lmak i\u00e7in ABD&#8217;ye giden Cumhurba\u015fkan\u0131 Recep Tayyip Erdo\u011fan, \u00f6zel u\u00e7ak &#8220;TUR&#8221; ile saat 17.10&#8217;da T\u00fcrkiye&#8217;ye d\u00f6nd\u00fc.<\/p>\n","protected":false},"excerpt":{"rendered":"<p>Efsanevi boks\u00f6r ve insan haklar\u0131 savunucusu Muhammed Ali&#8217;nin cenaze t\u00f6renine kat\u0131lmak i\u00e7in ABD&#8217;ye giden Cumhurba\u015fkan\u0131 Recep Tayyip Erdo\u011fan, T\u00fcrkiye&#8217;ye d\u00f6nd\u00fc.<\/p>\n","protected":false},"author":1000097,"featured_media":553,"comment_status":"open","ping_status":"closed","sticky":false,"template":"","format":"standard","meta":[],"categories":[58],"tags":[],"_links":{"self":[{"href":"https:\/\/www.vizyon2023.com.tr\/index.php\/wp-json\/wp\/v2\/posts\/552"}],"collection":[{"href":"https:\/\/www.vizyon2023.com.tr\/index.php\/wp-json\/wp\/v2\/posts"}],"about":[{"href":"https:\/\/www.vizyon2023.com.tr\/index.php\/wp-json\/wp\/v2\/types\/post"}],"author":[{"embeddable":true,"href":"https:\/\/www.vizyon2023.com.tr\/index.php\/wp-json\/wp\/v2\/users\/1000097"}],"replies":[{"embeddable":true,"href":"https:\/\/www.vizyon2023.com.tr\/index.php\/wp-json\/wp\/v2\/comments?post=552"}],"version-history":[{"count":0,"href":"https:\/\/www.vizyon2023.com.tr\/index.php\/wp-json\/wp\/v2\/posts\/552\/revisions"}],"wp:featuredmedia":[{"embeddable":true,"href":"https:\/\/www.vizyon2023.com.tr\/index.php\/wp-json\/wp\/v2\/media\/553"}],"wp:attachment":[{"href":"https:\/\/www.vizyon2023.com.tr\/index.php\/wp-json\/wp\/v2\/media?parent=552"}],"wp:term":[{"taxonomy":"category","embeddable":true,"href":"https:\/\/www.vizyon2023.com.tr\/index.php\/wp-json\/wp\/v2\/categories?post=552"},{"taxonomy":"post_tag","embeddable":true,"href":"https:\/\/www.vizyon2023.com.tr\/index.php\/wp-json\/wp\/v2\/tags?post=552"}],"curies":[{"name":"wp","href":"https:\/\/api.w.org\/{rel}","templated":true}]}}