{"id":538,"date":"2016-06-09T15:06:10","date_gmt":"2016-06-09T12:06:10","guid":{"rendered":"http:\/\/vizyon2023.com.tr\/index.php\/2016\/06\/09\/cumhurbaskani-erdoganin-abd-ziyareti\/"},"modified":"2016-06-09T15:06:10","modified_gmt":"2016-06-09T12:06:10","slug":"cumhurbaskani-erdoganin-abd-ziyareti","status":"publish","type":"post","link":"https:\/\/www.vizyon2023.com.tr\/index.php\/2016\/06\/09\/cumhurbaskani-erdoganin-abd-ziyareti\/","title":{"rendered":"Cumhurba\u015fkan\u0131 Erdo\u011fan&#8217;\u0131n ABD ziyareti"},"content":{"rendered":"<p>ABD&#8217;li M\u00fcsl\u00fcman boks\u00f6r Muhammed Ali&#8217;nin cenaze t\u00f6reni i\u00e7in ABD&#8217;ye gidecek olan Cumhurba\u015fkan\u0131 Erdo\u011fan&#8217;\u0131n, ABD&#8217;ye yerle\u015fen Ah\u0131ska T\u00fcrklerinin verece\u011fi iftara da kat\u0131lmas\u0131 bekleniyor.<\/p>\n<p>Cumhurba\u015fkanl\u0131\u011f\u0131ndan edinilen bilgiye g\u00f6re, Erdo\u011fan, efsane boks\u00f6r Muhammed Ali&#8217;nin cenazesine kat\u0131lmak \u00fczere 9-11 Haziran&#8217;da ABD&#8217;nin Kentucky eyaletindeki Louisville \u015fehrini ziyaret edecek.<\/p>\n<p>Per\u015fembe g\u00fcn\u00fc Muhammed Ali&#8217;nin cenaze namaz\u0131na kat\u0131lacak olan Erdo\u011fan, \u00fcnl\u00fc boks\u00f6r i\u00e7in cuma g\u00fcn\u00fc d\u00fczenlenmesi planlanan anma ve u\u011furlama t\u00f6reninde de yer alacak.<\/p>\n<p>Cumhurba\u015fkan\u0131 Erdo\u011fan&#8217;\u0131n yak\u0131n ge\u00e7mi\u015fte ABD&#8217;ye yerle\u015fen Ah\u0131ska T\u00fcrklerinin Louisville kentinde per\u015fembe ak\u015fam\u0131 verecekleri bir iftara da kat\u0131lmas\u0131 bekleniyor.<\/p>\n","protected":false},"excerpt":{"rendered":"<p>Boksun efsanevi ismi Muhammed Ali\u2019nin cenaze t\u00f6reni i\u00e7in ABD\u2019ye gidecek olan Erdo\u011fan&#8217;\u0131n, Ah\u0131ska T\u00fcrklerinin iftar\u0131na da kat\u0131lmas\u0131 bekleniyor.<\/p>\n","protected":false},"author":1000097,"featured_media":539,"comment_status":"open","ping_status":"closed","sticky":false,"template":"","format":"standard","meta":[],"categories":[61],"tags":[],"_links":{"self":[{"href":"https:\/\/www.vizyon2023.com.tr\/index.php\/wp-json\/wp\/v2\/posts\/538"}],"collection":[{"href":"https:\/\/www.vizyon2023.com.tr\/index.php\/wp-json\/wp\/v2\/posts"}],"about":[{"href":"https:\/\/www.vizyon2023.com.tr\/index.php\/wp-json\/wp\/v2\/types\/post"}],"author":[{"embeddable":true,"href":"https:\/\/www.vizyon2023.com.tr\/index.php\/wp-json\/wp\/v2\/users\/1000097"}],"replies":[{"embeddable":true,"href":"https:\/\/www.vizyon2023.com.tr\/index.php\/wp-json\/wp\/v2\/comments?post=538"}],"version-history":[{"count":0,"href":"https:\/\/www.vizyon2023.com.tr\/index.php\/wp-json\/wp\/v2\/posts\/538\/revisions"}],"wp:featuredmedia":[{"embeddable":true,"href":"https:\/\/www.vizyon2023.com.tr\/index.php\/wp-json\/wp\/v2\/media\/539"}],"wp:attachment":[{"href":"https:\/\/www.vizyon2023.com.tr\/index.php\/wp-json\/wp\/v2\/media?parent=538"}],"wp:term":[{"taxonomy":"category","embeddable":true,"href":"https:\/\/www.vizyon2023.com.tr\/index.php\/wp-json\/wp\/v2\/categories?post=538"},{"taxonomy":"post_tag","embeddable":true,"href":"https:\/\/www.vizyon2023.com.tr\/index.php\/wp-json\/wp\/v2\/tags?post=538"}],"curies":[{"name":"wp","href":"https:\/\/api.w.org\/{rel}","templated":true}]}}