{"id":532,"date":"2016-06-09T10:13:40","date_gmt":"2016-06-09T07:13:40","guid":{"rendered":"http:\/\/vizyon2023.com.tr\/index.php\/2016\/06\/09\/saldirinin-sorumlusu-katil-pkkdir\/"},"modified":"2016-06-09T10:13:40","modified_gmt":"2016-06-09T07:13:40","slug":"saldirinin-sorumlusu-katil-pkkdir","status":"publish","type":"post","link":"https:\/\/www.vizyon2023.com.tr\/index.php\/2016\/06\/09\/saldirinin-sorumlusu-katil-pkkdir\/","title":{"rendered":"&#8216;Sald\u0131r\u0131n\u0131n sorumlusu katil PKK&#8217;d\u0131r&#8217;"},"content":{"rendered":"<p>Ba\u015fbakan Binali Y\u0131ld\u0131r\u0131m, Vezneciler&#8217;de ter\u00f6r sald\u0131r\u0131s\u0131n\u0131n ger\u00e7ekle\u015fti\u011fi yeri ziyaret etti.<\/p>\n<p><strong>V\u0130DEO \u0130\u00c7\u0130N TIKLAYINIZ&#8230;<\/strong><\/p>\n<p>Y\u0131ld\u0131r\u0131m, burada gazetecilere yapt\u0131\u011f\u0131 a\u00e7\u0131klamada, &#8220;Milletim \u015funu bilsin ki; T\u00fcrkiye Cumhuriyeti Devleti g\u00fc\u00e7l\u00fcd\u00fcr, T\u00fcrk milleti bir ve beraberdir. Asla ne milletimizi y\u0131ld\u0131rabilirler ne de bu b\u00fcy\u00fck devleti hi\u00e7bir \u015fekilde bu onurlu m\u00fccadeleden, bu istikbal m\u00fccadelesinden, istiklal m\u00fccadelesinden geri d\u00f6nd\u00fcrebilirler.&#8221; dedi.<\/p>\n<p>Ter\u00f6re kar\u015f\u0131 m\u00fccadelenin s\u00fcrece\u011fine i\u015faret eden Y\u0131ld\u0131r\u0131m, \u015f\u00f6yle konu\u015ftu:<\/p>\n<p>&#8220;Nerede olursa olsun, ister \u015fehirde ister k\u0131rsalda ter\u00f6r\u00fcn T\u00fcrkiye&#8217;nin g\u00fcndeminden \u00e7\u0131kmas\u0131 i\u00e7in canla ba\u015fla askerimiz, polisimiz, jandarmam\u0131z, korucumuz hatta vatanda\u015flar\u0131m\u0131z bir v\u00fccut olarak, bir ve beraber olarak gece g\u00fcnd\u00fcz bu amans\u0131z m\u00fccadeleyi yapaca\u011f\u0131z. Sadece ter\u00f6r gruplar\u0131na kar\u015f\u0131 de\u011fil onlar\u0131n i\u00e7eriden ve d\u0131\u015far\u0131dan arkalar\u0131n\u0131 s\u0131vazlayan, destek veren b\u00fct\u00fcn unsurlara da ayn\u0131 \u015fekilde tavizsiz gereken her \u015feyi yapaca\u011f\u0131z.&#8221;<\/p>\n<p><strong>&#8220;Midyat&#8217;ta 3 vefat\u0131m\u0131z var&#8221;<\/strong><\/p>\n<p>Mardin Midyat il\u00e7esinde emniyet m\u00fcd\u00fcrl\u00fc\u011f\u00fcne ter\u00f6r sald\u0131r\u0131s\u0131 ger\u00e7ekle\u015ftirildi\u011fini hat\u0131rlatan Y\u0131ld\u0131r\u0131m, \u015funlar\u0131 kaydetti:<\/p>\n<p>&#8220;Allah&#8217;tan al\u0131nan tedbirler, bariyerler vesilesiyle \u00e7ok \u00e7ok b\u00fcy\u00fck bir patlay\u0131c\u0131 olmas\u0131na ra\u011fmen, tabii yaralananlar oldu \u00e7ok say\u0131da. 30 civar\u0131nda yaral\u0131m\u0131z var. Maalesef \u015fu ana kadar teyit edilen \u015fekliyle 1 polis, 2 vatanda\u015f olmak \u00fczere 3 vefat\u0131m\u0131z var. Bununla ilgili de son durum budur.&#8221;<\/p>\n<p><strong>&#8220;Katil, PKK \u00f6rg\u00fct\u00fcd\u00fcr&#8221;<\/strong><\/p>\n<p>Y\u0131ld\u0131r\u0131m, gazetecilerin \u0130stanbul&#8217;daki ter\u00f6r sald\u0131r\u0131s\u0131nda \u00f6rg\u00fct\u00fcn belirlenip belirlenmedi\u011fine ili\u015fkin soru \u00fczerine, &#8220;PKK. Katil, PKK \u00f6rg\u00fct\u00fcd\u00fcr. Bu bizi \u015fa\u015f\u0131rtmad\u0131 ama yava\u015f yava\u015f \u00e7emberleri daral\u0131yor. Hem \u015fehirde, hem k\u0131rsalda \u00fczerilerine kararl\u0131l\u0131kla gitmeye devam edece\u011fiz.&#8221; dedi.<\/p>\n","protected":false},"excerpt":{"rendered":"<p>Ba\u015fbakan Y\u0131ld\u0131r\u0131m, Midyat&#8217;taki ter\u00f6r sald\u0131r\u0131s\u0131na ili\u015fkin a\u00e7\u0131klamalarda bulundu.<\/p>\n","protected":false},"author":1000097,"featured_media":533,"comment_status":"open","ping_status":"closed","sticky":false,"template":"","format":"standard","meta":[],"categories":[58],"tags":[],"_links":{"self":[{"href":"https:\/\/www.vizyon2023.com.tr\/index.php\/wp-json\/wp\/v2\/posts\/532"}],"collection":[{"href":"https:\/\/www.vizyon2023.com.tr\/index.php\/wp-json\/wp\/v2\/posts"}],"about":[{"href":"https:\/\/www.vizyon2023.com.tr\/index.php\/wp-json\/wp\/v2\/types\/post"}],"author":[{"embeddable":true,"href":"https:\/\/www.vizyon2023.com.tr\/index.php\/wp-json\/wp\/v2\/users\/1000097"}],"replies":[{"embeddable":true,"href":"https:\/\/www.vizyon2023.com.tr\/index.php\/wp-json\/wp\/v2\/comments?post=532"}],"version-history":[{"count":0,"href":"https:\/\/www.vizyon2023.com.tr\/index.php\/wp-json\/wp\/v2\/posts\/532\/revisions"}],"wp:featuredmedia":[{"embeddable":true,"href":"https:\/\/www.vizyon2023.com.tr\/index.php\/wp-json\/wp\/v2\/media\/533"}],"wp:attachment":[{"href":"https:\/\/www.vizyon2023.com.tr\/index.php\/wp-json\/wp\/v2\/media?parent=532"}],"wp:term":[{"taxonomy":"category","embeddable":true,"href":"https:\/\/www.vizyon2023.com.tr\/index.php\/wp-json\/wp\/v2\/categories?post=532"},{"taxonomy":"post_tag","embeddable":true,"href":"https:\/\/www.vizyon2023.com.tr\/index.php\/wp-json\/wp\/v2\/tags?post=532"}],"curies":[{"name":"wp","href":"https:\/\/api.w.org\/{rel}","templated":true}]}}