{"id":511,"date":"2016-06-08T10:14:49","date_gmt":"2016-06-08T07:14:49","guid":{"rendered":"http:\/\/vizyon2023.com.tr\/index.php\/2016\/06\/08\/veznecilerdeki-asirlik-camilerde-hasar-olustu\/"},"modified":"2016-06-08T10:14:49","modified_gmt":"2016-06-08T07:14:49","slug":"veznecilerdeki-asirlik-camilerde-hasar-olustu","status":"publish","type":"post","link":"https:\/\/www.vizyon2023.com.tr\/index.php\/2016\/06\/08\/veznecilerdeki-asirlik-camilerde-hasar-olustu\/","title":{"rendered":"Vezneciler&#8217;deki as\u0131rl\u0131k camilerde hasar olu\u015ftu"},"content":{"rendered":"<p>Fatih Vezneciler&#8217;deki ter\u00f6r sald\u0131r\u0131s\u0131 nedeniyle \u015eehzade ve Damat \u0130brahim Pa\u015fa camilerinde hasar meydana geldi.<\/p>\n","protected":false},"excerpt":{"rendered":"<p>Fatih Vezneciler&#8217;deki ter\u00f6r sald\u0131r\u0131s\u0131 nedeniyle \u015eehzade ve Damat \u0130brahim Pa\u015fa camilerinde hasar meydana geldi.<\/p>\n","protected":false},"author":1000097,"featured_media":512,"comment_status":"open","ping_status":"closed","sticky":false,"template":"","format":"standard","meta":[],"categories":[58],"tags":[],"_links":{"self":[{"href":"https:\/\/www.vizyon2023.com.tr\/index.php\/wp-json\/wp\/v2\/posts\/511"}],"collection":[{"href":"https:\/\/www.vizyon2023.com.tr\/index.php\/wp-json\/wp\/v2\/posts"}],"about":[{"href":"https:\/\/www.vizyon2023.com.tr\/index.php\/wp-json\/wp\/v2\/types\/post"}],"author":[{"embeddable":true,"href":"https:\/\/www.vizyon2023.com.tr\/index.php\/wp-json\/wp\/v2\/users\/1000097"}],"replies":[{"embeddable":true,"href":"https:\/\/www.vizyon2023.com.tr\/index.php\/wp-json\/wp\/v2\/comments?post=511"}],"version-history":[{"count":0,"href":"https:\/\/www.vizyon2023.com.tr\/index.php\/wp-json\/wp\/v2\/posts\/511\/revisions"}],"wp:featuredmedia":[{"embeddable":true,"href":"https:\/\/www.vizyon2023.com.tr\/index.php\/wp-json\/wp\/v2\/media\/512"}],"wp:attachment":[{"href":"https:\/\/www.vizyon2023.com.tr\/index.php\/wp-json\/wp\/v2\/media?parent=511"}],"wp:term":[{"taxonomy":"category","embeddable":true,"href":"https:\/\/www.vizyon2023.com.tr\/index.php\/wp-json\/wp\/v2\/categories?post=511"},{"taxonomy":"post_tag","embeddable":true,"href":"https:\/\/www.vizyon2023.com.tr\/index.php\/wp-json\/wp\/v2\/tags?post=511"}],"curies":[{"name":"wp","href":"https:\/\/api.w.org\/{rel}","templated":true}]}}