{"id":507,"date":"2016-06-08T10:12:04","date_gmt":"2016-06-08T07:12:04","guid":{"rendered":"http:\/\/vizyon2023.com.tr\/index.php\/2016\/06\/08\/turkiye-cok-yonlu-ve-karmasik-bir-teror-saldirisiyla-karsi-karsiya\/"},"modified":"2016-06-08T10:12:04","modified_gmt":"2016-06-08T07:12:04","slug":"turkiye-cok-yonlu-ve-karmasik-bir-teror-saldirisiyla-karsi-karsiya","status":"publish","type":"post","link":"https:\/\/www.vizyon2023.com.tr\/index.php\/2016\/06\/08\/turkiye-cok-yonlu-ve-karmasik-bir-teror-saldirisiyla-karsi-karsiya\/","title":{"rendered":"&#8216;T\u00fcrkiye \u00e7ok y\u00f6nl\u00fc ve karma\u015f\u0131k bir ter\u00f6r sald\u0131r\u0131s\u0131yla kar\u015f\u0131 kar\u015f\u0131ya&#8217;"},"content":{"rendered":"<p>Avrupa Birli\u011fi Bakan\u0131 ve Ba\u015fm\u00fczakereci \u00d6mer \u00c7elik, \u0130stanbul\u2019da meydana gelen ter\u00f6r sald\u0131r\u0131s\u0131na ili\u015fkin, &#8220;T\u00fcrkiye, etraf\u0131m\u0131zdaki istikrars\u0131zl\u0131ktan kaynaklanan PKK, DA\u0130\u015e, DHKP-C, Suriye rejimi kaynakl\u0131 \u00e7ok y\u00f6nl\u00fc ve \u00e7ok karma\u015f\u0131k bir ter\u00f6r sald\u0131r\u0131s\u0131yla kar\u015f\u0131 kar\u015f\u0131ya.&#8221; dedi.<\/p>\n<p>\u00d6mer Celik, Avrupa Konseyi Parlamenter Meclisi (AKPM) Ba\u015fkan\u0131 Pedro Agramunt\u2019u kabul\u00fcnde gazetecilere a\u00e7\u0131klamalarda bulundu.<\/p>\n<p>\u0130stanbul Vezneciler&#8217;de ger\u00e7ekle\u015ftirilen ter\u00f6r sald\u0131r\u0131s\u0131n\u0131n, T\u00fcrkiye\u2019nin demokrasi, hukuk devleti ve toplumsal bar\u0131\u015f\u0131na d\u00f6n\u00fck oldu\u011funu belirten \u00c7elik, &#8220;T\u00fcrkiye, etraf\u0131m\u0131zdaki istikrars\u0131zl\u0131ktan kaynaklanan PKK, DAE\u015e, DHKP-C, Suriye rejimi kaynakl\u0131 \u00e7ok y\u00f6nl\u00fc ve \u00e7ok karma\u015f\u0131k bir ter\u00f6r sald\u0131r\u0131s\u0131yla kar\u015f\u0131 kar\u015f\u0131ya. T\u00fcrkiye burada me\u015fru g\u00fcvenlik g\u00fc\u00e7leriyle, hukuk devleti kurallar\u0131 \u00e7er\u00e7evesinde demokrasisini, hukuk devletini ve toplumsal bar\u0131\u015f\u0131n\u0131 korumaktad\u0131r. Zaman zaman bunun bir i\u00e7 sava\u015f ya da i\u00e7 \u00e7at\u0131\u015fma oldu\u011funa dair baz\u0131 de\u011ferlendirmeler duyuyoruz. Bu de\u011ferlendirmelerin hepsi yanl\u0131\u015ft\u0131r. Olan biten \u015fey me\u015fru devlet g\u00fc\u00e7lerinin ter\u00f6rle m\u00fccadelesidir.&#8221; ifadesini kulland\u0131.<\/p>\n<p>T\u00fcrkiye\u2019nin sahip bulundu\u011fu bir\u00e7ok boyutun yan\u0131 s\u0131ra bir Avrupa \u00fclkesi oldu\u011funu da anlatan \u00c7elik, &#8220;Yap\u0131lan bu sald\u0131r\u0131lar, ayn\u0131 zamanda, Avrupa demokrasisi ve g\u00fcveli\u011fine yap\u0131lan sald\u0131r\u0131lard\u0131r. Kendi g\u00fcveli\u011fimizi korumaya muktediriz. Bunu yapmak i\u00e7in de bundan sonra daha kararl\u0131 \u015fekilde bu m\u00fccadeleye s\u00fcrd\u00fcrece\u011fiz.&#8221; diye konu\u015ftu.<\/p>\n<p>Uzun zaman \u00f6nce G\u00fcneydo\u011fu\u2019da silahlar\u0131n b\u0131rak\u0131lmas\u0131 ve huzurun gelmesi i\u00e7in \u00e7ok \u00f6nemli ad\u0131mlar ve reformlara imza at\u0131ld\u0131\u011f\u0131n\u0131 vurgulayan \u00c7elik, &#8220;Halk\u0131n yarar\u0131na at\u0131lan t\u00fcm bu ad\u0131mlar ter\u00f6r \u00f6rg\u00fct\u00fc taraf\u0131ndan istismar edildi ve b\u00f6lgede yerle\u015fen ter\u00f6ristler taraf\u0131ndan bar\u0131\u015f s\u00fcreci toplumsal karde\u015flik s\u00fcreci, \u00e7\u00f6z\u00fcm s\u00fcreci imha edilmeye \u00e7al\u0131\u015f\u0131ld\u0131. \u015eimdi gelinen noktada demokrasi ve hukuk devletini korumaya kararl\u0131y\u0131z.&#8221; de\u011ferlendirmesinde bulundu.<\/p>\n<p>T\u00fcrkiye\u2019nin AB\u2019ye tam \u00fcyelik m\u00fczakerelerini y\u00fcr\u00fctt\u00fc\u011f\u00fcn\u00fc hat\u0131rlatan \u00c7elik, &#8220;T\u00fcrkiye\u2019ye y\u00f6neltilen ter\u00f6r sald\u0131r\u0131s\u0131, g\u00fcvenli\u011fimize y\u00f6nelen sald\u0131r\u0131lar, demokrasimize y\u00f6neliktir ve demokrasimizi korumaya kararl\u0131y\u0131z.&#8221; dedi.<\/p>\n<p><strong>&#8220;Ter\u00f6rle m\u00fccadelede T\u00fcrkiye\u2019ye tam destek veriyoruz&#8221;<\/strong><\/p>\n<p>AKPM Ba\u015fkan\u0131 Pedro Agramunt, \u0130stanbul Vezneciler\u2019deki ter\u00f6r sald\u0131r\u0131s\u0131n\u0131 k\u0131nayarak, T\u00fcrkiye\u2019ye ter\u00f6rle m\u00fccadelede destek mesaj\u0131 verdi.<\/p>\n<p>Agramunt, &#8220;Ter\u00f6rle m\u00fccadele konusunda T\u00fcrkiye\u2019ye tam destek veriyoruz. B\u00f6yle bir sald\u0131r\u0131y\u0131 desteklemek i\u00e7in hi\u00e7bir \u015fey gerek\u00e7e olamaz. Bunun \u00f6nlenmesinin hem T\u00fcrkiye hem de Avrupa i\u00e7in b\u00fcy\u00fck \u00f6nem ta\u015f\u0131d\u0131\u011f\u0131n\u0131n fark\u0131nday\u0131z.&#8221; dedi.<\/p>\n<p>Hem Avrupa hem de d\u00fcnya g\u00fcndemindeki en \u00f6nemli endi\u015fe kaynaklar\u0131ndan birinin ter\u00f6r meselesi oldu\u011funu kaydeden Agramunt, Haziran ay\u0131 i\u00e7erisinde d\u00fczenlenecek bir sonraki AKPM oturumunda ter\u00f6re kar\u015f\u0131, &#8220;No Fear\/Korku Yok&#8221; kampanyas\u0131 ba\u015flatacaklar\u0131n\u0131 duyurdu.<\/p>\n<p>Bu kampanya ile Avrupa&#8217;da ya\u015fayan vatanda\u015flar\u0131n hayatlar\u0131n\u0131 korkusuz bir bi\u00e7imde ya\u015famas\u0131n\u0131, korkmadan ma\u00e7lara, kafelere, sinemaya gitmesini, d\u0131\u015far\u0131 \u00e7\u0131kmas\u0131n\u0131 sa\u011flamak istediklerini ifade eden Agramunt, bunu yapmazlarsa, ter\u00f6r\u00fcn kazanaca\u011f\u0131n\u0131 bildirdi.<\/p>\n","protected":false},"excerpt":{"rendered":"<p>Avrupa Birli\u011fi Bakan\u0131 \u00c7elik, \u0130stanbul\u2019da meydana gelen ter\u00f6r sald\u0131r\u0131s\u0131na ili\u015fkin a\u00e7\u0131klama yapt\u0131.<\/p>\n","protected":false},"author":1000097,"featured_media":508,"comment_status":"open","ping_status":"closed","sticky":false,"template":"","format":"standard","meta":[],"categories":[58],"tags":[],"_links":{"self":[{"href":"https:\/\/www.vizyon2023.com.tr\/index.php\/wp-json\/wp\/v2\/posts\/507"}],"collection":[{"href":"https:\/\/www.vizyon2023.com.tr\/index.php\/wp-json\/wp\/v2\/posts"}],"about":[{"href":"https:\/\/www.vizyon2023.com.tr\/index.php\/wp-json\/wp\/v2\/types\/post"}],"author":[{"embeddable":true,"href":"https:\/\/www.vizyon2023.com.tr\/index.php\/wp-json\/wp\/v2\/users\/1000097"}],"replies":[{"embeddable":true,"href":"https:\/\/www.vizyon2023.com.tr\/index.php\/wp-json\/wp\/v2\/comments?post=507"}],"version-history":[{"count":0,"href":"https:\/\/www.vizyon2023.com.tr\/index.php\/wp-json\/wp\/v2\/posts\/507\/revisions"}],"wp:featuredmedia":[{"embeddable":true,"href":"https:\/\/www.vizyon2023.com.tr\/index.php\/wp-json\/wp\/v2\/media\/508"}],"wp:attachment":[{"href":"https:\/\/www.vizyon2023.com.tr\/index.php\/wp-json\/wp\/v2\/media?parent=507"}],"wp:term":[{"taxonomy":"category","embeddable":true,"href":"https:\/\/www.vizyon2023.com.tr\/index.php\/wp-json\/wp\/v2\/categories?post=507"},{"taxonomy":"post_tag","embeddable":true,"href":"https:\/\/www.vizyon2023.com.tr\/index.php\/wp-json\/wp\/v2\/tags?post=507"}],"curies":[{"name":"wp","href":"https:\/\/api.w.org\/{rel}","templated":true}]}}