{"id":433,"date":"2016-06-04T14:33:21","date_gmt":"2016-06-04T11:33:21","guid":{"rendered":"http:\/\/alfadestek.com\/vizyon2023\/2016\/06\/04\/cumhurbaskani-erdogan-somaliye-gitti\/"},"modified":"2016-06-04T14:33:21","modified_gmt":"2016-06-04T11:33:21","slug":"cumhurbaskani-erdogan-somaliye-gitti","status":"publish","type":"post","link":"https:\/\/www.vizyon2023.com.tr\/index.php\/2016\/06\/04\/cumhurbaskani-erdogan-somaliye-gitti\/","title":{"rendered":"Cumhurba\u015fkan\u0131 Erdo\u011fan Somali&#8217;ye gitti"},"content":{"rendered":"<p>Cumhurba\u015fkan\u0131 Recep Tayyip Erdo\u011fan, \u00f6zel u\u00e7ak &#8220;TUR&#8221; ile saat 10.10&#8217;da \u00fc\u00e7 Do\u011fu Afrika \u00fclkesini kapsayan ziyaretinin son dura\u011f\u0131 olan Somali&#8217;ye gitti.<\/p>\n<p>Erdo\u011fan&#8217;\u0131, Nairobi Jomo Kenyatta Uluslararas\u0131 Havaliman\u0131\u2019nda, Kenya D\u0131\u015fi\u015fleri ve Uluslararas\u0131 Ticaret Bakan\u0131 Amina Mohamed, T\u00fcrkiye&#8217;nin Nairobi B\u00fcy\u00fckel\u00e7isi Deniz Eke ve di\u011fer ilgiler u\u011furlad\u0131.<\/p>\n<p>Cumhurba\u015fkan\u0131 Erdo\u011fan ile e\u015fi Emine Erdo\u011fan, Ba\u015fbakan Yard\u0131mc\u0131s\u0131 Veysi Kaynak, D\u0131\u015fi\u015fleri Bakan\u0131 Mevl\u00fct \u00c7avu\u015fo\u011flu ve Ekonomi Bakan\u0131 Nihat Zeybekci de Somali&#8217;ye gitti.<\/p>\n","protected":false},"excerpt":{"rendered":"<p>Cumhurba\u015fkan\u0131 Erdo\u011fan, \u00f6zel u\u00e7ak &#8220;TUR&#8221; ile saat 10.10&#8217;da \u00fc\u00e7 Do\u011fu Afrika \u00fclkesini kapsayan ziyaretinin son dura\u011f\u0131 olan Somali&#8217;ye gitti.<\/p>\n","protected":false},"author":1000097,"featured_media":434,"comment_status":"open","ping_status":"closed","sticky":false,"template":"","format":"standard","meta":[],"categories":[1],"tags":[],"_links":{"self":[{"href":"https:\/\/www.vizyon2023.com.tr\/index.php\/wp-json\/wp\/v2\/posts\/433"}],"collection":[{"href":"https:\/\/www.vizyon2023.com.tr\/index.php\/wp-json\/wp\/v2\/posts"}],"about":[{"href":"https:\/\/www.vizyon2023.com.tr\/index.php\/wp-json\/wp\/v2\/types\/post"}],"author":[{"embeddable":true,"href":"https:\/\/www.vizyon2023.com.tr\/index.php\/wp-json\/wp\/v2\/users\/1000097"}],"replies":[{"embeddable":true,"href":"https:\/\/www.vizyon2023.com.tr\/index.php\/wp-json\/wp\/v2\/comments?post=433"}],"version-history":[{"count":0,"href":"https:\/\/www.vizyon2023.com.tr\/index.php\/wp-json\/wp\/v2\/posts\/433\/revisions"}],"wp:featuredmedia":[{"embeddable":true,"href":"https:\/\/www.vizyon2023.com.tr\/index.php\/wp-json\/wp\/v2\/media\/434"}],"wp:attachment":[{"href":"https:\/\/www.vizyon2023.com.tr\/index.php\/wp-json\/wp\/v2\/media?parent=433"}],"wp:term":[{"taxonomy":"category","embeddable":true,"href":"https:\/\/www.vizyon2023.com.tr\/index.php\/wp-json\/wp\/v2\/categories?post=433"},{"taxonomy":"post_tag","embeddable":true,"href":"https:\/\/www.vizyon2023.com.tr\/index.php\/wp-json\/wp\/v2\/tags?post=433"}],"curies":[{"name":"wp","href":"https:\/\/api.w.org\/{rel}","templated":true}]}}