{"id":429,"date":"2016-06-04T14:31:51","date_gmt":"2016-06-04T11:31:51","guid":{"rendered":"http:\/\/alfadestek.com\/vizyon2023\/2016\/06\/04\/binali-yildirim-memleketi-erzincanda\/"},"modified":"2016-06-04T14:31:51","modified_gmt":"2016-06-04T11:31:51","slug":"binali-yildirim-memleketi-erzincanda","status":"publish","type":"post","link":"https:\/\/www.vizyon2023.com.tr\/index.php\/2016\/06\/04\/binali-yildirim-memleketi-erzincanda\/","title":{"rendered":"Binali Y\u0131ld\u0131r\u0131m memleketi Erzincan&#8217;da"},"content":{"rendered":"","protected":false},"excerpt":{"rendered":"<p>Ba\u015fbakan olarak ilk defa memleketine gelen Y\u0131ld\u0131r\u0131m, Erzincan Havaliman\u0131&#8217;nda co\u015fkulu kalabal\u0131k taraf\u0131ndan kar\u015f\u0131land\u0131.<\/p>\n","protected":false},"author":1000097,"featured_media":430,"comment_status":"open","ping_status":"closed","sticky":false,"template":"","format":"standard","meta":[],"categories":[1],"tags":[],"_links":{"self":[{"href":"https:\/\/www.vizyon2023.com.tr\/index.php\/wp-json\/wp\/v2\/posts\/429"}],"collection":[{"href":"https:\/\/www.vizyon2023.com.tr\/index.php\/wp-json\/wp\/v2\/posts"}],"about":[{"href":"https:\/\/www.vizyon2023.com.tr\/index.php\/wp-json\/wp\/v2\/types\/post"}],"author":[{"embeddable":true,"href":"https:\/\/www.vizyon2023.com.tr\/index.php\/wp-json\/wp\/v2\/users\/1000097"}],"replies":[{"embeddable":true,"href":"https:\/\/www.vizyon2023.com.tr\/index.php\/wp-json\/wp\/v2\/comments?post=429"}],"version-history":[{"count":0,"href":"https:\/\/www.vizyon2023.com.tr\/index.php\/wp-json\/wp\/v2\/posts\/429\/revisions"}],"wp:featuredmedia":[{"embeddable":true,"href":"https:\/\/www.vizyon2023.com.tr\/index.php\/wp-json\/wp\/v2\/media\/430"}],"wp:attachment":[{"href":"https:\/\/www.vizyon2023.com.tr\/index.php\/wp-json\/wp\/v2\/media?parent=429"}],"wp:term":[{"taxonomy":"category","embeddable":true,"href":"https:\/\/www.vizyon2023.com.tr\/index.php\/wp-json\/wp\/v2\/categories?post=429"},{"taxonomy":"post_tag","embeddable":true,"href":"https:\/\/www.vizyon2023.com.tr\/index.php\/wp-json\/wp\/v2\/tags?post=429"}],"curies":[{"name":"wp","href":"https:\/\/api.w.org\/{rel}","templated":true}]}}