{"id":407,"date":"2016-06-03T11:09:50","date_gmt":"2016-06-03T08:09:50","guid":{"rendered":"http:\/\/alfadestek.com\/vizyon2023\/2016\/06\/03\/almanya-parlamentosunun-tarihi-hatasidir\/"},"modified":"2016-06-03T11:09:50","modified_gmt":"2016-06-03T08:09:50","slug":"almanya-parlamentosunun-tarihi-hatasidir","status":"publish","type":"post","link":"https:\/\/www.vizyon2023.com.tr\/index.php\/2016\/06\/03\/almanya-parlamentosunun-tarihi-hatasidir\/","title":{"rendered":"&#8216;Almanya parlamentosunun tarihi hatas\u0131d\u0131r&#8217;"},"content":{"rendered":"<p>Ba\u015fbakan Binali Y\u0131ld\u0131r\u0131m, Almanya&#8217;n\u0131n kabul etti\u011fi &#8220;1915&#8221; karar\u0131na ili\u015fkin, &#8220;Almanya parlamentosunun tarihi hatas\u0131d\u0131r&#8221; de\u011ferlendirmesinde bulundu.<\/p>\n<p>Karar\u0131n yok h\u00fckm\u00fcnd\u00fc oldu\u011funu s\u00f6yleyen Ba\u015fbakan Y\u0131ld\u0131r\u0131m, &#8220;T\u00fcrkiye olarak gereken neyse bunu teredd\u00fcts\u00fcz yerine getirece\u011fiz&#8221; dedi.<\/p>\n<p>Ba\u015fbakan Y\u0131ld\u0131r\u0131m, Azerbaycan ziyareti \u00f6ncesi Esenbo\u011fa Havaliman\u0131nda bas\u0131n toplant\u0131s\u0131 d\u00fczenledi.<\/p>\n<p>Ba\u015fbakan Binali Y\u0131ld\u0131r\u0131m, Alman Federal Meclisinin Ermeni iddialar\u0131 hakk\u0131ndaki karar\u0131na ili\u015fkin, &#8220;650 ki\u015filik Alman Parlamentosunda sadece 250 civar\u0131nda temsilcinin kat\u0131lm\u0131\u015f olmas\u0131 asl\u0131nda Alman Parlamentosunun \u00e7o\u011funlu\u011funun bu karar\u0131 i\u00e7ine sindiremedi\u011fini de ortaya koymu\u015ftur. \u015eartlar ne olursa olsun biz dostlar\u0131m\u0131zla, m\u00fcttefiklerimizle ili\u015fkilerimizi s\u00fcrd\u00fcrmeye devam edece\u011fiz. \u00dcmit ediyoruz ki yanl\u0131\u015f hesap Ba\u011fdat&#8217;a gitmeden geri d\u00f6ner ve akl\u0131selim galip gelir.&#8221; dedi.<\/p>\n<p>Ba\u015fbakan Y\u0131ld\u0131r\u0131m, karar\u0131n arka plan\u0131na bak\u0131l\u0131p, gerekli kar\u015f\u0131l\u0131\u011f\u0131n verilece\u011fini belirterek, \u015f\u00f6yle konu\u015ftu:<\/p>\n<p>&#8220;Almanya ve T\u00fcrkiye \u00e7ok \u00f6nemli iki m\u00fcttefik. Bu ve buna benzer kararlarla birlikte birdenbire Almanya ile ili\u015fkilerimizin tamamen k\u00f6t\u00fcle\u015fmesini kimse beklememeli ancak bunun da \u015fu anlama gelmesini asla kimse d\u00fc\u015f\u00fcnmemeli; yani buna tepkisiz kalaca\u011f\u0131z, bir \u015fey s\u00f6ylemeyece\u011fiz. Zaten b\u00f6yle bir \u015fey yok. Parlamentodaki \u00fc\u00e7 parti beraberce \u00e7ok net tepkileri ortaya koydu.&#8221;<\/p>\n","protected":false},"excerpt":{"rendered":"<p>Ba\u015fbakan Y\u0131ld\u0131r\u0131m, Alman parlamentosunun 1915 karar\u0131na ili\u015fkin &#8220;T\u00fcrkiye olarak gereken neyse bunu teredd\u00fcts\u00fcz yerine getirece\u011fiz&#8221; dedi.<\/p>\n","protected":false},"author":1000097,"featured_media":408,"comment_status":"open","ping_status":"closed","sticky":false,"template":"","format":"standard","meta":[],"categories":[1],"tags":[],"_links":{"self":[{"href":"https:\/\/www.vizyon2023.com.tr\/index.php\/wp-json\/wp\/v2\/posts\/407"}],"collection":[{"href":"https:\/\/www.vizyon2023.com.tr\/index.php\/wp-json\/wp\/v2\/posts"}],"about":[{"href":"https:\/\/www.vizyon2023.com.tr\/index.php\/wp-json\/wp\/v2\/types\/post"}],"author":[{"embeddable":true,"href":"https:\/\/www.vizyon2023.com.tr\/index.php\/wp-json\/wp\/v2\/users\/1000097"}],"replies":[{"embeddable":true,"href":"https:\/\/www.vizyon2023.com.tr\/index.php\/wp-json\/wp\/v2\/comments?post=407"}],"version-history":[{"count":0,"href":"https:\/\/www.vizyon2023.com.tr\/index.php\/wp-json\/wp\/v2\/posts\/407\/revisions"}],"wp:featuredmedia":[{"embeddable":true,"href":"https:\/\/www.vizyon2023.com.tr\/index.php\/wp-json\/wp\/v2\/media\/408"}],"wp:attachment":[{"href":"https:\/\/www.vizyon2023.com.tr\/index.php\/wp-json\/wp\/v2\/media?parent=407"}],"wp:term":[{"taxonomy":"category","embeddable":true,"href":"https:\/\/www.vizyon2023.com.tr\/index.php\/wp-json\/wp\/v2\/categories?post=407"},{"taxonomy":"post_tag","embeddable":true,"href":"https:\/\/www.vizyon2023.com.tr\/index.php\/wp-json\/wp\/v2\/tags?post=407"}],"curies":[{"name":"wp","href":"https:\/\/api.w.org\/{rel}","templated":true}]}}