{"id":3577,"date":"2025-03-03T09:37:23","date_gmt":"2025-03-03T06:37:23","guid":{"rendered":"https:\/\/www.vizyon2023.com.tr\/?p=3577"},"modified":"2025-03-03T09:37:40","modified_gmt":"2025-03-03T06:37:40","slug":"uriyenin-gelecegi-zorluklardan-yeni-bir-baslangica-dogru","status":"publish","type":"post","link":"https:\/\/www.vizyon2023.com.tr\/index.php\/2025\/03\/03\/uriyenin-gelecegi-zorluklardan-yeni-bir-baslangica-dogru\/","title":{"rendered":"Suriye\u2019nin  Gelece\u011fi:  Zorluklardan Yeni Bir Ba\u015flang\u0131ca Do\u011fru"},"content":{"rendered":"<p>Suriye, tam 61 y\u0131ld\u0131r Baas rejiminin bask\u0131s\u0131 ve istihbarat mekanizmas\u0131n\u0131n k\u0131skac\u0131nda ac\u0131 dolu bir tarih ya\u015fad\u0131. 1982 Hama Katliam\u0131, \u00fclke halk\u0131n\u0131n \u00fczerindeki korku duvarlar\u0131n\u0131 daha da y\u00fckseltirken, 2011\u2019de Arap Bahar\u0131\u2019n\u0131n b\u00f6lgedeki estirdi\u011fi \u00f6zg\u00fcrl\u00fck r\u00fczg\u00e2r\u0131, Suriyeliler i\u00e7in bir umut \u0131\u015f\u0131\u011f\u0131 oldu.<br \/>\nncak bu umut, \u00e7ok a\u011f\u0131r bir bedelle \u00f6dendi.<\/p>\n<p>\u00d6zg\u00fcrl\u00fck aray\u0131\u015f\u0131yla sokaklara d\u00f6k\u00fclen gen\u00e7ler, k\u0131sa s\u00fcrede rejimin sert m\u00fcdahalesiyle kar\u015f\u0131la\u015ft\u0131. Ard\u0131ndan gelen i\u00e7 sava\u015f, \u015fehirlerin bombalanmas\u0131na,kimyasal silahlar\u0131n kullan\u0131lmas\u0131na ve milyonlarca insan\u0131n yerinden edilmesine yol a\u00e7t\u0131. Bug\u00fcn, sava\u015f\u0131n etkisiyle 6,7 milyon Suriyeli \u00fclke i\u00e7inde yerinden edilirken, 6,7 milyon Suriyeli de \u00fclkesini terk ederek m\u00fclteci durumuna d\u00fc\u015ft\u00fc.<\/p>\n<p>\u015eam\u2019\u0131n D\u00fc\u015f\u00fc\u015f\u00fc ve Yeni Bir Ba\u015flang\u0131\u00e7<br \/>\nT\u00fcm bu y\u0131k\u0131m\u0131n ard\u0131ndan, 2024 Aral\u0131k ay\u0131nda \u015eam\u2019\u0131n rejim kontrol\u00fcnden \u00e7\u0131kmas\u0131,Suriye\u2019nin kaderini de\u011fi\u015ftiren bir d\u00f6n\u00fcm noktas\u0131 oldu. Ancak bu \u00f6zg\u00fcrl\u00fck, a\u011f\u0131r bir mirasla birlikte geldi. Bo\u015falt\u0131lm\u0131\u015f bir devlet hazinesi, tahrip olmu\u015f altyap\u0131, \u00e7\u00f6km\u00fc\u015f bir ekonomi ve elektrik kesintileriyle m\u00fccadele eden bir halk\u2026 Daha da \u00f6nemlisi, \u00fclkenin en stratejik enerji kayna\u011f\u0131 olan petrol b\u00f6lgeleri,\u015fu anda SDG\u2019nin kontrol\u00fcnde.<br \/>\n\u0130\u00e7erde istikrar m\u00fccadelesi s\u00fcrerken, d\u0131\u015f akt\u00f6rler de bu bo\u015fluktan faydalanmaya \u00e7al\u0131\u015f\u0131yor. \u0130srail, Suriye\u2019nin i\u00e7inde bulundu\u011fu g\u00fc\u00e7s\u00fczl\u00fckten yararlanarak Hermon, Golan ve Dera b\u00f6lgelerine ilerliyor. Bu durum,yaln\u0131zca Suriye i\u00e7in de\u011fil, b\u00f6lge dengeleri a\u00e7\u0131s\u0131ndan da b\u00fcy\u00fck bir tehdit olu\u015fturuyor.<\/p>\n<p><strong>Diplomasi ve Yeniden \u0130n\u015fa S\u00fcreci<\/strong><\/p>\n<p>Her ne kadar Suriye, b\u00fcy\u00fck bir y\u0131k\u0131m\u0131n ard\u0131ndan yeni bir ba\u015flang\u0131ca ad\u0131m atm\u0131\u015f olsa da, g\u00fc\u00e7l\u00fc bir devlet in\u015fas\u0131 i\u00e7in diplomatik ili\u015fkilerin geli\u015ftirilmesi kritik bir \u00f6neme sahip.<br \/>\n\u00fcrkiye ve K\u00f6rfez \u00fclkelerinin deste\u011fiyle Suriye, d\u00fcnya devletlerini \u015eam\u2019da a\u011f\u0131rlamaya ba\u015flad\u0131. B\u00fcy\u00fck g\u00fc\u00e7ler, el\u00e7iliklerini yeniden a\u00e7ma yolunda ad\u0131mlar atarken, Ahmet \u015eara liderli\u011findeki y\u00f6netim, i\u00e7 ve d\u0131\u015f politikada dengeli bir duru\u015f sergileyerek uluslararas\u0131 kamuoyuna olumlu mesajlar veriyor.<\/p>\n<p>Bununla birlikte, Suriye\u2019nin yeniden in\u015fa s\u00fcrecinde T\u00fcrkiye ba\u015fta olmak \u00fczere farkl\u0131 \u00fclkelerin tecr\u00fcbelerinden faydalanmas\u0131 ka\u00e7\u0131n\u0131lmaz. Ancak bu s\u00fcre\u00e7te en b\u00fcy\u00fck risk,Suriye\u2019yi bir s\u00f6m\u00fcrge mant\u0131\u011f\u0131yla ele almak isteyen d\u0131\u015f akt\u00f6rlerin etkisinde kalmak.<br \/>\nost \u00fclkelerin, Suriye\u2019yi b\u00f6yle bir tehlikeden korumas\u0131 ve desteklerini bu do\u011frultuda \u015fekillendirmesi gerekiyor.<\/p>\n<p>Ahmet \u015eara\u2019n\u0131n Kahire\u2019ye davet edilmesi ve Arap Birli\u011fi toplant\u0131s\u0131na kat\u0131lmas\u0131,Suriye\u2019nin uluslararas\u0131 platformda yeniden kabul g\u00f6rmesi ad\u0131na \u00f6nemli bir geli\u015fme.<br \/>\nAncak \u0130srail\u2019in sald\u0131rgan politikalar\u0131na kar\u015f\u0131,t\u00fcm \u0130slam \u00fclkelerinin ve demokrasi yanl\u0131s\u0131 devletlerin ortak bir tav\u0131r sergilemesi b\u00fcy\u00fck bir gereklilik.<\/p>\n<p><strong>Tek \u00c7at\u0131 Alt\u0131nda Birle\u015fme Zorunlulu\u011fu<\/strong><\/p>\n<p>Suriye\u2019nin gelece\u011fi, yaln\u0131zca diplomatik a\u00e7\u0131l\u0131mlarla de\u011fil, ayn\u0131 zamanda \u00fclke i\u00e7indeki farkl\u0131 gruplar\u0131n ortak bir \u00e7at\u0131 alt\u0131nda birle\u015fmesiyle \u015fekillenecek. El Cezire b\u00f6lgesindeki SDG varl\u0131\u011f\u0131, \u00fclkenin tam ba\u011f\u0131ms\u0131zl\u0131\u011f\u0131 \u00f6n\u00fcnde ciddi bir engel te\u015fkil ediyor. Suriye y\u00f6netimi, d\u0131\u015f diplomasiyi harekete ge\u00e7irerek, \u00fclkenin tek bir devlet \u00e7at\u0131s\u0131 alt\u0131nda yeniden birle\u015fmesini sa\u011flamal\u0131.<\/p>\n<p>Bug\u00fcn, Suriye halk\u0131 a\u011f\u0131r bedeller \u00f6deyerek bir d\u00f6nemi geride b\u0131rakt\u0131. Ancak \u00f6n\u00fcm\u00fczdeki s\u00fcre\u00e7, en az geride kalan y\u0131llar kadar zorlu olacak. E\u011fer Suriye, birlik i\u00e7inde hareket eder ve dost \u00fclkelerle sa\u011flam ili\u015fkiler kurarsa, k\u0131sa s\u00fcrede g\u00fc\u00e7l\u00fc bir devlet yap\u0131s\u0131na kavu\u015fabilir. Ancak aksi takdirde, i\u00e7 kar\u0131\u015f\u0131kl\u0131klar ve d\u0131\u015f m\u00fcdahaleler \u00fclkeyi yeni bir kaosa s\u00fcr\u00fckleyebilir.<\/p>\n<p>Gelecek, Suriye halk\u0131n\u0131n iradesine ve uluslararas\u0131 akt\u00f6rlerin bu s\u00fcreci nas\u0131l y\u00f6nlendirece\u011fine ba\u011fl\u0131\u2026<\/p>\n<p>&nbsp;<\/p>\n","protected":false},"excerpt":{"rendered":"<p>Suriye, tam 61 y\u0131ld\u0131r Baas rejiminin bask\u0131s\u0131 ve istihbarat mekanizmas\u0131n\u0131n k\u0131skac\u0131nda ac\u0131 dolu bir tarih ya\u015fad\u0131. 1982 Hama Katliam\u0131, \u00fclke halk\u0131n\u0131n \u00fczerindeki korku duvarlar\u0131n\u0131 daha da y\u00fckseltirken, 2011\u2019de Arap Bahar\u0131\u2019n\u0131n b\u00f6lgedeki estirdi\u011fi \u00f6zg\u00fcrl\u00fck r\u00fczg\u00e2r\u0131, Suriyeliler i\u00e7in bir umut \u0131\u015f\u0131\u011f\u0131 oldu. ncak bu umut, \u00e7ok a\u011f\u0131r bir bedelle \u00f6dendi. \u00d6zg\u00fcrl\u00fck aray\u0131\u015f\u0131yla sokaklara d\u00f6k\u00fclen gen\u00e7ler, k\u0131sa s\u00fcrede [&hellip;]<\/p>\n","protected":false},"author":1000098,"featured_media":3578,"comment_status":"open","ping_status":"closed","sticky":false,"template":"","format":"standard","meta":[],"categories":[1],"tags":[],"_links":{"self":[{"href":"https:\/\/www.vizyon2023.com.tr\/index.php\/wp-json\/wp\/v2\/posts\/3577"}],"collection":[{"href":"https:\/\/www.vizyon2023.com.tr\/index.php\/wp-json\/wp\/v2\/posts"}],"about":[{"href":"https:\/\/www.vizyon2023.com.tr\/index.php\/wp-json\/wp\/v2\/types\/post"}],"author":[{"embeddable":true,"href":"https:\/\/www.vizyon2023.com.tr\/index.php\/wp-json\/wp\/v2\/users\/1000098"}],"replies":[{"embeddable":true,"href":"https:\/\/www.vizyon2023.com.tr\/index.php\/wp-json\/wp\/v2\/comments?post=3577"}],"version-history":[{"count":2,"href":"https:\/\/www.vizyon2023.com.tr\/index.php\/wp-json\/wp\/v2\/posts\/3577\/revisions"}],"predecessor-version":[{"id":3580,"href":"https:\/\/www.vizyon2023.com.tr\/index.php\/wp-json\/wp\/v2\/posts\/3577\/revisions\/3580"}],"wp:featuredmedia":[{"embeddable":true,"href":"https:\/\/www.vizyon2023.com.tr\/index.php\/wp-json\/wp\/v2\/media\/3578"}],"wp:attachment":[{"href":"https:\/\/www.vizyon2023.com.tr\/index.php\/wp-json\/wp\/v2\/media?parent=3577"}],"wp:term":[{"taxonomy":"category","embeddable":true,"href":"https:\/\/www.vizyon2023.com.tr\/index.php\/wp-json\/wp\/v2\/categories?post=3577"},{"taxonomy":"post_tag","embeddable":true,"href":"https:\/\/www.vizyon2023.com.tr\/index.php\/wp-json\/wp\/v2\/tags?post=3577"}],"curies":[{"name":"wp","href":"https:\/\/api.w.org\/{rel}","templated":true}]}}