{"id":3503,"date":"2021-05-12T12:57:55","date_gmt":"2021-05-12T09:57:55","guid":{"rendered":"http:\/\/www.vizyon2023.com.tr\/?p=3503"},"modified":"2021-05-12T12:57:55","modified_gmt":"2021-05-12T09:57:55","slug":"soykirimin-alasini-ermenilerle-birlikte-fransizlar-yunanlilar-ve-bulgarlar-yapti","status":"publish","type":"post","link":"https:\/\/www.vizyon2023.com.tr\/index.php\/2021\/05\/12\/soykirimin-alasini-ermenilerle-birlikte-fransizlar-yunanlilar-ve-bulgarlar-yapti\/","title":{"rendered":"SOYKIRIM\u2019\u0131n alas\u0131n\u0131 Ermenilerle birlikte Frans\u0131zlar, Yunanl\u0131lar ve Bulgarlar yapt\u0131\u2026"},"content":{"rendered":"<div class=\"wpb-content-wrapper\"><p>[vc_row][vc_column][vc_column_text]Soyk\u0131r\u0131m m\u0131 dedin\u2026<br \/>\nHangi soyk\u0131r\u0131m\u2026<br \/>\nHat\u0131rlay\u0131n, Osmanl\u0131 \u0130mparatorlu\u011fu\u2019nun da\u011f\u0131lma d\u00f6neminde, M\u00fcsl\u00fcman olmayan etnik gruplar taraf\u0131ndan ba\u015fta T\u00fcrkler olmak \u00fczere M\u00fcsl\u00fcman Tebaaya y\u00f6nelik ger\u00e7ekle\u015fen katliam, zorunlu g\u00f6\u00e7 ve etnik temizlikleri\u2026<br \/>\n Nas\u0131l unutulur?<br \/>\nJustin McCarthy, 1821-1922 y\u0131llar\u0131 aras\u0131nda yakla\u015f\u0131k be\u015f bu\u00e7uk milyon M\u00fcsl\u00fcman\u0131n Avrupa\u2019dan s\u00fcr\u00fcld\u00fc\u011f\u00fcn\u00fc ve be\u015f milyondan fazlas\u0131n\u0131n \u00f6ld\u00fcr\u00fcld\u00fc\u011f\u00fcn\u00fc ya da ka\u00e7arken hastal\u0131k veya a\u00e7l\u0131k sonucu oldu\u011funu bildiriyor\u2026<br \/>\nYa, Mora\u2019da oturan T\u00fcrk ve Arnavut n\u00fcfusa Yunanl\u0131lar\u0131n yapt\u0131\u011f\u0131 katliamlara ne demeli!<br \/>\nNavarin\u2019de, 3000 n\u00fcfuslu kentin t\u00fcm halk\u0131 i\u015fte bu caniler taraf\u0131ndan katledildi.<br \/>\nTripoli\u00e7e, Sak\u0131z adas\u0131, Hydra adas\u0131nda \u00f6ld\u00fcr\u00fclen T\u00fcrkleri unutmad\u0131k\u2026<br \/>\nPeki, Bulgarlar\u0131n yapt\u0131klar\u0131n\u0131 bir kalem ge\u00e7ecek miyiz?<br \/>\nMakedonya\u2019da yapt\u0131klar\u0131n\u0131 hi\u00e7 mi dile getirmeyece\u011fiz..<br \/>\nBinlerce ki\u015fiyi \u00f6ld\u00fcr\u00fcrken hi\u00e7 mi hi\u00e7 k\u0131llar\u0131 k\u0131p\u0131rdamad\u0131, bu aymazlar\u0131n\u2026<br \/>\nBak\u0131n, Lord Kinross ne diyor, bu ya\u015fananlar i\u00e7in: \u201cOnlar vah\u015fice M\u00fcsl\u00fcman T\u00fcrklerine sald\u0131rd\u0131 ve katletmeye ba\u015flad\u0131lar\u201d.<br \/>\nGelelim, 93 harbine\u2026<br \/>\nBiz de\u011fil, yabanc\u0131lar\u0131n kaleminden konuyu irdeleyelim\u2026<br \/>\nDennis Hupchik ve McCarthy 260 bin ki\u015finin kayboldu\u011funu ve 500 bin ki\u015finin m\u00fclteci oldu\u011funa dikkat \u00e7ekiyor.<br \/>\nFrans\u0131z komutan Romieu\u2019nun Fransa Sava\u015f Bakanl\u0131\u011f\u0131na g\u00f6nderdi\u011fi raporda, bunu teyit ediyor.<br \/>\nYine, Hupchik, Balkan Sava\u015flar\u0131nda 1.5 milyon M\u00fcsl\u00fcman\u0131n \u00f6ld\u00fcr\u00fcld\u00fc\u011f\u00fcn\u00fc, 400 bininin de m\u00fclteci oldu\u011funu naklediyor.<br \/>\nDedea\u011fa\u00e7\u2019da, Pri\u015ftine\u2019de, Ferizovik\u2019de, Vodina\u2019da \u00f6ld\u00fcr\u00fclenler de cabas\u0131\u2026<br \/>\nGelelim Ermenilere\u2026<br \/>\nOsmanl\u0131 ar\u015fivleri 1910-1922 y\u0131llar\u0131 aras\u0131nda 523.000 T\u00fcrk\u2019\u00fcn Ermeni \u00e7eteleri taraf\u0131ndan \u00f6ld\u00fcr\u00fcld\u00fc\u011f\u00fcn\u00fc belirtmektedir.<br \/>\nFransa D\u0131\u015fi\u015fleri Bakanl\u0131\u011f\u0131\u2019ndan Rusya\u2019n\u0131n Paris b\u00fcy\u00fckel\u00e7ili\u011fine g\u00f6nderilen 14 May\u0131s 1915 tarihli bir yaz\u0131da, Van isyan\u0131 s\u0131ras\u0131nda b\u00f6lgede yakla\u015f\u0131k 6000 ki\u015finin \u00f6ld\u00fcr\u00fcld\u00fc\u011f\u00fcnden bahsediliyor.<\/p>\n<p>KARS, Kalo\/Derecik k\u00f6y\u00fc katliam\u0131nda biri 8 di\u011fer ikisi daha k\u00fc\u00e7\u00fck ya\u015flarda \u00fc\u00e7 yak\u0131n\u0131n\u0131 kaybetmi\u015f olan 1323 (1907) do\u011fumlu \u015eevket o\u011flu Hac\u0131 Lezgi Uray\u2019\u0131n Kalo\/Derecik k\u00f6y\u00fc katliam\u0131 hakk\u0131ndaki ifadesi ile yaz\u0131m\u0131 bitirmek istiyorum.<br \/>\nKelimesi kelimesine aktar\u0131yorum:<br \/>\n\u201cRusya\u2019da ihtil\u00e2lden sonra Kars\u2019ta Milli \u015e\u00fbr\u00e2 kuruldu. Ermeniler de May\u0131s ay\u0131n\u0131n sonu Haziran ay\u0131 ba\u015flar\u0131nda belki 40 vagonluk bir trenle Kars\u2019a asker getirdiler. Kars kalesine bir bayrak dikerek \u015fadl\u0131k etmeye ba\u015flad\u0131lar. G\u00fcya onlara beylik verilmi\u015f. Cihan Harbi\u2019nde Urus\u2019un aya\u011f\u0131 nereye de\u011fmi\u015fse onlar\u0131n beylik\u2019i de oraya kadarm\u0131\u015f&#8230; \u00c7ok ge\u00e7meden M\u00fcsl\u00fcmanlar\u0131 k\u0131rmaya ba\u015flad\u0131lar.<br \/>\nAnam\u0131n babas\u0131n\u0131n k\u00f6y\u00fcnde yani Kalo \/ Derecik k\u00f6y\u00fcnde 360 M\u00fcsl\u00fcman\u2019\u0131 bir merekte yakt\u0131lar. Karabekir Pa\u015fa emir verdi ki: \u2018Herkes gitsin, cenazesini als\u0131n\u2019 diye. Gittik, gittik ki hi\u00e7 birine el vurmak m\u00fcmk\u00fcn olmad\u0131. Bunun \u00fczerine Karabekir Pa\u015fa, 50 \u2013 60 kadar askeri g\u00f6revlendirerek o \u015fekilde mere\u011fi korlayarak (kapatarak, \u00f6rterek) \u015fehitlerimizi \u00f6ylece defnettirdi. Bu merek h\u00e2lihaz\u0131rda durmaktad\u0131r&#8230;\u201d.<br \/>\nDaha ne diyelim!<br \/>\n[\/vc_column_text][\/vc_column][\/vc_row]<\/p>\n<\/div>","protected":false},"excerpt":{"rendered":"<p>[vc_row][vc_column][vc_column_text]Soyk\u0131r\u0131m m\u0131 dedin\u2026 Hangi soyk\u0131r\u0131m\u2026 Hat\u0131rlay\u0131n, Osmanl\u0131 \u0130mparatorlu\u011fu\u2019nun da\u011f\u0131lma d\u00f6neminde, M\u00fcsl\u00fcman olmayan etnik gruplar taraf\u0131ndan ba\u015fta T\u00fcrkler olmak \u00fczere M\u00fcsl\u00fcman Tebaaya y\u00f6nelik ger\u00e7ekle\u015fen katliam, zorunlu g\u00f6\u00e7 ve etnik temizlikleri\u2026 Nas\u0131l unutulur? Justin McCarthy, 1821-1922 y\u0131llar\u0131 aras\u0131nda yakla\u015f\u0131k be\u015f bu\u00e7uk milyon M\u00fcsl\u00fcman\u0131n Avrupa\u2019dan s\u00fcr\u00fcld\u00fc\u011f\u00fcn\u00fc ve be\u015f milyondan fazlas\u0131n\u0131n \u00f6ld\u00fcr\u00fcld\u00fc\u011f\u00fcn\u00fc ya da ka\u00e7arken hastal\u0131k veya a\u00e7l\u0131k sonucu [&hellip;]<\/p>\n","protected":false},"author":6,"featured_media":3431,"comment_status":"open","ping_status":"closed","sticky":false,"template":"","format":"standard","meta":[],"categories":[81],"tags":[],"_links":{"self":[{"href":"https:\/\/www.vizyon2023.com.tr\/index.php\/wp-json\/wp\/v2\/posts\/3503"}],"collection":[{"href":"https:\/\/www.vizyon2023.com.tr\/index.php\/wp-json\/wp\/v2\/posts"}],"about":[{"href":"https:\/\/www.vizyon2023.com.tr\/index.php\/wp-json\/wp\/v2\/types\/post"}],"author":[{"embeddable":true,"href":"https:\/\/www.vizyon2023.com.tr\/index.php\/wp-json\/wp\/v2\/users\/6"}],"replies":[{"embeddable":true,"href":"https:\/\/www.vizyon2023.com.tr\/index.php\/wp-json\/wp\/v2\/comments?post=3503"}],"version-history":[{"count":1,"href":"https:\/\/www.vizyon2023.com.tr\/index.php\/wp-json\/wp\/v2\/posts\/3503\/revisions"}],"predecessor-version":[{"id":3504,"href":"https:\/\/www.vizyon2023.com.tr\/index.php\/wp-json\/wp\/v2\/posts\/3503\/revisions\/3504"}],"wp:featuredmedia":[{"embeddable":true,"href":"https:\/\/www.vizyon2023.com.tr\/index.php\/wp-json\/wp\/v2\/media\/3431"}],"wp:attachment":[{"href":"https:\/\/www.vizyon2023.com.tr\/index.php\/wp-json\/wp\/v2\/media?parent=3503"}],"wp:term":[{"taxonomy":"category","embeddable":true,"href":"https:\/\/www.vizyon2023.com.tr\/index.php\/wp-json\/wp\/v2\/categories?post=3503"},{"taxonomy":"post_tag","embeddable":true,"href":"https:\/\/www.vizyon2023.com.tr\/index.php\/wp-json\/wp\/v2\/tags?post=3503"}],"curies":[{"name":"wp","href":"https:\/\/api.w.org\/{rel}","templated":true}]}}