{"id":3501,"date":"2021-05-12T12:56:49","date_gmt":"2021-05-12T09:56:49","guid":{"rendered":"http:\/\/www.vizyon2023.com.tr\/?p=3501"},"modified":"2021-05-12T12:56:49","modified_gmt":"2021-05-12T09:56:49","slug":"gelin-bu-isi-tarihcilere-birakalim","status":"publish","type":"post","link":"https:\/\/www.vizyon2023.com.tr\/index.php\/2021\/05\/12\/gelin-bu-isi-tarihcilere-birakalim\/","title":{"rendered":"Gelin bu i\u015fi tarih\u00e7ilere b\u0131rakal\u0131m!"},"content":{"rendered":"<div class=\"wpb-content-wrapper\"><p>[vc_row][vc_column][vc_column_text]Ermeni \u00e7etelerin vah\u015fetini en iyi anlatan mek\u00e2n ALACA k\u00f6y\u00fcndeki toplu mezarlar\u2026<br \/>\nGeneral Antranik \u00f6nderli\u011findeki bu \u00e7etelerin yapt\u0131klar\u0131n\u0131 bire bir ya\u015fayanlara kulak verelim, \u00f6ncelikle\u2026<br \/>\n\u0130zzettin Elmas (Alaca K\u00f6y\u00fc Sakinlerinden)<br \/>\n\u201cBabamdan dinledim\u2026 Ermeni \u00e7eteleri k\u00f6y sakinlerini bir yere kapam\u0131\u015flar\u2026 Sonra da s\u00fcng\u00fclemi\u015fler\u2026 Bir taraftan da kad\u0131n erkek ay\u0131rt etmeden yakm\u0131\u015flar. Yukar\u0131da bizim ev vard\u0131, oraya doldurmu\u015flar, ate\u015fe vermi\u015fler ama ate\u015fe vermeden evvel, kad\u0131nlar\u0131 kollar\u0131 bacaklar\u0131yla germi\u015fler ve \u00e7ivilerle \u00e7akm\u0131\u015flar. Yere de gazya\u011f\u0131 d\u00f6km\u00fc\u015f, yakm\u0131\u015flar. Ben de annemden babamdan duydum bunlar\u0131. Babamla annem o d\u00f6nemde varm\u0131\u015f ama ba\u015fka yere muhacir olarak gitmi\u015fler. Burada kalanlar\u0131n anlatt\u0131klar\u0131ndan duydum ben bunlar\u0131. Annem \u00f6yle bir strese girmi\u015fti ki geldiklerinde her tarafta kan ve insan \u00f6l\u00fcs\u00fc var, kurtlar insanlar\u0131 yiyormu\u015f. Yani \u00f6yle bir \u015fey ki kurtlar insan eti yiyor. Hatta gen\u00e7li\u011fimizde biz katliam\u0131 tiyatro oyunu gibi canland\u0131r\u0131yorduk. Bu oyun esnas\u0131nda birisi gelip bizim eve giriyor, anneme, &#8216;teyze eve Ermeni askeri geldi mi?&#8217; diye sorunca annem de korkusundan fel\u00e7 oldu, korkudan yatalak oldu. G\u00f6z\u00fcm\u00fcn \u00f6n\u00fcnden annemin hastal\u0131\u011f\u0131 gitmiyor. Ermenilerin bana verdi\u011fi en b\u00fcy\u00fck zul\u00fcm bu oldu. En b\u00fcy\u00fck ac\u0131m o oldu. 1986 y\u0131l\u0131nda k\u00f6y\u00fcn 3 yerinde toplu mezarlar \u00e7\u0131kar\u0131ld\u0131. Toplu mezardan, ziynet e\u015fyalar\u0131n\u0131 ayr\u0131, kafataslar\u0131n\u0131 ise ayr\u0131 \u00e7\u0131kar\u0131p koyuyorduk. Getirdik i\u015fte bu yerlere defnettik.&#8221;<br \/>\nYine bu sahada ehl-i kalem Prof. Dr. Erol K\u00fcrk\u00e7\u00fco\u011flu bak\u0131n neler diyor:<br \/>\n&#8220;9 Mart 1918 ak\u015fam\u0131 k\u00f6yde b\u00fcy\u00fck bir katliam yap\u0131ld\u0131\u2026 Katliama u\u011frayanlar bu k\u00f6y\u00fcn sivil ahalisi. Kad\u0131nlar, \u00e7ocuklar ve ya\u015fl\u0131lar \u00e7\u00fcnk\u00fc eli silah tutanlar, 7 ayr\u0131 cepheye Osmanl\u0131 devletinin toprak b\u00fct\u00fcnl\u00fc\u011f\u00fcn\u00fc korumak d\u00fc\u015f\u00fcncesiyle bir b\u00fcy\u00fck m\u00fccadelenin i\u00e7erisine girmi\u015flerdi. Bu y\u00fczden de 9 Mart ak\u015fam\u0131 Antranik&#8217;e ba\u011fl\u0131 \u00e7eteler k\u00f6y\u00fc bas\u0131yorlar. Alaca k\u00f6y\u00fcndeki katliam, Osmanl\u0131 ar\u015fivleri, Genelkurmay Ba\u015fkanl\u0131\u011f\u0131n\u0131n ar\u015fivleri ile yerli ve yabanc\u0131 bilim adamlar\u0131n\u0131n eserlerinde yer al\u0131yor. Burada M\u00fcsl\u00fcman T\u00fcrk 278 \u015fehidimiz var. Burada \u015fehit olanlar, sava\u015fla uzaktan yak\u0131ndan alakas\u0131 olmayan tamamen sivil ahali.&#8221;<br \/>\nK\u00fcrk\u00e7\u00fco\u011flu, 1986 y\u0131l\u0131nda k\u00f6yde yap\u0131lan kaz\u0131 \u00e7al\u0131\u015fmas\u0131 s\u0131ras\u0131nda \u0130smail G\u00fcrcan\u2019\u0131n a\u00e7\u0131klamalar\u0131na dikkat \u00e7ekerken de o g\u00fcnleri bize bire bir ya\u015fat\u0131yor:<br \/>\n&#8220;Bu k\u00f6yde 3 ayr\u0131 b\u00f6lgede katliam yap\u0131ld\u0131. Bu k\u00f6yden olan rahmetli \u0130smail G\u00fcrcan amcam\u0131z o d\u00f6nemde 8 ya\u015f\u0131ndayken bu olaylar\u0131n i\u00e7erisinde kalm\u0131\u015f ve hadiseyi bize anlatm\u0131\u015ft\u0131. \u0130smail G\u00fcrcan amcam\u0131z\u0131n anlatt\u0131klar\u0131 bizim i\u00e7in \u00f6nemli belge niteli\u011fi ta\u015f\u0131maktad\u0131r. \u0130smail amcam\u0131z diyordu ki, &#8216;9 Mart ak\u015fam\u0131 Ermeni \u00e7eteleri k\u00f6y\u00fc bast\u0131lar. Evde annem ve benden bir ya\u015f k\u00fc\u00e7\u00fck k\u0131z karde\u015fim var. Babam, amcalar\u0131m ve day\u0131m farkl\u0131 farkl\u0131 cephelerde sava\u015ftayd\u0131lar. Bilhassa Allah\u00fcekber ve \u00c7anakkale&#8217;de olduklar\u0131n\u0131 s\u00f6yledi. Evi bas\u0131yorlar ve annemin iki kolunda iki \u00e7ocu\u011fu. Meydana topluyorlar k\u00f6y halk\u0131n\u0131. Yolda annem \u00e7ocuklar\u0131n\u0131 kurtarman\u0131n m\u00fccadelesi alt\u0131nda\u2026 Ben \u015fehit olurum ama acaba \u00e7ocuklar\u0131m\u0131 nas\u0131l kurtarabilirim d\u00fc\u015f\u00fcncesinde. Yolda s\u0131k s\u0131k sesimizi \u00e7\u0131karmamam\u0131z y\u00f6n\u00fcnde tembihte bulunuyor. K\u00f6y halk\u0131n\u0131 bu alanda topluyorlar ve d\u00f6rt bir taraftan ate\u015f etmeye ba\u015fl\u0131yorlar. Annem ba\u015f\u0131ndan ve g\u00f6\u011fs\u00fcnden ald\u0131\u011f\u0131 kur\u015funla \u015fehit d\u00fc\u015f\u00fcyor. D\u00fc\u015ferken iki yavrusunu bedeninin alt\u0131na al\u0131yor. Daha sonra sa\u011f kalanlar\u0131 s\u00fcng\u00fc ile \u015fehit ediyorlar.&#8217; \u0130smail amca daha sonra diyor ki (G\u00f6z\u00fcm\u00fc a\u00e7t\u0131\u011f\u0131mda 10 Mart&#8217;ta Birinci Kafkas Kolordusu Komutan\u0131 Kaz\u0131m Karabekir komutas\u0131ndaki Osmanl\u0131 ordusundan askerler yaram\u0131 sar\u0131yorlard\u0131. Hem ben hem de k\u0131z karde\u015fim \u015fehit annemin ola\u011fan\u00fcst\u00fc \u00e7abas\u0131yla yaral\u0131 bir \u015fekilde bu olaydan kurtulduk.)&#8221;<br \/>\nTarihi ger\u00e7ekler o g\u00fcn\u00fc ya\u015fayanlar\u0131n anlat\u0131m\u0131yla ger\u00e7ek de\u011ferini buluyor\u2026<br \/>\n\u00d6yle, uzaktan gazel \u00e7almakla olmuyor\u2026<br \/>\nT\u00fcrkler ve Soyk\u0131r\u0131m kelimelerini bir arada telaffuz etmek ise bu ba\u011flamda tam bir garabet\u2026<br \/>\nGelin, bu i\u015fi tarih\u00e7ilere b\u0131rakal\u0131m\u2026<br \/>\nSiyaseti ba\u015fka sahalarda yapal\u0131m\u2026<\/p>\n<p>[\/vc_column_text][\/vc_column][\/vc_row]<\/p>\n<\/div>","protected":false},"excerpt":{"rendered":"<p>[vc_row][vc_column][vc_column_text]Ermeni \u00e7etelerin vah\u015fetini en iyi anlatan mek\u00e2n ALACA k\u00f6y\u00fcndeki toplu mezarlar\u2026 General Antranik \u00f6nderli\u011findeki bu \u00e7etelerin yapt\u0131klar\u0131n\u0131 bire bir ya\u015fayanlara kulak verelim, \u00f6ncelikle\u2026 \u0130zzettin Elmas (Alaca K\u00f6y\u00fc Sakinlerinden) \u201cBabamdan dinledim\u2026 Ermeni \u00e7eteleri k\u00f6y sakinlerini bir yere kapam\u0131\u015flar\u2026 Sonra da s\u00fcng\u00fclemi\u015fler\u2026 Bir taraftan da kad\u0131n erkek ay\u0131rt etmeden yakm\u0131\u015flar. Yukar\u0131da bizim ev vard\u0131, oraya doldurmu\u015flar, ate\u015fe [&hellip;]<\/p>\n","protected":false},"author":14,"featured_media":3423,"comment_status":"open","ping_status":"closed","sticky":false,"template":"","format":"standard","meta":[],"categories":[78],"tags":[],"_links":{"self":[{"href":"https:\/\/www.vizyon2023.com.tr\/index.php\/wp-json\/wp\/v2\/posts\/3501"}],"collection":[{"href":"https:\/\/www.vizyon2023.com.tr\/index.php\/wp-json\/wp\/v2\/posts"}],"about":[{"href":"https:\/\/www.vizyon2023.com.tr\/index.php\/wp-json\/wp\/v2\/types\/post"}],"author":[{"embeddable":true,"href":"https:\/\/www.vizyon2023.com.tr\/index.php\/wp-json\/wp\/v2\/users\/14"}],"replies":[{"embeddable":true,"href":"https:\/\/www.vizyon2023.com.tr\/index.php\/wp-json\/wp\/v2\/comments?post=3501"}],"version-history":[{"count":1,"href":"https:\/\/www.vizyon2023.com.tr\/index.php\/wp-json\/wp\/v2\/posts\/3501\/revisions"}],"predecessor-version":[{"id":3502,"href":"https:\/\/www.vizyon2023.com.tr\/index.php\/wp-json\/wp\/v2\/posts\/3501\/revisions\/3502"}],"wp:featuredmedia":[{"embeddable":true,"href":"https:\/\/www.vizyon2023.com.tr\/index.php\/wp-json\/wp\/v2\/media\/3423"}],"wp:attachment":[{"href":"https:\/\/www.vizyon2023.com.tr\/index.php\/wp-json\/wp\/v2\/media?parent=3501"}],"wp:term":[{"taxonomy":"category","embeddable":true,"href":"https:\/\/www.vizyon2023.com.tr\/index.php\/wp-json\/wp\/v2\/categories?post=3501"},{"taxonomy":"post_tag","embeddable":true,"href":"https:\/\/www.vizyon2023.com.tr\/index.php\/wp-json\/wp\/v2\/tags?post=3501"}],"curies":[{"name":"wp","href":"https:\/\/api.w.org\/{rel}","templated":true}]}}