{"id":3486,"date":"2021-02-10T10:16:35","date_gmt":"2021-02-10T07:16:35","guid":{"rendered":"http:\/\/www.vizyon2023.com.tr\/?p=3486"},"modified":"2021-02-10T10:16:35","modified_gmt":"2021-02-10T07:16:35","slug":"afrin-gunlugu","status":"publish","type":"post","link":"https:\/\/www.vizyon2023.com.tr\/index.php\/2021\/02\/10\/afrin-gunlugu\/","title":{"rendered":"AFR\u0130N G\u00dcNL\u00dc\u011e\u00dc"},"content":{"rendered":"<p>\u201c<strong><em>Suriye\u2019de, bulundu\u011fu yere g\u00fcven, huzur ve refah getiren tek \u00fclke T\u00fcrkiye\u2019dir. <\/em><\/strong><\/p>\n<p><strong><em>Bizim d\u0131\u015f\u0131m\u0131zda, Suriye sahas\u0131nda etkin olan g\u00fc\u00e7lerin bulundu\u011fu her yerde;<\/em><\/strong><\/p>\n<p><strong><em>zul\u00fcm,huzursuzluk ve y\u0131k\u0131m vard\u0131r\u201d\u00a0 <\/em><\/strong><\/p>\n<p><strong>Recep Tayyip ERDO\u011eAN<\/strong><\/p>\n<p>&nbsp;<\/p>\n<p>Arap d\u00fcnyas\u0131\u2019nda 2010 y\u0131l\u0131nda ba\u015flayan halk hareketlerinin r\u00fczgar\u0131 \u00e7ok k\u0131sa bir s\u00fcre sonra Suriye\u2019de esmeye ba\u015flad\u0131. 2011 y\u0131l\u0131nda sivillerin daha fazla \u00f6zg\u00fcrl\u00fck ve adalet talepleri, rejimin a\u015f\u0131r\u0131 g\u00fc\u00e7 kullanmas\u0131yla i\u00e7 sava\u015fa d\u00f6nd\u00fc. \u00d6zg\u00fcr Suriye Ordusu ismiyle silahlanarak rejime kar\u015f\u0131 m\u00fccadele eden muhalifler, zaman i\u00e7erisinde g\u00f6r\u00fc\u015f ayr\u0131l\u0131\u011f\u0131na d\u00fc\u015ferek gruplara b\u00f6l\u00fcnd\u00fc. Muhalif gruplar aras\u0131nda ya\u015fanan ayr\u0131l\u0131k ve \u00e7at\u0131\u015fmalar s\u0131ras\u0131nda bir\u00e7ok ter\u00f6r \u00f6rg\u00fct\u00fc\u00a0 ortaya \u00e7\u0131kt\u0131. Ter\u00f6r \u00f6rg\u00fct\u00fc PKK\/YPG Suriye\u2019de ya\u015fayan bu kaos ortam\u0131ndan istifade ederek bir\u00e7ok Siyonist devletinde deste\u011fini alarak Irak s\u0131n\u0131r\u0131ndan \u0130dlib&#8217;e kadar uzanan T\u00fcrkiye s\u0131n\u0131r hatt\u0131nda bir ter\u00f6r koridoru olu\u015fturmak istedi. \u00a0Ter\u00f6r \u00f6rg\u00fct\u00fcn\u00fcn bu hayali TSK\u2019n\u0131n d\u00fczenledi\u011fi F\u0131rat Kalkan\u0131 ve Zeytin Dal\u0131 harekatlar\u0131 ile sonland\u0131.T\u00fcrk Silahl\u0131 Kuvvetleri\u00a0 ve\u00a0Suriye Mill\u00ee Ordusu\u00a0 b\u00fcy\u00fck bir ba\u015far\u0131 elde ettikleri F\u0131rat Kalkan\u0131 Harekat\u0131\u2019nda sonra Afrin, Azez, Tel R\u0131f&#8217;at\u00a0kentlerinde halka zul\u00fcm yapan bebek katili PKK\/YPG\/PYD ve \u0130slam d\u00fc\u015fman\u0131\u00a0I\u015e\u0130D (DEA\u015e) ter\u00f6r \u00f6rg\u00fctlerine y\u00f6nelik 20 Ocak 2018&#8217;de\u00a0Zeytin Dal\u0131 Harek\u00e2t\u0131\u2019n\u0131 ba\u015flatt\u0131. Afrin&#8217;in\u00a0ter\u00f6r \u00f6rg\u00fct\u00fc PKK\/YPG&#8217;nin i\u015fgalinden kurtar\u0131lmas\u0131\u00a0i\u00e7in F\u0131rat Kalkan\u0131 Harekat\u0131&#8217;nda \u015fehit d\u00fc\u015fen 72 T\u00fcrk askeri an\u0131s\u0131na havalanan 72 sava\u015f u\u00e7a\u011f\u0131, belirlenen ter\u00f6r hedeflerini bombalamaya ba\u015flad\u0131. Operasyonun ba\u015flad\u0131\u011f\u0131 tarihte yani 3 y\u0131l \u00f6nce bug\u00fcn oldu\u011fu gibi yine ya\u015fanan hadiseleri yak\u0131ndan takip etmek i\u00e7in Suriye topraklar\u0131nday\u0131m. Yakla\u015f\u0131k 3 y\u0131l \u00f6nce \u00f6l\u00fcm\u00fcn,zulm\u00fcn,\u00fcmitsizli\u011fin ve korkunun hakim oldu\u011fu Afrin ve civar kentlerde bug\u00fcn huzur ve g\u00fcven ortam\u0131 var. Zeytin Dal\u0131 Harekat\u0131 ba\u015flad\u0131\u011f\u0131nda sadece askeri ara\u00e7lar i\u00e7in a\u00e7\u0131lan s\u0131n\u0131r kap\u0131s\u0131 bug\u00fcn Zeytin Dal\u0131 S\u0131n\u0131r Kap\u0131s\u0131 ismi ile b\u00f6lgenin \u00f6nemli ekonomik kap\u0131s\u0131 haline geldi. A\u00e7\u0131lan g\u00fcmr\u00fck kap\u0131s\u0131yla insani yard\u0131mlar\u0131n daha kolay ula\u015ft\u0131r\u0131lmas\u0131 ve altyap\u0131 \u00e7al\u0131\u015fmalar\u0131n\u0131n daha h\u0131zl\u0131 ilerletilmesi sa\u011flanm\u0131\u015ft\u0131r. S\u0131n\u0131r Kap\u0131s\u0131\u00a0ile\u00a0Afrin&#8217;in Cinderes\u00a0beldesini birbirine ba\u011flayan kara yolu Hatay Valili\u011fi\u00a0 koordinesinde Karayollar\u0131 Genel M\u00fcd\u00fcrl\u00fc\u011f\u00fc\u2019n\u00fcn ilgili birimleri taraf\u0131ndan tamamlanarak hizmete a\u00e7\u0131lm\u0131\u015f durumda. \u00c7ift \u015feritli asfalt yoldan Cinderes beldesine \u00e7ok k\u0131sa bir s\u00fcrede ula\u015ft\u0131k. Belde merkezi Anadolu\u2019nun bir \u015fehir merkezinden fark\u0131 yok. Sava\u015f\u0131n izleri her ne kadar g\u00f6n\u00fcl ve beyinde silinmemi\u015f olsa da \u00a0sokaklarda ya\u015fama dair her \u015fey var. Sokaklar canl\u0131 ve hareketli. Bir s\u00fcre burada durduktan sonra Afrin\u2019e hareket ettik. Afrin\u2019e varana kadar g\u00f6z\u00fcm\u00fcz\u00fcn alabildi\u011fi her yer zeytin a\u011fa\u00e7lar\u0131 ile dolu. As\u0131rl\u0131k, yar\u0131m as\u0131rl\u0131k bu a\u011fa\u00e7lar zaman\u0131nda \u00f6yle bir dikilmi\u015f ki sanki cetvel ile \u00e7izilmi\u015f, ip ile dizilmi\u015f bir g\u00f6rsel g\u00fczellik var. Ve Afrin\u2019deyiz. \u00c7anakkale Zaferi&#8217;nin 103. y\u0131l d\u00f6n\u00fcm\u00fcnde yani 18 Mart 2018\u2019de Afrin \u015fehir merkezi TSK deste\u011findeki \u00d6SO taraf\u0131ndan tamamen kontrol alt\u0131na al\u0131nmas\u0131 sonras\u0131 Afrin y\u00f6netim binas\u0131 ele ge\u00e7iren silah arkada\u015flar\u0131m o g\u00fcn \u015eanl\u0131 Bayra\u011f\u0131m\u0131z\u0131 g\u00f6ndere \u00e7ekmi\u015fti. Cumhurba\u015fkan\u0131 Ba\u015fdan\u0131\u015fman\u0131 ayn\u0131 zamanda\u00a0 G\u00fcvenlik ve D\u0131\u015f Politikalar Kurulu \u00fcyesi Prof. Dr.\u00a0Seyit SERT\u00c7EL\u0130K hocam ile ayn\u0131 binada, ayn\u0131 balkonda \u015eanl\u0131 Bayra\u011f\u0131m\u0131z\u0131n e\u015fsiz g\u00f6lgesinde birka\u00e7 kare foto\u011fraf \u00e7ekildikten sonra \u015fimdi Afrin sokaklar\u0131nday\u0131z. T\u00fcrk askeri, gitti\u011fi her yere huzur ve g\u00fcven da\u011f\u0131tmaya devam ediyor s\u00f6z\u00fcn\u00fcn adeta uygulamas\u0131n\u0131 Afrin\u2019e daha ayak basar basmaz hissediyoruz. Ter\u00f6ristlerin i\u015fgaline son verilmesinin ard\u0131ndan ya\u015fam\u0131n normale d\u00f6nmesi ile ter\u00f6r \u00f6rg\u00fct\u00fcne ait izler silinmi\u015f ve TSK\u2019n\u0131n verdi\u011fi g\u00fcvence sayesinde 20 Mart 2018&#8217;den itibaren evlerine d\u00f6nen siviller ile Afrin\u2019in n\u00fcfusu bug\u00fcn 400 bini ge\u00e7mi\u015f durumda. Yakla\u015f\u0131k 3 y\u0131l \u00f6nce ma\u015fa ter\u00f6r \u00f6rg\u00fct\u00fc PKK\/YPG\u2019nin zul\u00fcm \u00fczerine kurmu\u015f oldu\u011fu y\u00f6netim d\u00fczeni y\u0131k\u0131lm\u0131\u015f yerine huzur ve g\u00fcven gelmi\u015f. Korku dolu g\u00fcnlerin geride kalmas\u0131yla yaralar\u0131n sar\u0131ld\u0131\u011f\u0131 Afrin\u2019de ya\u015fayan siviller, T\u00fcrkiye ile \u00f6zg\u00fcrl\u00fc\u011fe kavu\u015fman\u0131n mutlulu\u011funu ya\u015f\u0131yor. Ter\u00f6ristlerin kol gezdi\u011fi Afrin&#8217;de art\u0131k huzur ve g\u00fcven hakim. Mart 2018\u2019e kadar ter\u00f6r \u00f6rg\u00fct\u00fc sivillerden zorla vergi al\u0131yor ve ticaret yapanlara zorla ortak oluyordu. Zeytin Dal\u0131 \u00a0Harekat\u0131 sonras\u0131 esnaf\u0131n y\u00fcz\u00fc g\u00fclmekte ve huzurlu bir ortamda ticaretlerini yapmaktalar. B\u00f6lgede Hatay Valili\u011fi&#8217;nin koordinasyonunda e\u011fitim, sa\u011fl\u0131k, tar\u0131m ve alt-yap\u0131 \u00e7al\u0131\u015fmalar\u0131na h\u0131z kesmeden devam edilmekte. B\u00f6lgede hayat\u0131n normale d\u00f6nmesi ad\u0131na, T\u00fcrkiye&#8217;nin destekledi\u011fi yerel meclisler yoluyla tar\u0131m, sanayi, ticaret, k\u00fclt\u00fcr, spor, sa\u011fl\u0131k, e\u011fitim gibi alanlarda b\u00f6lge halk\u0131na yard\u0131mc\u0131 olunuyor. Afrin&#8217;deki zeytincilik ba\u015fta olmak \u00fczere tar\u0131m ve ziraat faaliyetleri h\u0131zla devam etmektedir. Ter\u00f6r \u00f6rg\u00fct\u00fcnde kurtulan Afrin\u2019de bir \u00e7ok \u00a0zeytinya\u011f\u0131 ve sabun fabrikalar\u0131 a\u00e7\u0131lm\u0131\u015f ve \u00fcretime ba\u015flam\u0131\u015f durumdalar. \u00c7ar\u015f\u0131 ve pazarlar hem ticari hem de sosyal ya\u015fant\u0131 olarak \u00e7ok canl\u0131. Huzur ortam\u0131n\u0131n etkisi ile bir \u00e7ok kuyumcu ve d\u00f6viz b\u00fcrosu yan\u0131 s\u0131ra PTT\u2019de bankac\u0131l\u0131k i\u00e7in hizmetleri i\u00e7in \u015fube a\u00e7m\u0131\u015f durumda.Bir d\u00f6nem PKK\/YPG ter\u00f6r \u00f6rg\u00fct\u00fcn\u00fcn karargah haline getirdi\u011fi hastane ve okullar bak\u0131m-onar\u0131m faaliyetlerinden sonra yeniden hizmete a\u00e7\u0131lm\u0131\u015f. \u015eimdi Afrin\u2019de Suriyeli doktorlar, hem\u015fireler, memurlar \u00e7al\u0131\u015f\u0131yor. Harekat b\u00f6lgesinde ya\u015fayanlara\u00a0yeni kimlikler\u00a0veriliyor. Afrin\u2019de bulunan b\u00fct\u00fcn ara\u00e7lara\u00a0yeni plaka\u00a0veriliyor. G\u00fcvenlik \u00f6nlemleri alt\u0131nda\u00a0Afrin\u00a0\u015fehir merkezine kent g\u00fcvenlik sistemi kuruldu. \u015eehrin kritik b\u00fct\u00fcn noktalar\u0131na MOBESE sistemi kuruldu. \u015eehrin g\u00fcvenli\u011fini sa\u011flamak i\u00e7in olu\u015fturulan yerel polis birimi \u015eurta 7\/24 esas\u0131na g\u00f6re g\u00f6rev yapmaktalar. Adalet Bakanl\u0131\u011f\u0131 b\u00f6lgeye koordinat\u00f6r savc\u0131lar atayarak Afrin&#8217;de bulunan adalet saray\u0131 ile adil yarg\u0131lanman\u0131n \u00f6n\u00fc a\u00e7\u0131lm\u0131\u015ft\u0131r.Ter\u00f6r su\u00e7lar\u0131na kar\u0131\u015fanlar, kurulan mahkemelerce yarg\u0131lan\u0131yor. Yerel g\u00fc\u00e7lerin denetimindeki Afrin cezaevinde \u00e7o\u011fu ter\u00f6r \u00f6rg\u00fctleri PKK\/YPG ve DEA\u015e&#8217;a mensup mahkumlar tutuluyor.\u00a0Cezaevinde ter\u00f6r su\u00e7undan h\u00fck\u00fcm giymi\u015f kad\u0131n mahkumlar da var. Farkl\u0131 \u00fclkelerden gelen kad\u0131nlar, Suriye&#8217;de hi\u00e7bir tan\u0131d\u0131klar\u0131 olmad\u0131\u011f\u0131 i\u00e7in ko\u011fu\u015flar\u0131nda \u00e7ocuklar\u0131yla beraber kal\u0131yor. Cezaevi y\u00f6netimi \u00e7ocuklar i\u00e7in ayr\u0131 bir b\u00f6l\u00fcm yapm\u0131\u015f.Seyit hocam ile\u00a0 Afrin sokaklar\u0131nda y\u00fcr\u00fcrken devletimizin g\u00fcc\u00fcn\u00fc net bir \u015fekilde g\u00f6rd\u00fck.Huzur ve g\u00fcvenin tesis edildi\u011fi \u015fehrin bir\u00e7ok noktas\u0131nda \u015eanl\u0131 Bayra\u011f\u0131m\u0131z\u0131 ve Cumhurba\u015fkan\u0131m\u0131z Say\u0131n Recep Tayyip Erdo\u011fan\u2019\u0131n posterlerini g\u00f6rd\u00fck. Suriyeli karde\u015flerimizin \u00f6zellikle \u00e7ocuklar\u0131n milletimize ve \u00fclkemize sevgisini g\u00f6rd\u00fck. Cumhurba\u015fkan\u0131m\u0131z Say\u0131n Recep Tayyip Erdo\u011fan\u2019\u0131n \u00a0<strong><em>\u201cAfrin \u015fehir merkezinde art\u0131k ter\u00f6r \u00f6rg\u00fct\u00fcn\u00fcn pa\u00e7avralar\u0131 de\u011fil, huzurun ve g\u00fcvenin sembolleri dalgalan\u0131yor. \u015eu anda orada T\u00fcrk bayra\u011f\u0131 dalgalan\u0131yor, \u00d6zg\u00fcr Suriye Ordusu&#8217;nun bayra\u011f\u0131 dalgalan\u0131yor\u201d<\/em><\/strong>\u00a0 s\u00f6zleri ile yaz\u0131ma son verirken\u00a0 <strong>\u2018S\u0130LAHLARIN SUSTU\u011eU B\u0130R D\u00dcNYA\u2019<\/strong> istiyorum t\u00fcm insanl\u0131k ad\u0131na.<\/p>\n<p>&nbsp;<\/p>\n<p><strong>\u00a0\u00a0\u00a0\u00a0\u00a0\u00a0\u00a0\u00a0\u00a0\u00a0\u00a0\u00a0\u00a0\u00a0\u00a0\u00a0\u00a0\u00a0\u00a0\u00a0\u00a0\u00a0\u00a0\u00a0\u00a0\u00a0\u00a0\u00a0\u00a0\u00a0\u00a0\u00a0\u00a0\u00a0\u00a0\u00a0\u00a0\u00a0\u00a0\u00a0\u00a0\u00a0\u00a0\u00a0\u00a0\u00a0\u00a0\u00a0\u00a0\u00a0\u00a0\u00a0\u00a0\u00a0\u00a0\u00a0\u00a0\u00a0\u00a0\u00a0\u00a0\u00a0\u00a0\u00a0\u00a0\u00a0\u00a0\u00a0\u00a0\u00a0 Dr. \u0130mbat MU\u011eLU<\/strong><\/p>\n<p><strong>\u00a0<\/strong><\/p>\n","protected":false},"excerpt":{"rendered":"<p>\u201cSuriye\u2019de, bulundu\u011fu yere g\u00fcven, huzur ve refah getiren tek \u00fclke T\u00fcrkiye\u2019dir. Bizim d\u0131\u015f\u0131m\u0131zda, Suriye sahas\u0131nda etkin olan g\u00fc\u00e7lerin bulundu\u011fu her yerde; zul\u00fcm,huzursuzluk ve y\u0131k\u0131m vard\u0131r\u201d\u00a0 Recep Tayyip ERDO\u011eAN &nbsp; Arap d\u00fcnyas\u0131\u2019nda 2010 y\u0131l\u0131nda ba\u015flayan halk hareketlerinin r\u00fczgar\u0131 \u00e7ok k\u0131sa bir s\u00fcre sonra Suriye\u2019de esmeye ba\u015flad\u0131. 2011 y\u0131l\u0131nda sivillerin daha fazla \u00f6zg\u00fcrl\u00fck ve adalet talepleri, rejimin [&hellip;]<\/p>\n","protected":false},"author":13,"featured_media":3407,"comment_status":"open","ping_status":"closed","sticky":false,"template":"","format":"standard","meta":[],"categories":[1],"tags":[],"_links":{"self":[{"href":"https:\/\/www.vizyon2023.com.tr\/index.php\/wp-json\/wp\/v2\/posts\/3486"}],"collection":[{"href":"https:\/\/www.vizyon2023.com.tr\/index.php\/wp-json\/wp\/v2\/posts"}],"about":[{"href":"https:\/\/www.vizyon2023.com.tr\/index.php\/wp-json\/wp\/v2\/types\/post"}],"author":[{"embeddable":true,"href":"https:\/\/www.vizyon2023.com.tr\/index.php\/wp-json\/wp\/v2\/users\/13"}],"replies":[{"embeddable":true,"href":"https:\/\/www.vizyon2023.com.tr\/index.php\/wp-json\/wp\/v2\/comments?post=3486"}],"version-history":[{"count":1,"href":"https:\/\/www.vizyon2023.com.tr\/index.php\/wp-json\/wp\/v2\/posts\/3486\/revisions"}],"predecessor-version":[{"id":3487,"href":"https:\/\/www.vizyon2023.com.tr\/index.php\/wp-json\/wp\/v2\/posts\/3486\/revisions\/3487"}],"wp:featuredmedia":[{"embeddable":true,"href":"https:\/\/www.vizyon2023.com.tr\/index.php\/wp-json\/wp\/v2\/media\/3407"}],"wp:attachment":[{"href":"https:\/\/www.vizyon2023.com.tr\/index.php\/wp-json\/wp\/v2\/media?parent=3486"}],"wp:term":[{"taxonomy":"category","embeddable":true,"href":"https:\/\/www.vizyon2023.com.tr\/index.php\/wp-json\/wp\/v2\/categories?post=3486"},{"taxonomy":"post_tag","embeddable":true,"href":"https:\/\/www.vizyon2023.com.tr\/index.php\/wp-json\/wp\/v2\/tags?post=3486"}],"curies":[{"name":"wp","href":"https:\/\/api.w.org\/{rel}","templated":true}]}}