{"id":3482,"date":"2021-02-10T10:13:41","date_gmt":"2021-02-10T07:13:41","guid":{"rendered":"http:\/\/www.vizyon2023.com.tr\/?p=3482"},"modified":"2021-02-10T10:14:10","modified_gmt":"2021-02-10T07:14:10","slug":"inaniyorum-her-akliselim-sahibi-asi-yaptiracak","status":"publish","type":"post","link":"https:\/\/www.vizyon2023.com.tr\/index.php\/2021\/02\/10\/inaniyorum-her-akliselim-sahibi-asi-yaptiracak\/","title":{"rendered":"\u0130nan\u0131yorum her akl\u0131selim sahibi A\u015eI YAPTIRACAK\u2026"},"content":{"rendered":"<p>A\u015eI konusu epey su kald\u0131r\u0131r bir konu oldu, bug\u00fcnlerde\u2026<\/p>\n<p>Yok, \u00c7in A\u015f\u0131s\u0131, Alman A\u015f\u0131s\u0131, yok efendim \u0130ngiliz A\u015f\u0131s\u0131, Amerikan A\u015f\u0131s\u0131\u2026<\/p>\n<p>Kanaatimce konuya bu perspektiften bakmak \u00e7ok do\u011fru de\u011fil\u2026<\/p>\n<p>Sa\u011fl\u0131k Bakan\u0131m\u0131z Say\u0131n Fahrettin Koca\u2019n\u0131n da dedi\u011fi gibi \u00f6ncelikle ele almam\u0131z gereken husus, a\u015f\u0131n\u0131n hangi y\u00f6ntemle \u00fcretildi\u011fi hususu\u2026<\/p>\n<p>\u00c7\u00fcnk\u00fc a\u015f\u0131n\u0131n y\u00f6ntemi, a\u015f\u0131n\u0131n g\u00fcvenilir olup olmad\u0131\u011f\u0131n\u0131 birinci derece etkiliyor.<\/p>\n<p>Korona a\u015f\u0131s\u0131nda iki y\u00f6ntem var\u2026<\/p>\n<p>Birincisi \u0130naktif vir\u00fcs a\u015f\u0131lar\u0131..<\/p>\n<p>\u0130kincisi, mRNA y\u00f6ntemiyle \u00fcretilen a\u015f\u0131lar\u2026<\/p>\n<p>Yine yap\u0131lan analizler do\u011frultusunda bu bilgiyi sizlerle payla\u015f\u0131yorum.<\/p>\n<p>\u0130naktif y\u00f6ntemle \u00fcretilen a\u015f\u0131lar daha g\u00fcvenilirdir.<\/p>\n<p>Tarihte bilinen en iyi y\u00f6ntem de budur.<\/p>\n<p>\u00c7\u00fcnk\u00fc, bu t\u00fcr a\u015f\u0131lar\u0131n uzun vadeli sonu\u00e7lar\u0131 biliniyor\u2026<\/p>\n<p>Gelelim vir\u00fcs\u00fcn genetik yoluyla geli\u015ftirilen mRNA a\u015f\u0131lar\u0131na\u2026<\/p>\n<p>K\u0131sa vadede iyi sonu\u00e7\u00a0 verse de orta ve uzun vadede nas\u0131l bir etki yapaca\u011f\u0131 bilinmiyor.<\/p>\n<p>O nedenle \u00c7in A\u015f\u0131s\u0131 daha etkin gibi geliyor, bana\u2026<\/p>\n<p>Yine Sa\u011fl\u0131k Bakan\u0131m\u0131z Say\u0131n Koca\u2019n\u0131n \u015fu a\u00e7\u0131klamas\u0131 da \u00e7ok ama \u00e7ok \u00f6nemli\u2026<\/p>\n<p><strong>\u201c\u00c7in a\u015f\u0131s\u0131, <\/strong><strong>\u0130naktif y\u00f6ntemle \u00fcretildi. Bu y\u00f6ntemi kullanmas\u0131 nedeniyle daha fazla tercih edilmesi gereken a\u015f\u0131d\u0131r. \u00dcretildi\u011fi \u00fclkeye odaklanmak yanl\u0131\u015f, y\u00f6nteme odaklanmak laz\u0131m\u2026 Ben diyorum ki bu y\u00f6ntem, en eski y\u00f6ntemdir. Y\u0131llard\u0131r bu y\u00f6nteme dayal\u0131 olarak a\u015f\u0131lar \u00fcretildi. Uzun vadede test edilmi\u015ftir. Bir yan tesiri yoktur.\u201d<\/strong><\/p>\n<p>\u0130\u015fte o nedenle, biz, \u00fclke olarak 50 milyon doz a\u015f\u0131 ile ilk a\u015f\u0131layan \u00fclkeler aras\u0131na girme konusunda kararl\u0131y\u0131z\u2026<\/p>\n<p>Halk Sa\u011fl\u0131\u011f\u0131 ve T\u00fcrkiye \u0130la\u00e7 ve T\u0131bbi Cihaz Kurumumuzun laboratuvarlar\u0131nda yap\u0131lacak incelemeler sonras\u0131 A\u015eILAMA ba\u015flayacak\u2026<\/p>\n<p>Bu ba\u011flamda, vatanda\u015flar\u0131m\u0131za A\u015eILAMANIN FAYDALARI anlat\u0131lmal\u0131\u2026<\/p>\n<p>Bilim Kurulu\u2019nun da bu noktada tavsiyeleri var\u2026<\/p>\n<p><strong>Diyorlar ki; Hangi a\u015f\u0131lar\u0131n hangi y\u00f6ntemle \u00fcretildi\u011fini, hangi y\u00f6ntemin daha iyi bir y\u00f6ntem oldu\u011funu vatanda\u015f\u0131m\u0131za anlataca\u011f\u0131z. A\u015f\u0131n\u0131n men\u015feine de\u011fil de y\u00f6ntemine odaklan\u0131lmas\u0131 gerekti\u011fine de vurgu yapaca\u011f\u0131z\u2026<\/strong><\/p>\n<p>\u0130nan\u0131yorum her akl\u0131selim sahibi A\u015eI YAPTIRACAK\u2026<\/p>\n<p>Ve, salg\u0131n kontrol alt\u0131na al\u0131narak, eski normale do\u011fru emin ad\u0131mlarla y\u00fcr\u00fcyece\u011fiz\u2026<\/p>\n<p><strong>En kalbi sevgi ve sayg\u0131lar\u0131mla\u2026<\/strong><\/p>\n","protected":false},"excerpt":{"rendered":"<p>A\u015eI konusu epey su kald\u0131r\u0131r bir konu oldu, bug\u00fcnlerde\u2026 Yok, \u00c7in A\u015f\u0131s\u0131, Alman A\u015f\u0131s\u0131, yok efendim \u0130ngiliz A\u015f\u0131s\u0131, Amerikan A\u015f\u0131s\u0131\u2026 Kanaatimce konuya bu perspektiften bakmak \u00e7ok do\u011fru de\u011fil\u2026 Sa\u011fl\u0131k Bakan\u0131m\u0131z Say\u0131n Fahrettin Koca\u2019n\u0131n da dedi\u011fi gibi \u00f6ncelikle ele almam\u0131z gereken husus, a\u015f\u0131n\u0131n hangi y\u00f6ntemle \u00fcretildi\u011fi hususu\u2026 \u00c7\u00fcnk\u00fc a\u015f\u0131n\u0131n y\u00f6ntemi, a\u015f\u0131n\u0131n g\u00fcvenilir olup olmad\u0131\u011f\u0131n\u0131 birinci derece [&hellip;]<\/p>\n","protected":false},"author":14,"featured_media":3423,"comment_status":"open","ping_status":"closed","sticky":false,"template":"","format":"standard","meta":[],"categories":[78],"tags":[],"_links":{"self":[{"href":"https:\/\/www.vizyon2023.com.tr\/index.php\/wp-json\/wp\/v2\/posts\/3482"}],"collection":[{"href":"https:\/\/www.vizyon2023.com.tr\/index.php\/wp-json\/wp\/v2\/posts"}],"about":[{"href":"https:\/\/www.vizyon2023.com.tr\/index.php\/wp-json\/wp\/v2\/types\/post"}],"author":[{"embeddable":true,"href":"https:\/\/www.vizyon2023.com.tr\/index.php\/wp-json\/wp\/v2\/users\/14"}],"replies":[{"embeddable":true,"href":"https:\/\/www.vizyon2023.com.tr\/index.php\/wp-json\/wp\/v2\/comments?post=3482"}],"version-history":[{"count":1,"href":"https:\/\/www.vizyon2023.com.tr\/index.php\/wp-json\/wp\/v2\/posts\/3482\/revisions"}],"predecessor-version":[{"id":3483,"href":"https:\/\/www.vizyon2023.com.tr\/index.php\/wp-json\/wp\/v2\/posts\/3482\/revisions\/3483"}],"wp:featuredmedia":[{"embeddable":true,"href":"https:\/\/www.vizyon2023.com.tr\/index.php\/wp-json\/wp\/v2\/media\/3423"}],"wp:attachment":[{"href":"https:\/\/www.vizyon2023.com.tr\/index.php\/wp-json\/wp\/v2\/media?parent=3482"}],"wp:term":[{"taxonomy":"category","embeddable":true,"href":"https:\/\/www.vizyon2023.com.tr\/index.php\/wp-json\/wp\/v2\/categories?post=3482"},{"taxonomy":"post_tag","embeddable":true,"href":"https:\/\/www.vizyon2023.com.tr\/index.php\/wp-json\/wp\/v2\/tags?post=3482"}],"curies":[{"name":"wp","href":"https:\/\/api.w.org\/{rel}","templated":true}]}}