{"id":3463,"date":"2020-06-03T11:40:23","date_gmt":"2020-06-03T08:40:23","guid":{"rendered":"http:\/\/www.vizyon2023.com.tr\/?p=3463"},"modified":"2020-06-03T16:13:43","modified_gmt":"2020-06-03T13:13:43","slug":"darbeci-hafter-ve-libya","status":"publish","type":"post","link":"https:\/\/www.vizyon2023.com.tr\/index.php\/2020\/06\/03\/darbeci-hafter-ve-libya\/","title":{"rendered":"M\u0130T\u2019\u0130N BA\u015eARISI"},"content":{"rendered":"<p>15 Temmuz hain FET\u00d6 darbesinden sonra Milli \u0130stihbarat Te\u015fkilat\u0131 (M\u0130T)\u00a0 ile g\u00fcvenlik g\u00fc\u00e7leri Emniyet Te\u015fkilat\u0131 ve T\u00fcrk Silahl\u0131 Kuvvetleri (TSK)\u00a0 her alandaki\u00a0 i\u015f birli\u011fini ve\u00a0 koordineli \u00e7al\u0131\u015fmalar\u0131n\u0131 en \u00fcst seviyeye \u00e7\u0131kararak\u00a0 ter\u00f6r\u00a0 \u00f6rg\u00fctlerine g\u00f6z a\u00e7t\u0131rm\u0131yorlar.Ba\u015fta PKK ve FET\u00d6\u2019n\u00fcn \u00fcst d\u00fczey y\u00f6neticileri olmak \u00fczere di\u011fer ter\u00f6r \u00f6rg\u00fctlerine hem yurt i\u00e7inde, hem de yurt d\u0131\u015f\u0131nda takipleri yap\u0131larak uygun zaman ve yerde etkisiz hale getirilmektedir.15 Temmuz darbe giri\u015fiminden sonra\u00a0 M\u0130T\u2019in d\u00fcnyan\u0131n d\u00f6rt bir yan\u0131nda yapt\u0131\u011f\u0131 operasyonlarla FET\u00d6\u2019n\u00fcn firari ter\u00f6ristlerini \u2018paketleyip\u2019 T\u00fcrkiye\u2019ye getirmesi, hem ter\u00f6ristba\u015f\u0131 Fetullah G\u00fclen hem de firari FET\u00d6\u2019c\u00fcleri panikletmi\u015f ve yakalanabilece\u011fi korkusu ta\u015f\u0131d\u0131klar\u0131 g\u00f6r\u00fclm\u00fc\u015ft\u00fcr. M\u0130T\u2019nin bu ba\u015far\u0131l\u0131 operasyonlar\u0131n hainler \u00fczerinde yaratm\u0131\u015f oldu\u011fu korku yank\u0131s\u0131 bebek katili PKK\u2019l\u0131 ter\u00f6ristleri de sard\u0131. Sincar\u2019daki\u00a0 \u00f6rg\u00fct kamplar\u0131nda saklanan s\u00f6zde PKK Y\u00fcr\u00fctme Konseyi \u00fcyesi \u0130smail \u00d6zden\u2019de, M\u0130T operasyonuyla Irak\u2019 ta etkisiz hale getirilmi\u015f, ard\u0131ndan \u00f6rg\u00fct y\u00f6neticilerinin panik haldeki a\u00e7\u0131klamalar\u0131 sosyal medyaya da yans\u0131m\u0131\u015ft\u0131.\u00a0M\u0130T yurt d\u0131\u015f\u0131nda paketledi\u011fi ter\u00f6ristleri T\u00fcrkiye\u2019ye getirmeye devam ediyor. Milli \u0130stihbarat Te\u015fkilat\u0131\u00a0(M\u0130T)\u00a0ve\u00a0T\u00fcrk Silahl\u0131 Kuvvetlerinin (TSK)\u00a0taraf\u0131ndan s\u0131n\u0131r \u00f6tesi ortak operasyonlar\u0131 s\u00fcrekli devam etmektedir.M\u0130T ve TSK&#8217;n\u0131n PKK ter\u00f6r \u00f6rg\u00fct\u00fcn\u00fcn s\u00f6zde kalesi olan Kandil ve ikinci Kandil olarak g\u00f6rd\u00fc\u011f\u00fc Sincar b\u00f6lgesinde \u00f6rg\u00fct\u00fcn y\u00f6netim kadrosunda olanlara y\u00f6nelik nokta operasyonlar\u0131 sonras\u0131 PKK&#8217;n\u0131n s\u00f6zde lider kadrosunda yer alan ter\u00f6rist ba\u015flar\u0131ndan Murat Karay\u0131lan, Cemil Bay\u0131k, Mustafa Karasu, Duran Kalkan ve Sabri Ok&#8217;u \u00f6l\u00fcm korkusu sard\u0131. Ter\u00f6r \u00f6rg\u00fct\u00fcn\u00fcn \u00fcst d\u00fczey eleba\u015flar\u0131n\u0131n yakalanma ve \u00f6ld\u00fcr\u00fclme korkusuyla kendilerini sivillerin de i\u00e7inde bulundu\u011fu kamplar ve s\u0131\u011f\u0131naklarda bile g\u00fcvende hissetmeyip uzun s\u00fcre ayn\u0131 noktada kalmad\u0131\u011f\u0131 s\u00fcrekli Irak, Suriye ve \u0130ran \u00fc\u00e7geninde yer de\u011fi\u015ftirip gizlendikleri bilinmektedir.M\u0130T\u2019in amans\u0131z takibi, TSK\u2019n\u0131n ise verilen bilgiler do\u011frultusunda yerli ve milli S\u0130HA ve \u0130HA&#8217;lar ile ter\u00f6r \u00f6rg\u00fct\u00fcne darbe \u00fcst\u00fcne darbe vurmas\u0131yla birlikte inlerinden \u00e7\u0131kamayacak noktaya gelen ter\u00f6r \u00f6rg\u00fct\u00fc eleba\u015flar\u0131 telsiz kullan\u0131m\u0131n\u0131 dahi b\u0131rak\u0131p kuryeler arac\u0131l\u0131\u011f\u0131yla ileti\u015fim kurmaya ba\u015flad\u0131lar.Milli unsurlar\u0131m\u0131z\u0131n yaratm\u0131\u015f oldu\u011fu bu korku ile ter\u00f6rist eleba\u015f\u0131 Murat Karay\u0131lan\u0131n, ter\u00f6r \u00f6rg\u00fct\u00fcn\u00fcn \u00fcst d\u00fczey bir \u00e7ok isminin \u00f6ld\u00fcr\u00fcld\u00fc\u011f\u00fcn\u00fc bizzat a\u00e7\u0131klayarak, bu isimler aras\u0131nda PKK Ba\u015fkanl\u0131k ve Y\u00fcr\u00fctme Konseyi \u00fcyelerinin, KCK Y\u00fcr\u00fctme Konseyi \u00dcyelerinin,PKK D\u0131\u015f \u0130li\u015fkiler Sorumlusunun,PKK s\u00f6zc\u00fcs\u00fc ile birlikte bir \u00e7ok y\u00f6netici ter\u00f6ristlerin \u00f6ld\u00fcr\u00fclmesinin \u00f6rg\u00fct i\u00e7in \u00e7ok b\u00fcy\u00fck kay\u0131p oldu\u011funu da itiraf ederek \u00f6rg\u00fct\u00fcn neredeyse bitme noktas\u0131na geldi\u011fi anla\u015f\u0131lmaktad\u0131r.S\u0131n\u0131r \u00f6tesinde etkisiz hale getirilen ter\u00f6ristlerle birlikte \u00a0imha edilen depolar ve s\u0131\u011f\u0131naklarla lojistik a\u011f\u0131 \u00e7\u00f6ken PKK&#8217;ya yurt i\u00e7inde de darbe \u00fczerine darbe vurulmaktad\u0131r.Ayn\u0131 zamanda ter\u00f6r \u00f6rg\u00fct\u00fcne yurt i\u00e7indeki kat\u0131l\u0131mlar s\u0131f\u0131rlanma d\u00fczeyine d\u00fc\u015fmesi ile de b\u00fcy\u00fck bir \u00e7\u00f6k\u00fc\u015f ba\u015flad\u0131.<br \/>\n<strong>Dr.\u0130mbat MU\u011eLU<\/strong><\/p>\n","protected":false},"excerpt":{"rendered":"<p>15 Temmuz hain FET\u00d6 darbesinden sonra Milli \u0130stihbarat Te\u015fkilat\u0131 (M\u0130T)\u00a0 ile g\u00fcvenlik g\u00fc\u00e7leri Emniyet Te\u015fkilat\u0131 ve T\u00fcrk Silahl\u0131 Kuvvetleri (TSK)\u00a0 her alandaki\u00a0 i\u015f birli\u011fini ve\u00a0 koordineli \u00e7al\u0131\u015fmalar\u0131n\u0131 en \u00fcst seviyeye \u00e7\u0131kararak\u00a0 ter\u00f6r\u00a0 \u00f6rg\u00fctlerine g\u00f6z a\u00e7t\u0131rm\u0131yorlar.Ba\u015fta PKK ve FET\u00d6\u2019n\u00fcn \u00fcst d\u00fczey y\u00f6neticileri olmak \u00fczere di\u011fer ter\u00f6r \u00f6rg\u00fctlerine hem yurt i\u00e7inde, hem de yurt d\u0131\u015f\u0131nda takipleri yap\u0131larak [&hellip;]<\/p>\n","protected":false},"author":13,"featured_media":3407,"comment_status":"open","ping_status":"closed","sticky":false,"template":"","format":"standard","meta":[],"categories":[1],"tags":[],"_links":{"self":[{"href":"https:\/\/www.vizyon2023.com.tr\/index.php\/wp-json\/wp\/v2\/posts\/3463"}],"collection":[{"href":"https:\/\/www.vizyon2023.com.tr\/index.php\/wp-json\/wp\/v2\/posts"}],"about":[{"href":"https:\/\/www.vizyon2023.com.tr\/index.php\/wp-json\/wp\/v2\/types\/post"}],"author":[{"embeddable":true,"href":"https:\/\/www.vizyon2023.com.tr\/index.php\/wp-json\/wp\/v2\/users\/13"}],"replies":[{"embeddable":true,"href":"https:\/\/www.vizyon2023.com.tr\/index.php\/wp-json\/wp\/v2\/comments?post=3463"}],"version-history":[{"count":2,"href":"https:\/\/www.vizyon2023.com.tr\/index.php\/wp-json\/wp\/v2\/posts\/3463\/revisions"}],"predecessor-version":[{"id":3467,"href":"https:\/\/www.vizyon2023.com.tr\/index.php\/wp-json\/wp\/v2\/posts\/3463\/revisions\/3467"}],"wp:featuredmedia":[{"embeddable":true,"href":"https:\/\/www.vizyon2023.com.tr\/index.php\/wp-json\/wp\/v2\/media\/3407"}],"wp:attachment":[{"href":"https:\/\/www.vizyon2023.com.tr\/index.php\/wp-json\/wp\/v2\/media?parent=3463"}],"wp:term":[{"taxonomy":"category","embeddable":true,"href":"https:\/\/www.vizyon2023.com.tr\/index.php\/wp-json\/wp\/v2\/categories?post=3463"},{"taxonomy":"post_tag","embeddable":true,"href":"https:\/\/www.vizyon2023.com.tr\/index.php\/wp-json\/wp\/v2\/tags?post=3463"}],"curies":[{"name":"wp","href":"https:\/\/api.w.org\/{rel}","templated":true}]}}