{"id":3424,"date":"2020-02-25T11:23:13","date_gmt":"2020-02-25T08:23:13","guid":{"rendered":"http:\/\/www.vizyon2023.com.tr\/?p=3424"},"modified":"2020-02-25T11:23:13","modified_gmt":"2020-02-25T08:23:13","slug":"2020de-turkiye-icin-degisim-basliyor","status":"publish","type":"post","link":"https:\/\/www.vizyon2023.com.tr\/index.php\/2020\/02\/25\/2020de-turkiye-icin-degisim-basliyor\/","title":{"rendered":"2020\u2019de T\u00fcrkiye i\u00e7in  DE\u011e\u0130\u015e\u0130M BA\u015eLIYOR\u2026"},"content":{"rendered":"<p>N\u00fcfusumuz h\u0131zla art\u0131yor\u2026<\/p>\n<p>Son rakamlar 83 milyonu a\u015ft\u0131\u011f\u0131m\u0131z\u0131 g\u00f6steriyor\u2026<\/p>\n<p>Ve, hepimizin, gelece\u011fe d\u00f6n\u00fck k\u00fc\u00e7\u00fck-b\u00fcy\u00fck beklentileri var.<\/p>\n<p>\u00dclke olarak da \u201ciyi bir noktaya eri\u015fmenin \u00e7abas\u0131 i\u00e7erisindeyiz\u201d..<\/p>\n<p>2019\u2019un \u00fc\u00e7\u00fcnc\u00fc \u00e7eyre\u011finden itibaren ekonominin art\u0131 b\u00fcy\u00fcmeye y\u00f6nelmesi ve y\u0131l baz\u0131ndaki verilerin toplanmas\u0131yla, genelde de \u201c2019\u2019u art\u0131 b\u00fcy\u00fcme ile tamamlayabilece\u011fimizin\u201d i\u015faretleri de belirgin olarak g\u00f6z\u00fck\u00fcyor.<\/p>\n<p>Faiz\u2019de, y\u00fczde 24\u2019lerden, y\u00fczde 12\u2019lere gelinmesi, Borsa\u2019n\u0131n 120 binleri bulmas\u0131, ocak ay\u0131nda y\u0131ll\u0131k bazda T\u00fcketici Fiyatlar\u0131 Endeksi\u2019nin y\u00fczde 12.2, \u00dcretici Fiyatlar\u0131 Endeksi\u2019nin y\u00fczde 8.8 olarak ger\u00e7ekle\u015fmesi \u00f6yle kolay i\u015fler de\u011fil\u2026<\/p>\n<p>\u0130n\u015fallah, enflasyonda da, arzu edilen seviyelere, tek haneli rakamlara ula\u015fabilir isek de\u011fmeyin keyfimize\u2026<\/p>\n<p>\u00c7ok detaya girmeyece\u011fim\u2026<\/p>\n<p><strong>Sadece iki konuya dikkat \u00e7ekece\u011fim..<\/strong><\/p>\n<p>Ge\u00e7ti\u011fimiz y\u0131l, turizmde alt\u0131n \u00e7a\u011f\u0131m\u0131z\u0131 ya\u015fad\u0131k, dersem, yanl\u0131\u015f ifade etmi\u015f olmam, san\u0131r\u0131m\u2026<\/p>\n<p>51.7 milyon turist, 34.5 milyar dolar turizm geliri b\u0131rakt\u0131, \u00fclkemize\u2026<\/p>\n<p>\u0130hracat\u0131m\u0131z\u0131n 180.7 milyar dolar dolarlara \u00e7\u0131kmas\u0131 ve d\u0131\u015f ticaret a\u00e7\u0131\u011f\u0131n\u0131n da y\u00fczde 45\u2019ler civar\u0131nda d\u00fc\u015fmesi, belki de tarihimizde ilk defa ihracat\u0131n ithalat\u0131 kar\u015f\u0131lama oranlar\u0131 bak\u0131m\u0131nda bizleri gelecek ad\u0131na \u00fcmitlendirdi\u2026<\/p>\n<p>2019\u2019da ihracat\u0131n ithalat\u0131 kar\u015f\u0131lama oran\u0131 y\u00fczde 76\u2019dan y\u00fczde 86\u2019ya \u00e7\u0131kt\u0131\u2026<\/p>\n<p><strong>Gelelim otomotiv sekt\u00f6r\u00fcne\u2026<\/strong><\/p>\n<p>Ocak 2020\u2019ye bakal\u0131m.<\/p>\n<p>\u0130hracat\u0131n ayl\u0131k bazda y\u00fczde 6,1 artarak 14,8 milyar dolara, y\u0131ll\u0131k olarak 181,6 milyar dolara do\u011fru gidiyor olmas\u0131 herhalde tesad\u00fcf de\u011fil\u2026<\/p>\n<p>\u0130yile\u015fmenin \u201ci\u015faretleri\u201d diyorum, ben buna\u2026<\/p>\n<p><strong>Say\u0131n Cumhurba\u015fkan\u0131m\u0131z\u0131n<\/strong>, Ocak ay\u0131ndaki otomobil sat\u0131\u015flar\u0131ndaki y\u00fczde 100\u2019l\u00fck art\u0131\u015fa bakarak, yapt\u0131\u011f\u0131 de\u011ferlendirmeyi de sizlerle payla\u015fmak istiyorum:<\/p>\n<p><strong>&#8220;G\u00f6r\u00fcld\u00fc\u011f\u00fc gibi faizler indi\u011fi halde ne d\u00f6viz kuru patlad\u0131 ne enflasyon z\u0131plad\u0131 ne piyasalar kar\u0131\u015ft\u0131 ne ba\u015fka bir s\u0131k\u0131nt\u0131 ya\u015fand\u0131. Tam tersi a\u00e7\u0131klanan her g\u00f6sterge daha iyiye do\u011fru bir gidi\u015fe i\u015faret ediyor. Bu tablo \u00fclkemizde eskiden beri s\u00fcrekli faizleri indirirseniz batars\u0131n\u0131z, bitersiniz diyen zihniyete verilmi\u015f en g\u00fczel cevapt\u0131r. Ekonomimizin ger\u00e7eklerine uygun olarak bu s\u00fcreci kontroll\u00fc bir \u015fekilde s\u00fcrd\u00fcrece\u011fiz.&#8221; <\/strong><\/p>\n<p>Evet, herkes haz\u0131r olsun\u2026<\/p>\n<p><strong>Sab\u0131rla, iyi, \u00e7ok iyi bir noktaya, in\u015fallah gelece\u011fiz.<\/strong><\/p>\n<p>&nbsp;<\/p>\n<p>&nbsp;<\/p>\n<p>&nbsp;<\/p>\n<p>&nbsp;<\/p>\n<p>&nbsp;<\/p>\n","protected":false},"excerpt":{"rendered":"<p>N\u00fcfusumuz h\u0131zla art\u0131yor\u2026 Son rakamlar 83 milyonu a\u015ft\u0131\u011f\u0131m\u0131z\u0131 g\u00f6steriyor\u2026 Ve, hepimizin, gelece\u011fe d\u00f6n\u00fck k\u00fc\u00e7\u00fck-b\u00fcy\u00fck beklentileri var. \u00dclke olarak da \u201ciyi bir noktaya eri\u015fmenin \u00e7abas\u0131 i\u00e7erisindeyiz\u201d.. 2019\u2019un \u00fc\u00e7\u00fcnc\u00fc \u00e7eyre\u011finden itibaren ekonominin art\u0131 b\u00fcy\u00fcmeye y\u00f6nelmesi ve y\u0131l baz\u0131ndaki verilerin toplanmas\u0131yla, genelde de \u201c2019\u2019u art\u0131 b\u00fcy\u00fcme ile tamamlayabilece\u011fimizin\u201d i\u015faretleri de belirgin olarak g\u00f6z\u00fck\u00fcyor. Faiz\u2019de, y\u00fczde 24\u2019lerden, y\u00fczde 12\u2019lere [&hellip;]<\/p>\n","protected":false},"author":6,"featured_media":2366,"comment_status":"open","ping_status":"closed","sticky":false,"template":"","format":"standard","meta":[],"categories":[81],"tags":[],"_links":{"self":[{"href":"https:\/\/www.vizyon2023.com.tr\/index.php\/wp-json\/wp\/v2\/posts\/3424"}],"collection":[{"href":"https:\/\/www.vizyon2023.com.tr\/index.php\/wp-json\/wp\/v2\/posts"}],"about":[{"href":"https:\/\/www.vizyon2023.com.tr\/index.php\/wp-json\/wp\/v2\/types\/post"}],"author":[{"embeddable":true,"href":"https:\/\/www.vizyon2023.com.tr\/index.php\/wp-json\/wp\/v2\/users\/6"}],"replies":[{"embeddable":true,"href":"https:\/\/www.vizyon2023.com.tr\/index.php\/wp-json\/wp\/v2\/comments?post=3424"}],"version-history":[{"count":1,"href":"https:\/\/www.vizyon2023.com.tr\/index.php\/wp-json\/wp\/v2\/posts\/3424\/revisions"}],"predecessor-version":[{"id":3425,"href":"https:\/\/www.vizyon2023.com.tr\/index.php\/wp-json\/wp\/v2\/posts\/3424\/revisions\/3425"}],"wp:featuredmedia":[{"embeddable":true,"href":"https:\/\/www.vizyon2023.com.tr\/index.php\/wp-json\/wp\/v2\/media\/2366"}],"wp:attachment":[{"href":"https:\/\/www.vizyon2023.com.tr\/index.php\/wp-json\/wp\/v2\/media?parent=3424"}],"wp:term":[{"taxonomy":"category","embeddable":true,"href":"https:\/\/www.vizyon2023.com.tr\/index.php\/wp-json\/wp\/v2\/categories?post=3424"},{"taxonomy":"post_tag","embeddable":true,"href":"https:\/\/www.vizyon2023.com.tr\/index.php\/wp-json\/wp\/v2\/tags?post=3424"}],"curies":[{"name":"wp","href":"https:\/\/api.w.org\/{rel}","templated":true}]}}