{"id":340,"date":"2016-06-02T11:36:44","date_gmt":"2016-06-02T08:36:44","guid":{"rendered":"http:\/\/alfadestek.com\/vizyon2023\/2016\/06\/02\/kanadada-musluman-gence-saldiri\/"},"modified":"2016-06-02T11:36:44","modified_gmt":"2016-06-02T08:36:44","slug":"kanadada-musluman-gence-saldiri","status":"publish","type":"post","link":"https:\/\/www.vizyon2023.com.tr\/index.php\/2016\/06\/02\/kanadada-musluman-gence-saldiri\/","title":{"rendered":"Kanada&#8217;da M\u00fcsl\u00fcman gence sald\u0131r\u0131"},"content":{"rendered":"<p>Kanada\u2019n\u0131n London kentinde M\u00fcsl\u00fcman bir gen\u00e7, iki ki\u015fi taraf\u0131ndan darbedildi.<\/p>\n<p>Kanada M\u00fcsl\u00fcmanlar\u0131 Ulusal Konseyi NCCM ve yerel polisin a\u00e7\u0131klamalar\u0131na g\u00f6re, London \u015fehir merkezinde bir marketin bah\u00e7esinde k\u0131z arkada\u015f\u0131 ile oturan Muhammed \u015eerifi, 20&#8217;li ya\u015flardaki iki erke\u011fin sald\u0131r\u0131s\u0131na maruz kald\u0131. Ald\u0131\u011f\u0131 yumruk darbeleri ile yere d\u00fc\u015fen Muhammed \u015eerifi\u2019yi bir s\u00fcre de tekmeleyen sald\u0131rganlar, &#8220;\u00dclkenize gidin, defolun&#8221; diye ba\u011f\u0131r\u0131rken, k\u00fcf\u00fcrler savurdu.<\/p>\n<p>Sald\u0131rganlar, London\u2019daki Western \u00dcniversitesi \u0130ngiliz Edebiyat\u0131 B\u00f6l\u00fcm\u00fc \u00f6\u011frencisi olan \u015eerifi\u2019nin k\u0131z arkada\u015f\u0131n\u0131 da tartaklad\u0131. \u00c7evredekilerden bir ki\u015finin m\u00fcdahalesine tehditle kar\u015f\u0131l\u0131k veren sald\u0131rganlar, polisi aramakta olan ki\u015fiye de sald\u0131r\u0131p, telefonunu par\u00e7alad\u0131. \u00c7evreden bir ki\u015finin polise haber vermesi \u00fczerine olay yerine gelen polisler, Muhammed \u015eerifi\u2019ye sald\u0131ranlar\u0131 yakalad\u0131.<\/p>\n<p>Olay sonras\u0131 bir a\u00e7\u0131klama yapan Kanada M\u00fcsl\u00fcmanlar\u0131 Ulusal Konseyi (NCCM) Genel Direkt\u00f6r\u00fc \u0130hsaan Gardee, &#8220;Geldikleri yer ya da k\u00f6kenleri ne olursa olsun, t\u00fcm Kanada halk\u0131n\u0131n bu t\u00fcr nefret su\u00e7lar\u0131na kar\u015f\u0131 birlikte olmas\u0131 gerekir. Bu sald\u0131r\u0131y\u0131 k\u0131n\u0131yoruz. Sorumlular\u0131n\u0131n da hak ettikleri cezay\u0131 alacaklar\u0131n\u0131 umuyoruz.&#8221; dedi.<\/p>\n","protected":false},"excerpt":{"rendered":"<p>Kanada&#8217;da \u00fcniversite \u00f6\u011frencisi Muhammed \u015eerifi, parkta k\u0131z arkada\u015f\u0131 ile otururken iki ki\u015finin sald\u0131r\u0131s\u0131na u\u011frad\u0131.<\/p>\n","protected":false},"author":1000097,"featured_media":341,"comment_status":"open","ping_status":"closed","sticky":false,"template":"","format":"standard","meta":[],"categories":[1],"tags":[],"_links":{"self":[{"href":"https:\/\/www.vizyon2023.com.tr\/index.php\/wp-json\/wp\/v2\/posts\/340"}],"collection":[{"href":"https:\/\/www.vizyon2023.com.tr\/index.php\/wp-json\/wp\/v2\/posts"}],"about":[{"href":"https:\/\/www.vizyon2023.com.tr\/index.php\/wp-json\/wp\/v2\/types\/post"}],"author":[{"embeddable":true,"href":"https:\/\/www.vizyon2023.com.tr\/index.php\/wp-json\/wp\/v2\/users\/1000097"}],"replies":[{"embeddable":true,"href":"https:\/\/www.vizyon2023.com.tr\/index.php\/wp-json\/wp\/v2\/comments?post=340"}],"version-history":[{"count":0,"href":"https:\/\/www.vizyon2023.com.tr\/index.php\/wp-json\/wp\/v2\/posts\/340\/revisions"}],"wp:featuredmedia":[{"embeddable":true,"href":"https:\/\/www.vizyon2023.com.tr\/index.php\/wp-json\/wp\/v2\/media\/341"}],"wp:attachment":[{"href":"https:\/\/www.vizyon2023.com.tr\/index.php\/wp-json\/wp\/v2\/media?parent=340"}],"wp:term":[{"taxonomy":"category","embeddable":true,"href":"https:\/\/www.vizyon2023.com.tr\/index.php\/wp-json\/wp\/v2\/categories?post=340"},{"taxonomy":"post_tag","embeddable":true,"href":"https:\/\/www.vizyon2023.com.tr\/index.php\/wp-json\/wp\/v2\/tags?post=340"}],"curies":[{"name":"wp","href":"https:\/\/api.w.org\/{rel}","templated":true}]}}