{"id":3366,"date":"2018-08-16T10:14:29","date_gmt":"2018-08-16T07:14:29","guid":{"rendered":"http:\/\/www.vizyon2023.com.tr\/index.php\/2018\/08\/16\/arkasindaki-arac-solladi-uctu-o-kurtuldu\/"},"modified":"2018-08-16T10:14:29","modified_gmt":"2018-08-16T07:14:29","slug":"arkasindaki-arac-solladi-uctu-o-kurtuldu","status":"publish","type":"post","link":"https:\/\/www.vizyon2023.com.tr\/index.php\/2018\/08\/16\/arkasindaki-arac-solladi-uctu-o-kurtuldu\/","title":{"rendered":"Arkas\u0131ndaki ara\u00e7 sollad\u0131 u\u00e7tu&#8230; O kurtuldu!"},"content":{"rendered":"<p><b>\u0130talya \u00f6nceki g\u00fcn Cenova kentinde ya\u015fanan k\u00f6pr\u00fc facias\u0131n\u0131n yaralar\u0131n\u0131 sar\u0131yor. Faciada 45 metre y\u00fcksekli\u011findeki k\u00f6pr\u00fc \u00fczerinde bulunan 30 ila 35 ara\u00e7 ile 3 a\u011f\u0131r tonajl\u0131 ara\u00e7 enkaz alt\u0131nda kald\u0131. \u00d6l\u00fc say\u0131s\u0131n\u0131n 39\u2019a y\u00fckseldi\u011fi faciada 12\u2019si a\u011f\u0131r 16 ki\u015fi yaral\u0131. <\/b> <img src=\"http:\/\/i.hurimg.com\/i\/hurriyet\/75\/350x197\/5b7489ec67b0a813cc25a36f.jpg\">  <\/p>\n<p>K\u00f6pr\u00fcn\u00fcn ayakta kalan k\u0131s\u0131mlar\u0131n\u0131n \u00e7\u00f6kme ihtimaline kar\u015f\u0131 b\u00f6lgede 432 ki\u015fi tahliye edildi. Cenova Belediyesi, facian\u0131n ard\u0131ndan iki g\u00fcn yas ilan etti. \u0130talya kabinesi ise acil topland\u0131 ve Cenova\u2019n\u0131n yer ald\u0131\u011f\u0131 Ligurya b\u00f6lgesi i\u00e7in 12 ay s\u00fcrecek \u201cola\u011fan\u00fcst\u00fc h\u00e2l\u201d ilan etti. <\/p>\n<p>Ba\u015fbakan Giuseppe Conte, k\u00f6pr\u00fcn\u00fcn i\u015fletmesi ve bak\u0131m\u0131ndan sorumlu \u015firketin s\u00f6zle\u015fmesini feshetti. Olay\u0131n nas\u0131l meydana geldi\u011fi ise tart\u0131\u015fma konusu oldu.<\/p>\n<p>Cenova \u00dcniversitesi\u2019nden in\u015faat m\u00fchendisi Prof. Antonio Brencich, k\u00f6pr\u00fcn\u00fcn hava ko\u015fullar\u0131 nedeniyle \u00e7\u00f6km\u00fc\u015f olabilece\u011fi s\u00f6ylentilerini \u201csa\u00e7mal\u0131k\u201d diye niteledi.<\/p>\n<p><strong>\u2018M\u00dcHEND\u0130SL\u0130\u011eE \u0130HANET\u2019 <\/strong><br \/>Prof. Brencich, 2016 y\u0131l\u0131nda bir r\u00f6portaj\u0131nda, k\u00f6pr\u00fcn\u00fcn hatal\u0131 in\u015fa edildi\u011fini, m\u00fchendisli\u011fe ihanet oldu\u011funu savunmu\u015ftu. Cenova\u2019daki k\u00f6pr\u00fc facias\u0131, Venezuela\u2019da da korkuya neden oldu. \u00c7\u00fcnk\u00fc \u00e7\u00f6ken k\u00f6pr\u00fcn\u00fcn mimar\u0131 Riccardo Morandi\u2019nin Maracaibo kentinde de benzer bir k\u00f6pr\u00fcs\u00fc bulunuyor. <\/p>\n<p>\u0130talyan medya ise faciadan k\u0131l pay\u0131 kurtulan ye\u015fil kamyonun \u015fof\u00f6r\u00fcn\u00fcn pe\u015fine d\u00fc\u015ft\u00fc. Ad\u0131 \u2018Luigi\u2019 olarak a\u00e7\u0131klanan 37 ya\u015f\u0131ndaki kamyonetin s\u00fcr\u00fcc\u00fcs\u00fc, son anda frene basarak y\u0131k\u0131lan Morandi K\u00f6pr\u00fcs\u00fc\u2019yle birlikte a\u015fa\u011f\u0131 d\u00fc\u015fmekten kurtuldu. Luigi kendisini sollayan bir arac\u0131n ve \u00f6n\u00fcndeki arac\u0131n k\u00f6pr\u00fcyle birlikte a\u015fa\u011f\u0131ya u\u00e7tu\u011funu anlatt\u0131. K\u00f6pr\u00fcn\u00fcn g\u00f6zlerinin \u00f6n\u00fcnde y\u0131k\u0131ld\u0131\u011f\u0131n\u0131 anlatan Luigi, ya\u015fad\u0131\u011f\u0131 \u015fokla \u00f6nce kendini kamyondan d\u0131\u015far\u0131 atm\u0131\u015f. Daha sonra kamyona geri binen \u015fa\u015fk\u0131n adam, ters istikamete do\u011fru tam gaz s\u00fcrmeye ba\u015flam\u0131\u015f. <\/p>\n<p>Luigi, \u201c\u015eansl\u0131y\u0131m ki takip mesafesini koruyordum\u201d dedi. \u0130talya\u2019da Seri A tak\u0131mlar\u0131ndan Cagliari\u2019de forma giymi\u015f eski milli kaleci Davide Capello\u2019nun (33) da faciadan kurtuldu\u011fu ortaya \u00e7\u0131kt\u0131. Arac\u0131n\u0131n 30 metreden d\u00fc\u015ft\u00fc\u011f\u00fcn\u00fc ve s\u00fctunlar aras\u0131nda bir bo\u015flukta durdu\u011funu s\u00f6yleyen Capello, \u201cD\u0131\u015far\u0131 \u00e7\u0131kabildim. Arac\u0131m nas\u0131l par\u00e7alanmad\u0131 bilmiyorum. Film sahnesi gibiydi, k\u0131yamet gibiydi. Hayatta kalmam bir mucize. Bir \u00e7izik bile yok\u201d dedi.\u00a0<\/p>\n<p><strong>\u00d6L\u00dcM KAPANI<\/strong><br \/>39 ki\u015fiye mezar olan Morandi K\u00f6pr\u00fcs\u00fc \u00e7\u00f6kmeden haftalar \u00f6nce, temmuz ay\u0131nda \u00e7ekilen bir foto\u011fraf ortaya \u00e7\u0131kt\u0131. Medyada geni\u015f yer bulan foto\u011frafta, k\u00f6pr\u00fcn\u00fcn faciaya davetiye \u00e7\u0131karan g\u00f6r\u00fcnt\u00fcs\u00fc objektife yans\u0131d\u0131. K\u00f6pr\u00fcn\u00fcn y\u0131k\u0131lmadan \u00f6nceki foto\u011fraf\u0131nda, sarkan kablolar ve bak\u0131ms\u0131zl\u0131k dikkat \u00e7ekiyor. \u0130ngiliz DailyMail gazetesi, k\u00f6pr\u00fcn\u00fcn y\u0131k\u0131lmadan \u00f6nceki foto\u011fraf\u0131n\u0131 man\u015fetine ta\u015f\u0131yarak \u2018\u00d6l\u00fcm Kapan\u0131\u2019 ba\u015fl\u0131\u011f\u0131n\u0131 att\u0131. <\/p>\n","protected":false},"excerpt":{"rendered":"<p>\u0130talya \u00f6nceki g\u00fcn Cenova kentinde ya\u015fanan k\u00f6pr\u00fc facias\u0131n\u0131n yaralar\u0131n\u0131 sar\u0131yor. Faciada 45 metre y\u00fcksekli\u011findeki k\u00f6pr\u00fc \u00fczerinde bulunan 30 ila 35 ara\u00e7 ile 3 a\u011f\u0131r tonajl\u0131 ara\u00e7 enkaz alt\u0131nda kald\u0131. \u00d6l\u00fc say\u0131s\u0131n\u0131n 39\u2019a y\u00fckseldi\u011fi faciada 12\u2019si a\u011f\u0131r 16 ki\u015fi yaral\u0131. K\u00f6pr\u00fcn\u00fcn ayakta kalan k\u0131s\u0131mlar\u0131n\u0131n \u00e7\u00f6kme ihtimaline kar\u015f\u0131 b\u00f6lgede 432 ki\u015fi tahliye edildi. Cenova Belediyesi, facian\u0131n ard\u0131ndan [&hellip;]<\/p>\n","protected":false},"author":1000097,"featured_media":3367,"comment_status":"open","ping_status":"closed","sticky":false,"template":"","format":"standard","meta":[],"categories":[61],"tags":[220,227,228],"_links":{"self":[{"href":"https:\/\/www.vizyon2023.com.tr\/index.php\/wp-json\/wp\/v2\/posts\/3366"}],"collection":[{"href":"https:\/\/www.vizyon2023.com.tr\/index.php\/wp-json\/wp\/v2\/posts"}],"about":[{"href":"https:\/\/www.vizyon2023.com.tr\/index.php\/wp-json\/wp\/v2\/types\/post"}],"author":[{"embeddable":true,"href":"https:\/\/www.vizyon2023.com.tr\/index.php\/wp-json\/wp\/v2\/users\/1000097"}],"replies":[{"embeddable":true,"href":"https:\/\/www.vizyon2023.com.tr\/index.php\/wp-json\/wp\/v2\/comments?post=3366"}],"version-history":[{"count":0,"href":"https:\/\/www.vizyon2023.com.tr\/index.php\/wp-json\/wp\/v2\/posts\/3366\/revisions"}],"wp:featuredmedia":[{"embeddable":true,"href":"https:\/\/www.vizyon2023.com.tr\/index.php\/wp-json\/wp\/v2\/media\/3367"}],"wp:attachment":[{"href":"https:\/\/www.vizyon2023.com.tr\/index.php\/wp-json\/wp\/v2\/media?parent=3366"}],"wp:term":[{"taxonomy":"category","embeddable":true,"href":"https:\/\/www.vizyon2023.com.tr\/index.php\/wp-json\/wp\/v2\/categories?post=3366"},{"taxonomy":"post_tag","embeddable":true,"href":"https:\/\/www.vizyon2023.com.tr\/index.php\/wp-json\/wp\/v2\/tags?post=3366"}],"curies":[{"name":"wp","href":"https:\/\/api.w.org\/{rel}","templated":true}]}}