{"id":3354,"date":"2018-08-16T10:14:06","date_gmt":"2018-08-16T07:14:06","guid":{"rendered":"http:\/\/www.vizyon2023.com.tr\/index.php\/2018\/08\/16\/washingtonda-ucuslar-durdu-aciklama-yok\/"},"modified":"2018-08-16T10:14:06","modified_gmt":"2018-08-16T07:14:06","slug":"washingtonda-ucuslar-durdu-aciklama-yok","status":"publish","type":"post","link":"https:\/\/www.vizyon2023.com.tr\/index.php\/2018\/08\/16\/washingtonda-ucuslar-durdu-aciklama-yok\/","title":{"rendered":"Washington\u2019da u\u00e7u\u015flar durdu, a\u00e7\u0131klama yok"},"content":{"rendered":"<p><b>ABD\u2019nin Ba\u015fkenti Washington\u2019da Reagan Ulusal Havaalan\u0131&#8217;nda gece yar\u0131s\u0131 elektrik kesintisi ya\u015fand\u0131. Havaalan\u0131 u\u00e7u\u015flara kapat\u0131ld\u0131. <\/b> <img src=\"http:\/\/i.hurimg.com\/i\/hurriyet\/75\/350x197\/5b75013cc9de3d150c75db0d.jpg\">  <\/p>\n<p>Ba\u015fkent Washington\u2019da ya\u015fanan elektrik kesintisi nedeniyle Reagan Uluslararas\u0131 Havaliman\u0131 u\u00e7u\u015flara kapat\u0131ld\u0131. Yetkililer taraf\u0131ndan yap\u0131lan a\u00e7\u0131klamada, ya\u015fanan kesinti nedeniyle Washington Reagan Uluslararas\u0131 Havaliman\u0131&#8217;nda kalk\u0131\u015f ve ini\u015flerin durduruldu\u011fu ifade edildi.<\/p>\n<p>Havaalan\u0131n\u0131n ne zaman a\u00e7\u0131laca\u011f\u0131 ve elektrik kesintisinin neden kaynakland\u0131\u011f\u0131 ile ilgili bir a\u00e7\u0131klama yap\u0131lmazken olayla ilgili soru\u015fturma ba\u015flat\u0131ld\u0131\u011f\u0131 belirtildi.<\/p>\n<p><img loading=\"lazy\" src=\"\/\/i.hurimg.com\/i\/hurriyet\/75\/770x0\/5b750143c9de3d150c75db0f\" alt=\"\" title=\"\" width=\"770\" height=\"450\" layout=\"responsive\"><\/p>\n","protected":false},"excerpt":{"rendered":"<p>ABD\u2019nin Ba\u015fkenti Washington\u2019da Reagan Ulusal Havaalan\u0131&#8217;nda gece yar\u0131s\u0131 elektrik kesintisi ya\u015fand\u0131. Havaalan\u0131 u\u00e7u\u015flara kapat\u0131ld\u0131. Ba\u015fkent Washington\u2019da ya\u015fanan elektrik kesintisi nedeniyle Reagan Uluslararas\u0131 Havaliman\u0131 u\u00e7u\u015flara kapat\u0131ld\u0131. Yetkililer taraf\u0131ndan yap\u0131lan a\u00e7\u0131klamada, ya\u015fanan kesinti nedeniyle Washington Reagan Uluslararas\u0131 Havaliman\u0131&#8217;nda kalk\u0131\u015f ve ini\u015flerin durduruldu\u011fu ifade edildi. Havaalan\u0131n\u0131n ne zaman a\u00e7\u0131laca\u011f\u0131 ve elektrik kesintisinin neden kaynakland\u0131\u011f\u0131 ile ilgili bir a\u00e7\u0131klama [&hellip;]<\/p>\n","protected":false},"author":1000097,"featured_media":3355,"comment_status":"open","ping_status":"closed","sticky":false,"template":"","format":"standard","meta":[],"categories":[61],"tags":[121,215,214,212,213],"_links":{"self":[{"href":"https:\/\/www.vizyon2023.com.tr\/index.php\/wp-json\/wp\/v2\/posts\/3354"}],"collection":[{"href":"https:\/\/www.vizyon2023.com.tr\/index.php\/wp-json\/wp\/v2\/posts"}],"about":[{"href":"https:\/\/www.vizyon2023.com.tr\/index.php\/wp-json\/wp\/v2\/types\/post"}],"author":[{"embeddable":true,"href":"https:\/\/www.vizyon2023.com.tr\/index.php\/wp-json\/wp\/v2\/users\/1000097"}],"replies":[{"embeddable":true,"href":"https:\/\/www.vizyon2023.com.tr\/index.php\/wp-json\/wp\/v2\/comments?post=3354"}],"version-history":[{"count":0,"href":"https:\/\/www.vizyon2023.com.tr\/index.php\/wp-json\/wp\/v2\/posts\/3354\/revisions"}],"wp:featuredmedia":[{"embeddable":true,"href":"https:\/\/www.vizyon2023.com.tr\/index.php\/wp-json\/wp\/v2\/media\/3355"}],"wp:attachment":[{"href":"https:\/\/www.vizyon2023.com.tr\/index.php\/wp-json\/wp\/v2\/media?parent=3354"}],"wp:term":[{"taxonomy":"category","embeddable":true,"href":"https:\/\/www.vizyon2023.com.tr\/index.php\/wp-json\/wp\/v2\/categories?post=3354"},{"taxonomy":"post_tag","embeddable":true,"href":"https:\/\/www.vizyon2023.com.tr\/index.php\/wp-json\/wp\/v2\/tags?post=3354"}],"curies":[{"name":"wp","href":"https:\/\/api.w.org\/{rel}","templated":true}]}}