{"id":3352,"date":"2018-08-16T10:14:04","date_gmt":"2018-08-16T07:14:04","guid":{"rendered":"http:\/\/www.vizyon2023.com.tr\/index.php\/2018\/08\/16\/ayrimciliga-ugradi-tazminat-kazandi\/"},"modified":"2018-08-16T10:14:04","modified_gmt":"2018-08-16T07:14:04","slug":"ayrimciliga-ugradi-tazminat-kazandi","status":"publish","type":"post","link":"https:\/\/www.vizyon2023.com.tr\/index.php\/2018\/08\/16\/ayrimciliga-ugradi-tazminat-kazandi\/","title":{"rendered":"Ayr\u0131mc\u0131l\u0131\u011fa u\u011frad\u0131, tazminat kazand\u0131"},"content":{"rendered":"<p><b>\u0130sve\u00e7&#8217;te dini gerek\u00e7elerle tokala\u015fmad\u0131\u011f\u0131 i\u00e7in i\u015f g\u00f6r\u00fc\u015fmesi yar\u0131da kesilen M\u00fcsl\u00fcman bir kad\u0131n\u0131na ayr\u0131mc\u0131l\u0131\u011fa u\u011frad\u0131\u011f\u0131 gerek\u00e7iyle yakla\u015f\u0131k 3 bin 900 avro tazminat \u00f6demesine karar verildi.<\/b> <img src=\"http:\/\/i.hurimg.com\/i\/hurriyet\/75\/350x197\/5b7514707af50720384274eb.jpg\">  <\/p>\n<p>\u0130sve\u00e7 Ayr\u0131mc\u0131l\u0131k Ombudsman\u0131n\u0131n yaz\u0131l\u0131 a\u00e7\u0131klamas\u0131na g\u00f6re, Uppsala kentinde terc\u00fcme \u015firketine i\u015f ba\u015fvurusunda bulunan Farah Alhajeh isimli M\u00fcsl\u00fcman bir kad\u0131n\u0131n, erkek sorumlunun elini s\u0131kmad\u0131\u011f\u0131 i\u00e7in i\u015f g\u00f6r\u00fc\u015fmesi yar\u0131da kesildi.<\/p>\n<p>Ombudsman, ge\u00e7en sene meydana gelen olay\u0131 \u015fikayet \u00fczerine yarg\u0131ya ta\u015f\u0131d\u0131. \u0130\u015f mahkemesi de ayr\u0131mc\u0131l\u0131\u011fa u\u011frad\u0131\u011f\u0131 i\u00e7in kad\u0131na 40 bin kron (yakla\u015f\u0131k 3 bin 900 avro) tazminat \u00f6denmesine h\u00fckmetti.<\/p>\n<p>Kararda, kad\u0131n\u0131n kar\u015f\u0131 cinsle el s\u0131k\u0131\u015fmay\u0131 reddetmesinin, Avrupa \u0130nsan Haklar\u0131 S\u00f6zle\u015fmesinin 9. Maddesi taraf\u0131ndan korunan dini konularla ili\u015fkili oldu\u011fu belirtildi.<\/p>\n<p><strong>&#8216;G\u00d6R\u00dc\u015eMEM YARIDA KES\u0130LD\u0130&#8217;<\/strong><\/p>\n<p>Ma\u011fdur Farah Alhajeh, kamu yay\u0131n kurulu\u015fu SVT&#8217;ye yapt\u0131\u011f\u0131 a\u00e7\u0131klamada, i\u015f mahkemesinin ald\u0131\u011f\u0131 karardan dolay\u0131 mutlu oldu\u011funu s\u00f6yledi. \u0130\u015f g\u00f6r\u00fc\u015fmesine \u015firketin erkek bir sorumlusunun kat\u0131ld\u0131\u011f\u0131n\u0131 kaydeden Alhajeh, &#8221;M\u00fcsl\u00fcman oldu\u011fumu, dini nedenlerden dolay\u0131 el s\u0131kamayaca\u011f\u0131m\u0131 s\u00f6yledim ve selam\u0131m\u0131 ba\u015f\u0131m\u0131 e\u011ferek verdim. O anda i\u015f g\u00f6r\u00fc\u015fmem yar\u0131da kesildi ve i\u015f verilmeyece\u011fi s\u00f6ylendi&#8221; dedi.<\/p>\n<p><strong>&#8216;\u00d6NEML\u0130 OLAN HAKLILI\u011eIMIN ORTAYA \u00c7IKMASI&#8217;<\/strong><\/p>\n<p>H\u0131zl\u0131 bir \u015fekilde oday\u0131 terk etti\u011fini ve bindi\u011fi asans\u00f6rde g\u00f6zya\u015flar\u0131na bo\u011fuldu\u011funu anlatan Alhajeh, &#8220;Ba\u015f\u0131ma \u00f6nceden hi\u00e7 b\u00f6yle bir durum gelmemi\u015fti. Tazminat paras\u0131n\u0131n \u00f6nemi hi\u00e7 yok. \u00d6nemli olan hakl\u0131l\u0131\u011f\u0131m\u0131n ortaya \u00e7\u0131kmas\u0131.&#8221; ifadelerini kulland\u0131.<\/p>\n<p>Tazminat cezas\u0131na \u00e7arpt\u0131r\u0131lan s\u00f6z konusu \u015firket ise i\u00e7 kurallar gere\u011fi her hangi bir siyasi ve dini sembol\u00fcn g\u00f6r\u00fcn\u00fcr kullan\u0131m\u0131n\u0131n yasak oldu\u011funu savunarak, Avrupa Adalet Divan\u0131n\u0131n ba\u015f\u00f6rt\u00fcs\u00fc karar\u0131na at\u0131fta bulundu.<\/p>\n<p><strong>&#8216;\u0130NSAN \u0130STED\u0130\u011e\u0130 G\u0130B\u0130 SELAM VER\u0130R&#8217;<\/strong><\/p>\n<p>Ayr\u0131mc\u0131l\u0131k Ombudsman\u0131 Bas\u0131n S\u00f6zc\u00fcs\u00fc Clas Lundstedt de \u015firketlerin \u00e7al\u0131\u015fanlar\u0131n\u0131n belli e\u015fitlik \u00e7er\u00e7evesinde kurallar koymas\u0131 anla\u015f\u0131labilece\u011fini belirterek, &#8221;Burada durum farkl\u0131. \u0130nsan istedi\u011fi gibi selam verir, buna kimse kar\u0131\u015famaz&#8221; dedi.<\/p>\n","protected":false},"excerpt":{"rendered":"<p>\u0130sve\u00e7&#8217;te dini gerek\u00e7elerle tokala\u015fmad\u0131\u011f\u0131 i\u00e7in i\u015f g\u00f6r\u00fc\u015fmesi yar\u0131da kesilen M\u00fcsl\u00fcman bir kad\u0131n\u0131na ayr\u0131mc\u0131l\u0131\u011fa u\u011frad\u0131\u011f\u0131 gerek\u00e7iyle yakla\u015f\u0131k 3 bin 900 avro tazminat \u00f6demesine karar verildi. \u0130sve\u00e7 Ayr\u0131mc\u0131l\u0131k Ombudsman\u0131n\u0131n yaz\u0131l\u0131 a\u00e7\u0131klamas\u0131na g\u00f6re, Uppsala kentinde terc\u00fcme \u015firketine i\u015f ba\u015fvurusunda bulunan Farah Alhajeh isimli M\u00fcsl\u00fcman bir kad\u0131n\u0131n, erkek sorumlunun elini s\u0131kmad\u0131\u011f\u0131 i\u00e7in i\u015f g\u00f6r\u00fc\u015fmesi yar\u0131da kesildi. Ombudsman, ge\u00e7en sene [&hellip;]<\/p>\n","protected":false},"author":1000097,"featured_media":3353,"comment_status":"open","ping_status":"closed","sticky":false,"template":"","format":"standard","meta":[],"categories":[61],"tags":[210,211,208,209],"_links":{"self":[{"href":"https:\/\/www.vizyon2023.com.tr\/index.php\/wp-json\/wp\/v2\/posts\/3352"}],"collection":[{"href":"https:\/\/www.vizyon2023.com.tr\/index.php\/wp-json\/wp\/v2\/posts"}],"about":[{"href":"https:\/\/www.vizyon2023.com.tr\/index.php\/wp-json\/wp\/v2\/types\/post"}],"author":[{"embeddable":true,"href":"https:\/\/www.vizyon2023.com.tr\/index.php\/wp-json\/wp\/v2\/users\/1000097"}],"replies":[{"embeddable":true,"href":"https:\/\/www.vizyon2023.com.tr\/index.php\/wp-json\/wp\/v2\/comments?post=3352"}],"version-history":[{"count":0,"href":"https:\/\/www.vizyon2023.com.tr\/index.php\/wp-json\/wp\/v2\/posts\/3352\/revisions"}],"wp:featuredmedia":[{"embeddable":true,"href":"https:\/\/www.vizyon2023.com.tr\/index.php\/wp-json\/wp\/v2\/media\/3353"}],"wp:attachment":[{"href":"https:\/\/www.vizyon2023.com.tr\/index.php\/wp-json\/wp\/v2\/media?parent=3352"}],"wp:term":[{"taxonomy":"category","embeddable":true,"href":"https:\/\/www.vizyon2023.com.tr\/index.php\/wp-json\/wp\/v2\/categories?post=3352"},{"taxonomy":"post_tag","embeddable":true,"href":"https:\/\/www.vizyon2023.com.tr\/index.php\/wp-json\/wp\/v2\/tags?post=3352"}],"curies":[{"name":"wp","href":"https:\/\/api.w.org\/{rel}","templated":true}]}}