{"id":3350,"date":"2018-08-16T10:14:01","date_gmt":"2018-08-16T07:14:01","guid":{"rendered":"http:\/\/www.vizyon2023.com.tr\/index.php\/2018\/08\/16\/nijerde-koleradan-olenlerin-sayisi-artiyor\/"},"modified":"2018-08-16T10:14:01","modified_gmt":"2018-08-16T07:14:01","slug":"nijerde-koleradan-olenlerin-sayisi-artiyor","status":"publish","type":"post","link":"https:\/\/www.vizyon2023.com.tr\/index.php\/2018\/08\/16\/nijerde-koleradan-olenlerin-sayisi-artiyor\/","title":{"rendered":"Nijer&rsquo;de koleradan \u00f6lenlerin say\u0131s\u0131 art\u0131yor"},"content":{"rendered":"<p><b>Nijer&#8217;de Maradi b\u00f6lgesinde g\u00f6r\u00fclen salg\u0131nda bin 302 kolera vakas\u0131 tespit edildi. Son iki g\u00fcnde 9 ki\u015finin daha ya\u015fam\u0131n\u0131 yitirmesiyle \u00f6l\u00fc say\u0131s\u0131 22&#8217;ye \u00e7\u0131kt\u0131. <\/b> <img src=\"http:\/\/i.hurimg.com\/i\/hurriyet\/75\/350x197\/5b751991c9de3d150c75dc41.jpg\">  <\/p>\n<p>Nijer Sa\u011fl\u0131k Bakanl\u0131\u011f\u0131 ile Salg\u0131n G\u00f6zetleme ve M\u00fcdahale B\u00fcrosuna (DSRE) g\u00f6re, \u00fclkenin g\u00fcney b\u00f6lgesi Maradi, temmuzdan beri kolera salg\u0131n\u0131yla m\u00fccadele ediyor.<\/p>\n<p>Sa\u011fl\u0131k Bakanl\u0131\u011f\u0131, b\u00f6lgedeki sivil toplum kurulu\u015flar\u0131yla salg\u0131n\u0131 kontrol alt\u0131na alma \u00e7al\u0131\u015fmalar\u0131n\u0131 s\u00fcrd\u00fcr\u00fcyor.<\/p>\n<p>En fazla 1 ila 15 ya\u015f\u0131ndaki \u00e7ocuklar\u0131n etkilendi\u011fi b\u00f6lgedeki salg\u0131nda bin 302 vaka tespit edildi. Son iki g\u00fcnde 9 ki\u015finin daha ya\u015fam\u0131n\u0131 yitirmesiyle \u00f6lenlerin say\u0131s\u0131 22&#8217;ye \u00e7\u0131kt\u0131.<\/p>\n<p>B\u00f6lgede etkili olan a\u015f\u0131r\u0131 ya\u011f\u0131\u015flar\u0131n yol a\u00e7t\u0131\u011f\u0131 sellerin, salg\u0131n\u0131n yay\u0131lma riskini art\u0131rmas\u0131ndan endi\u015fe ediliyor.<\/p>\n<p>Vibrio isimli bakterilerin insanlar\u0131n ince ba\u011f\u0131rsaklar\u0131nda parazitlenmesi sonucu olu\u015fan kolera, daha \u00e7ok i\u00e7me suyu ve kirli sularla y\u0131kanm\u0131\u015f besinler vas\u0131tas\u0131yla bula\u015f\u0131yor. \u0130shal, kar\u0131n a\u011fr\u0131s\u0131, \u015fi\u015flik ve kusma belirtilerine neden olan s\u00f6z konusu bakteriler v\u00fccuda girdikten 6-48 saat sonra hastal\u0131k ba\u015fl\u0131yor. <\/p>\n","protected":false},"excerpt":{"rendered":"<p>Nijer&#8217;de Maradi b\u00f6lgesinde g\u00f6r\u00fclen salg\u0131nda bin 302 kolera vakas\u0131 tespit edildi. Son iki g\u00fcnde 9 ki\u015finin daha ya\u015fam\u0131n\u0131 yitirmesiyle \u00f6l\u00fc say\u0131s\u0131 22&#8217;ye \u00e7\u0131kt\u0131. Nijer Sa\u011fl\u0131k Bakanl\u0131\u011f\u0131 ile Salg\u0131n G\u00f6zetleme ve M\u00fcdahale B\u00fcrosuna (DSRE) g\u00f6re, \u00fclkenin g\u00fcney b\u00f6lgesi Maradi, temmuzdan beri kolera salg\u0131n\u0131yla m\u00fccadele ediyor. Sa\u011fl\u0131k Bakanl\u0131\u011f\u0131, b\u00f6lgedeki sivil toplum kurulu\u015flar\u0131yla salg\u0131n\u0131 kontrol alt\u0131na alma \u00e7al\u0131\u015fmalar\u0131n\u0131 [&hellip;]<\/p>\n","protected":false},"author":1000097,"featured_media":3351,"comment_status":"open","ping_status":"closed","sticky":false,"template":"","format":"standard","meta":[],"categories":[61],"tags":[206,207,204,205],"_links":{"self":[{"href":"https:\/\/www.vizyon2023.com.tr\/index.php\/wp-json\/wp\/v2\/posts\/3350"}],"collection":[{"href":"https:\/\/www.vizyon2023.com.tr\/index.php\/wp-json\/wp\/v2\/posts"}],"about":[{"href":"https:\/\/www.vizyon2023.com.tr\/index.php\/wp-json\/wp\/v2\/types\/post"}],"author":[{"embeddable":true,"href":"https:\/\/www.vizyon2023.com.tr\/index.php\/wp-json\/wp\/v2\/users\/1000097"}],"replies":[{"embeddable":true,"href":"https:\/\/www.vizyon2023.com.tr\/index.php\/wp-json\/wp\/v2\/comments?post=3350"}],"version-history":[{"count":0,"href":"https:\/\/www.vizyon2023.com.tr\/index.php\/wp-json\/wp\/v2\/posts\/3350\/revisions"}],"wp:featuredmedia":[{"embeddable":true,"href":"https:\/\/www.vizyon2023.com.tr\/index.php\/wp-json\/wp\/v2\/media\/3351"}],"wp:attachment":[{"href":"https:\/\/www.vizyon2023.com.tr\/index.php\/wp-json\/wp\/v2\/media?parent=3350"}],"wp:term":[{"taxonomy":"category","embeddable":true,"href":"https:\/\/www.vizyon2023.com.tr\/index.php\/wp-json\/wp\/v2\/categories?post=3350"},{"taxonomy":"post_tag","embeddable":true,"href":"https:\/\/www.vizyon2023.com.tr\/index.php\/wp-json\/wp\/v2\/tags?post=3350"}],"curies":[{"name":"wp","href":"https:\/\/api.w.org\/{rel}","templated":true}]}}