{"id":3346,"date":"2018-08-16T10:12:50","date_gmt":"2018-08-16T07:12:50","guid":{"rendered":"http:\/\/www.vizyon2023.com.tr\/index.php\/2018\/08\/16\/staj-ucretine-devlet-katkisi-uc-egitim-yili-uzatildi\/"},"modified":"2018-08-16T10:12:50","modified_gmt":"2018-08-16T07:12:50","slug":"staj-ucretine-devlet-katkisi-uc-egitim-yili-uzatildi","status":"publish","type":"post","link":"https:\/\/www.vizyon2023.com.tr\/index.php\/2018\/08\/16\/staj-ucretine-devlet-katkisi-uc-egitim-yili-uzatildi\/","title":{"rendered":"Staj \u00fccretine devlet katk\u0131s\u0131 \u00fc\u00e7 e\u011fitim y\u0131l\u0131 uzat\u0131ld\u0131"},"content":{"rendered":"<p><b>Aday \u00e7\u0131rak ve \u00e7\u0131raklar ile i\u015fletmelerde mesleki e\u011fitim g\u00f6ren, staj ve tamamlay\u0131c\u0131 e\u011fitime devam eden \u00f6\u011frencilerin \u00fccretlerine yap\u0131lan devlet katk\u0131s\u0131 \u00f6demelerinin 2018-2019&#8217;dan itibaren \u00fc\u00e7 e\u011fitim ve \u00f6\u011fretim y\u0131l\u0131 uzat\u0131lmas\u0131na karar verildi.<\/b> <img src=\"http:\/\/i.hurimg.com\/i\/hurriyet\/75\/350x197\/5b7515867af5072038427504.jpg\">  <\/p>\n<p>Aday \u00e7\u0131rak ve \u00e7\u0131raklar ile i\u015fletmelerde mesleki e\u011fitim g\u00f6ren, staj ve tamamlay\u0131c\u0131 e\u011fitime devam eden \u00f6\u011frencilerin \u00fccretlerine yap\u0131lan devlet katk\u0131s\u0131 \u00f6demelerinin, 2018-2019&#8217;dan itibaren e\u011fitim ve \u00f6\u011fretim y\u0131l\u0131 uzat\u0131lmas\u0131na dair karar Resmi Gazete&#8217;de yay\u0131mland\u0131.<\/p>\n<p> T\u00fcrkiye Cumhurba\u015fkan\u0131 Recep Tayyip Erdo\u011fan&#8217;\u0131n imzas\u0131yla Resmi Gazete&#8217;de yay\u0131mlanan Cumhurba\u015fkan\u0131 karar\u0131na g\u00f6re, aday \u00e7\u0131rak ve \u00e7\u0131raklar ile i\u015fletmelerde mesleki e\u011fitim g\u00f6ren, staj ve tamamlay\u0131c\u0131 e\u011fitime devam eden \u00f6\u011frencilerin \u00fccretlerine yap\u0131lan devlet katk\u0131s\u0131 \u00f6demelerinin s\u00fcresinin uzat\u0131lmas\u0131 kararla\u015ft\u0131r\u0131ld\u0131.<\/p>\n<p>Buna g\u00f6re, i\u015fletmelerde mesleki e\u011fitim g\u00f6ren, staj veya tamamlay\u0131c\u0131 e\u011fitime devam eden \u00f6\u011frencilere \u00f6denebilecek en az \u00fccretin 20&#8217;den az personel \u00e7al\u0131\u015ft\u0131ran i\u015fletmeler i\u00e7in \u00fc\u00e7te ikisinin, 20 ve \u00fczerinde personel \u00e7al\u0131\u015ft\u0131ran i\u015fletmeler i\u00e7in \u00fc\u00e7te birinin \u0130\u015fsizlik Sigortas\u0131 Kanunu&#8217;nda belirtilen tutar\u0131n\u0131n devlet katk\u0131s\u0131 olarak \u00f6denmesine ili\u015fkin s\u00fcre 2018-2019 e\u011fitim \u00f6\u011fretim y\u0131l\u0131ndan itibaren \u00fc\u00e7 e\u011fitim ve \u00f6\u011fretim y\u0131l\u0131 uzat\u0131ld\u0131.<\/p>\n<p>\u00a0<\/p>\n<p>\u00a0<\/p>\n","protected":false},"excerpt":{"rendered":"<p>Aday \u00e7\u0131rak ve \u00e7\u0131raklar ile i\u015fletmelerde mesleki e\u011fitim g\u00f6ren, staj ve tamamlay\u0131c\u0131 e\u011fitime devam eden \u00f6\u011frencilerin \u00fccretlerine yap\u0131lan devlet katk\u0131s\u0131 \u00f6demelerinin 2018-2019&#8217;dan itibaren \u00fc\u00e7 e\u011fitim ve \u00f6\u011fretim y\u0131l\u0131 uzat\u0131lmas\u0131na karar verildi. Aday \u00e7\u0131rak ve \u00e7\u0131raklar ile i\u015fletmelerde mesleki e\u011fitim g\u00f6ren, staj ve tamamlay\u0131c\u0131 e\u011fitime devam eden \u00f6\u011frencilerin \u00fccretlerine yap\u0131lan devlet katk\u0131s\u0131 \u00f6demelerinin, 2018-2019&#8217;dan itibaren e\u011fitim [&hellip;]<\/p>\n","protected":false},"author":1000097,"featured_media":3347,"comment_status":"open","ping_status":"closed","sticky":false,"template":"","format":"standard","meta":[],"categories":[60],"tags":[200,118,201,199],"_links":{"self":[{"href":"https:\/\/www.vizyon2023.com.tr\/index.php\/wp-json\/wp\/v2\/posts\/3346"}],"collection":[{"href":"https:\/\/www.vizyon2023.com.tr\/index.php\/wp-json\/wp\/v2\/posts"}],"about":[{"href":"https:\/\/www.vizyon2023.com.tr\/index.php\/wp-json\/wp\/v2\/types\/post"}],"author":[{"embeddable":true,"href":"https:\/\/www.vizyon2023.com.tr\/index.php\/wp-json\/wp\/v2\/users\/1000097"}],"replies":[{"embeddable":true,"href":"https:\/\/www.vizyon2023.com.tr\/index.php\/wp-json\/wp\/v2\/comments?post=3346"}],"version-history":[{"count":0,"href":"https:\/\/www.vizyon2023.com.tr\/index.php\/wp-json\/wp\/v2\/posts\/3346\/revisions"}],"wp:featuredmedia":[{"embeddable":true,"href":"https:\/\/www.vizyon2023.com.tr\/index.php\/wp-json\/wp\/v2\/media\/3347"}],"wp:attachment":[{"href":"https:\/\/www.vizyon2023.com.tr\/index.php\/wp-json\/wp\/v2\/media?parent=3346"}],"wp:term":[{"taxonomy":"category","embeddable":true,"href":"https:\/\/www.vizyon2023.com.tr\/index.php\/wp-json\/wp\/v2\/categories?post=3346"},{"taxonomy":"post_tag","embeddable":true,"href":"https:\/\/www.vizyon2023.com.tr\/index.php\/wp-json\/wp\/v2\/tags?post=3346"}],"curies":[{"name":"wp","href":"https:\/\/api.w.org\/{rel}","templated":true}]}}