{"id":3321,"date":"2018-06-05T17:26:04","date_gmt":"2018-06-05T14:26:04","guid":{"rendered":"http:\/\/www.vizyon2023.com.tr\/index.php\/2018\/06\/05\/basbakan-yardimcisi-bozdag-turkiyeye-donuk-tehdit-varsa-orasi-turkiye-icin-hedeftir\/"},"modified":"2018-06-05T17:26:04","modified_gmt":"2018-06-05T14:26:04","slug":"basbakan-yardimcisi-bozdag-turkiyeye-donuk-tehdit-varsa-orasi-turkiye-icin-hedeftir","status":"publish","type":"post","link":"https:\/\/www.vizyon2023.com.tr\/index.php\/2018\/06\/05\/basbakan-yardimcisi-bozdag-turkiyeye-donuk-tehdit-varsa-orasi-turkiye-icin-hedeftir\/","title":{"rendered":"Ba\u015fbakan Yard\u0131mc\u0131s\u0131 Bozda\u011f: T\u00fcrkiye&#8217;ye d\u00f6n\u00fck tehdit varsa, oras\u0131 T\u00fcrkiye i\u00e7in hedeftir"},"content":{"rendered":"<p>Ba\u015fbakan Yard\u0131mc\u0131s\u0131 ve H\u00fck\u00fcmet S\u00f6zc\u00fcs\u00fc Bekir Bozda\u011f, Cumhurba\u015fkan\u0131 Recep Tayyip Erdo\u011fan ba\u015fkanl\u0131\u011f\u0131nda Cumhurba\u015fkanl\u0131\u011f\u0131 K\u00fclliyesi&#8217;nde d\u00fczenlenen Bakanlar Kurulu toplant\u0131s\u0131 devam ederken gazetecilere a\u00e7\u0131klamalarda bulundu.<\/p>\n<p>Bug\u00fcnk\u00fc toplant\u0131n\u0131n 65. h\u00fck\u00fcmetin 65. toplant\u0131s\u0131 oldu\u011funu an\u0131msatan Bozda\u011f, bu toplant\u0131n\u0131n b\u00fcy\u00fck ihtimalle parlamenter sistem i\u00e7indeki son Bakanlar Kurulu toplant\u0131s\u0131 oldu\u011funu s\u00f6yledi.<\/p>\n<p>Ba\u015fbakan Yard\u0131mc\u0131s\u0131 Bekir Bozda\u011f: Parlamenter H\u00fck\u00fcmet Sistemi&#8217;nin son Bakanlar Kurulu sonras\u0131 a\u00e7\u0131klamas\u0131n\u0131 yap\u0131yoruz.https:\/\/t.co\/o0xDtGfXkR pic.twitter.com\/27xV1fiYBA<\/p>\n<p>\u2014 TRT Haber Canl\u0131 (@trthabercanli) 4 Haziran 2018<\/p>\n<p>Bozda\u011f, 24 Haziran sonras\u0131nda Cumhurba\u015fkanl\u0131\u011f\u0131 H\u00fck\u00fcmet Sistemi&#8217;ne ge\u00e7ilece\u011fini ve olu\u015fturulacak yeni kabinenin T\u00fcrkiye&#8217;yi y\u00f6netece\u011fini belirterek, yeni h\u00fck\u00fcmet sisteminin hay\u0131rl\u0131 olmas\u0131n\u0131 temenni etti.<\/p>\n<p>Bakanlar Kurulu toplant\u0131s\u0131nda g\u00fcndemdeki i\u00e7 ve d\u0131\u015f konular\u0131 enine boyuna de\u011ferlendirme f\u0131rsat\u0131 bulduklar\u0131n\u0131 dile getiren Bozda\u011f, se\u00e7im s\u00fcrecinin de ele al\u0131nd\u0131\u011f\u0131na i\u015faret etti.<\/p>\n<p>Bozda\u011f, cumhurba\u015fkan\u0131 ve milletvekili adaylar\u0131n\u0131n se\u00e7im \u00e7al\u0131\u015fmalar\u0131n\u0131 g\u00fcven ortam\u0131 i\u00e7inde, \u00f6zg\u00fcrce y\u00fcr\u00fctebilmeleri ve se\u00e7imin \u00fclkenin d\u00f6rt bir yan\u0131nda g\u00fcven i\u00e7inde s\u00fcrd\u00fcr\u00fclebilmesi i\u00e7in yap\u0131lan \u00e7al\u0131\u015fmalar ve al\u0131nan tedbirlerin g\u00f6zden ge\u00e7irildi\u011fini s\u00f6yledi.<\/p>\n<p><strong>&#8220;Se\u00e7im s\u00fcreci demokratik olgunluk i\u00e7inde ge\u00e7mekte&#8221;<\/strong><\/p>\n<p>Se\u00e7im s\u00fcrecinin demokratik olgunluk i\u00e7inde devam etti\u011fini vurgulayan Bozda\u011f, &#8220;Bug\u00fcne kadar se\u00e7im s\u00fcreci b\u00fcy\u00fck bir demokratik olgunluk i\u00e7inde ge\u00e7mektedir. Herhangi bir olumsuzlu\u011fa rastlan\u0131lm\u0131\u015f de\u011fildir. Huzur, g\u00fcven ortam\u0131 i\u00e7inde se\u00e7imlerimiz devam etmektedir. Temennimiz odur ki se\u00e7im s\u00fcrecinin sonuna kadar da se\u00e7imin demokratik olgunluk i\u00e7inde devam etmesidir.&#8221; diye konu\u015ftu.<\/p>\n<p>T\u00fcrkiye&#8217;nin se\u00e7im tecr\u00fcbesini \u00e7ok ya\u015fad\u0131\u011f\u0131n\u0131 ve t\u00fcm se\u00e7imleri b\u00fcy\u00fck bir demokratik olgunluk i\u00e7inde tamamlad\u0131\u011f\u0131n\u0131 ifade eden Bozda\u011f, siyasi partilerin ve adaylar\u0131n da bu demokratik olgunlu\u011fa sahip olduklar\u0131n\u0131 belirtti.<\/p>\n<p>Bozda\u011f, &#8220;H\u00fck\u00fcmet olarak \u00fclkemizin her yerinde se\u00e7im g\u00fcvenli\u011fiyle ilgili her t\u00fcrl\u00fc tedbirin al\u0131nd\u0131\u011f\u0131n\u0131n \u00f6zellikle bilinmesini isteriz ve bunun alt\u0131n\u0131 bir kez daha \u00e7izmekte fayda g\u00f6r\u00fcyoruz.&#8221; diye konu\u015ftu.<\/p>\n<p>Ba\u015fbakan Yard\u0131mc\u0131s\u0131 Bekir Bozda\u011f: Bug\u00fcne kadar se\u00e7im s\u00fcreci b\u00fcy\u00fck bir demokratik olgunluk i\u00e7inde ge\u00e7mektedir. Herhangi bir olumsuzlu\u011fa rastlan\u0131lm\u0131\u015f de\u011fildir.https:\/\/t.co\/o0xDtGfXkR pic.twitter.com\/mWArkiysul<\/p>\n<p>\u2014 TRT Haber Canl\u0131 (@trthabercanli) 4 Haziran 2018<\/p>\n<p><strong>&#8220;Ramazan Bayram\u0131&#8217;nda idari tatil s\u00f6z konusu de\u011fil&#8221;<\/strong><\/p>\n<p>Ramazan Bayram\u0131&#8217;na \u00e7ok az bir zaman kald\u0131\u011f\u0131na i\u015faret eden Bozda\u011f, &#8220;Ramazan Bayram\u0131 nedeniyle idari tatil verme durumu s\u00f6z konusu de\u011fil. \u00c7\u00fcnk\u00fc Ramazan Bayram\u0131 cuma g\u00fcn\u00fcne, hafta sonuna denk geliyor. Bu nedenle Bakanlar Kurulu idari bir tatil karar\u0131 alma gere\u011fi duymam\u0131\u015ft\u0131r.&#8221; dedi.<\/p>\n<p>Ba\u015fbakan Yard\u0131mc\u0131s\u0131 Bekir Bozda\u011f: Ramazan Bayram\u0131 nedeniyle idari tatil verme durumu s\u00f6z konusu de\u011fil.https:\/\/t.co\/o0xDtGfXkR pic.twitter.com\/kDnDi2ZfZC<\/p>\n<p>\u2014 TRT Haber Canl\u0131 (@trthabercanli) 4 Haziran 2018<\/p>\n<p><strong>Maa\u015f ve ikramiye \u00f6demelerinin tarihleri belirlendi<\/strong><\/p>\n<p>Emeklilerle ilgili baz\u0131 konular bulundu\u011funu belirten Bozda\u011f, &#8220;\u00d6zellikle bayram ikramiyelerine ili\u015fkin Meclis&#8217;te yasal de\u011fi\u015fiklik yap\u0131ld\u0131. Bu \u00e7er\u00e7evede Ba\u011fkur ve Emekli Sand\u0131\u011f\u0131 emeklisi vatanda\u015flar\u0131m\u0131z bayram ikramiyelerini 7 Haziran&#8217;da, SSK emeklisi vatanda\u015flar\u0131m\u0131z da bayram ikramiyesini 8 Haziran&#8217;da alabileceklerdir.&#8221; dedi.<\/p>\n<p>Emekli Sand\u0131\u011f\u0131 emeklilerinin maa\u015flar\u0131n\u0131n 1 ve 5 Haziran tarihleri aras\u0131nda \u00f6demesinin yap\u0131ld\u0131\u011f\u0131n\u0131 ve bu \u00f6demelerin devam etti\u011fini s\u00f6yleyen Bozda\u011f, \u015funlar\u0131 kaydetti:<\/p>\n<p>&#8220;SSK ve Ba\u011fkur emeklilerinin emekli maa\u015flar\u0131 bayram sonras\u0131 d\u00f6neme denk geliyordu. Bunlar\u0131n emekli maa\u015flar\u0131n\u0131n bayram \u00f6ncesi \u00f6denmesi, 11-12-13 Haziran&#8217;da \u00f6demelerin tamamlanmas\u0131 hususu karar\u0131 al\u0131nm\u0131\u015ft\u0131r. \u015eu anda \u00f6demeler \u00f6ne \u00e7ekildi. 11-12-13 Haziran&#8217;da SSK ve Ba\u011fkur emeklilerimiz de maa\u015flar\u0131n\u0131 alacaklard\u0131r.&#8221;<\/p>\n<p>Ba\u015fbakan Yard\u0131mc\u0131s\u0131 Bekir Bozda\u011f: Ba\u011fkur ve Emekli Sand\u0131\u011f\u0131 emeklileri bayram ikramiyelerini 7 Haziran&#8217;da, SSK emeklileri 8 Haziran&#8217;da alabilecek. 11-12-13 Haziran&#8217;da SSK ve Ba\u011fkur emeklilerimiz de maa\u015flar\u0131n\u0131 alacakt\u0131r.https:\/\/t.co\/o0xDtGfXkR pic.twitter.com\/1JMwowfcYV<\/p>\n<p>\u2014 TRT Haber Canl\u0131 (@trthabercanli) 4 Haziran 2018<\/p>\n<p><strong>&#8220;M\u00fcnbi\u00e7 i\u00e7in bir takvim ortaya kondu&#8221;<\/strong><\/p>\n<p>T\u00fcrkiye ve ABD&#8217;nin PYD ve YPG&#8217;nin M\u00fcnbi\u00e7&#8217;ten uzakla\u015ft\u0131r\u0131lmas\u0131 konusunda bir y\u00f6ntem benimsenmesinde mutabakata vard\u0131\u011f\u0131n\u0131 bildiren Bozda\u011f, &#8220;Bu y\u00f6ntem \u00e7er\u00e7evesinde YPG\/PYD&#8217;li ter\u00f6ristlerin b\u00f6lgeden uzakla\u015ft\u0131r\u0131lmas\u0131 i\u00e7in bir yol haritas\u0131 \u00e7izilmesi i\u00e7in de mutabakata var\u0131ld\u0131. Bu yol haritas\u0131n\u0131n birlikte uygulanarak M\u00fcnbi\u00e7&#8217;teki YPG\/PYD&#8217;li ter\u00f6ristlerin b\u00f6lgeden ayr\u0131lmas\u0131 ve b\u00f6lgedeki di\u011fer hususlar\u0131n yerine getirilmesi konusunda da bir mutabakat sa\u011fland\u0131.&#8221; ifadesini kulland\u0131.<\/p>\n<p>Buras\u0131 i\u00e7in bir takvimin de kondu\u011funu aktaran Bozda\u011f, s\u00f6zlerini \u015f\u00f6yle s\u00fcrd\u00fcrd\u00fc:<\/p>\n<p>&#8220;Ucu a\u00e7\u0131k da bir \u00e7al\u0131\u015fma de\u011fil. Hem y\u00f6ntemi belirleme hem yol haritas\u0131n\u0131 belirleme hem de bunlar\u0131 hayata ge\u00e7irme konusunda bir takvim de ortaya kondu. Ka\u00e7 g\u00fcn i\u00e7erisinde y\u00f6ntem belirlenecek, ka\u00e7 g\u00fcn i\u00e7erisinde yol haritas\u0131, ka\u00e7 g\u00fcn YPG\/PYD&#8217;li ter\u00f6ristler M\u00fcnbi\u00e7&#8217;ten ayr\u0131lacak ve T\u00fcrk ve ABD&#8217;li askerler anla\u015fma \u00e7er\u00e7evesinde orada nas\u0131l g\u00fcvenli\u011fi, asayi\u015fi ve di\u011fer konular\u0131 hayata ge\u00e7irecekler, b\u00fct\u00fcn bunlar\u0131n hepsi bir takvim \u00e7er\u00e7evesinde uygulamaya konulacakt\u0131r. Hepsi de takvime ba\u011flanm\u0131\u015f durumdad\u0131r. Umar\u0131z ki m\u00fcttefikimiz ABD, aram\u0131zdaki bu \u00f6n mutabakat \u00e7er\u00e7evesinde al\u0131nan kararlar\u0131n birlikte hayata ge\u00e7irilmesi konusunda mutabakat\u0131n gere\u011fini yerine getirir. Dile\u011fimiz buran\u0131n, bu mutabakat \u00e7er\u00e7evesinde ter\u00f6ristlerden temizlenmesi ve ar\u0131nd\u0131r\u0131lmas\u0131d\u0131r. \u015eu anda olumlu bir noktaday\u0131z, bu olumlu noktan\u0131n, bu takvim \u00e7er\u00e7evesinde T\u00fcrkiye&#8217;nin arzu etti\u011fi istikamette sonu\u00e7lanaca\u011f\u0131n\u0131 \u00fcmit ediyoruz.&#8221;<\/p>\n<p><strong>&#8220;Her an her \u015fey olabilir&#8221;<\/strong><\/p>\n<p>T\u00fcrk Silahl\u0131 Kuvvetlerinin (TSK) Irak&#8217;\u0131n kuzeyinde ter\u00f6rle m\u00fccadele nedeniyle bulundu\u011funu, T\u00fcrkiye&#8217;nin 11 ayr\u0131 askeri birliklerinin oldu\u011funu dile getiren Bozda\u011f, TSK birliklerinin, Kandil&#8217;den ve Irak&#8217;\u0131n kuzeyinden T\u00fcrkiye&#8217;ye PKK&#8217;l\u0131 ter\u00f6ristlerin ge\u00e7i\u015fini \u00f6nlemek ve T\u00fcrkiye&#8217;ye y\u00f6nelik ter\u00f6r tehditlerini \u00fclkenin s\u0131n\u0131rlar\u0131 d\u0131\u015f\u0131nda etkisiz hale getirmek i\u00e7in orada olduklar\u0131n\u0131 vurgulad\u0131.<\/p>\n<p>Zaman zaman oradan yap\u0131lan sald\u0131r\u0131larda, kurulan tuzaklarda \u015fehitler ve gazilerin oldu\u011funu hat\u0131rlatan Bozda\u011f, \u015fu de\u011ferlendirmeyi yapt\u0131:<\/p>\n<p>&#8220;\u015eunu bilmenizi isteriz ki nerede ter\u00f6rist varsa, nerede T\u00fcrkiye&#8217;ye d\u00f6n\u00fck tehdit varsa, oras\u0131 T\u00fcrkiye i\u00e7in hedeftir. Hem ter\u00f6ristler hedeftir hem de oradaki ter\u00f6r kaynaklar\u0131n\u0131n tamam\u0131 T\u00fcrkiye i\u00e7in hedeftir. T\u00fcrkiye, hem \u00fclke i\u00e7inde hem de \u00fclke d\u0131\u015f\u0131nda T\u00fcrkiye&#8217;ye d\u00f6n\u00fck b\u00fct\u00fcn ter\u00f6r tehditlerini kayna\u011f\u0131nda imha etme kararl\u0131l\u0131\u011f\u0131ndad\u0131r. Art\u0131k taarruz politikas\u0131n\u0131 hem i\u00e7eride hem d\u0131\u015far\u0131da uygulama kararl\u0131l\u0131\u011f\u0131nday\u0131z ve uyguluyoruz. Orada da ter\u00f6ristlerin inlerine girmeye devam ediyoruz.&#8221;<\/p>\n<p>Bozda\u011f, Kandil&#8217;in ter\u00f6r \u00f6rg\u00fct\u00fcn\u00fcn bir merkezi oldu\u011funun herkes\u00e7e bilindi\u011fini, oradan T\u00fcrkiye&#8217;ye ter\u00f6r ihra\u00e7 edildi\u011fini, T\u00fcrkiye&#8217;deki ter\u00f6r\u00fcn oradan y\u00f6netildi\u011fini s\u00f6yledi.<\/p>\n<p>T\u00fcrkiye&#8217;nin daha \u00f6nce Kandil&#8217;e defalarca operasyon yapt\u0131\u011f\u0131n\u0131 aktaran Bozda\u011f, &#8220;Bundan sonra da Kandil dahil T\u00fcrkiye&#8217;ye d\u00f6n\u00fck her t\u00fcrl\u00fc ter\u00f6ristin ve ter\u00f6r tehdidin oldu\u011fu yere T\u00fcrkiye&#8217;nin operasyon yapma hakk\u0131 mahfuzdur. Kandil&#8217;e, T\u00fcrkiye bundan sonra da girebilir, her an her \u015fey olabilir.&#8221; diye konu\u015ftu.<\/p>\n<p>#SONDAK\u0130KA<br \/>\nBa\u015fbakan Yard\u0131mc\u0131s\u0131 Bekir Bozda\u011f: T\u00fcrkiye Kandil&#8217;e girebilir, her an her \u015fey olabilir.https:\/\/t.co\/o0xDtGfXkR pic.twitter.com\/iz1DmIDc2x<\/p>\n<p>\u2014 TRT Haber Canl\u0131 (@trthabercanli) 4 Haziran 2018<\/p>\n<p><strong>&#8220;Yunanistan darbecileri himaye etmekte&#8221;<\/strong><\/p>\n<p>Yunan yarg\u0131s\u0131n\u0131n darbeci askerleri serbest b\u0131rakmas\u0131na ili\u015fkin bir soru \u00fczerine Bozda\u011f, Yunanistan&#8217;\u0131n, T\u00fcrkiye gibi darbelerden \u00e7ok \u00e7ekmi\u015f, darbelere T\u00fcrkiye gibi bedel \u00f6demi\u015f bir \u00fclke oldu\u011funu an\u0131msatt\u0131.<\/p>\n<p>\u0130ki \u00fclke aras\u0131nda su\u00e7lular\u0131n iadesine dair uluslararas\u0131 hukukun gerektirdi\u011fi kurallar\u0131n bulundu\u011funa i\u015faret eden Bozda\u011f, \u015funlar\u0131 s\u00f6yledi:<\/p>\n<p>&#8220;Yunanistan hem kom\u015fu olarak hem aram\u0131zdaki uluslararas\u0131 kurallar gere\u011fi hem de darbelere bu kadar bedel \u00f6demi\u015f bir \u00fclke olarak yapmas\u0131 gereken; darbeci askerlerin, ter\u00f6ristlerin T\u00fcrkiye&#8217;ye iadesini yapmakt\u0131r. Ama maalesef Yunanistan bunu yapmad\u0131. \u00d6yle g\u00f6r\u00fcyoruz ki Yunanistan, T\u00fcrkiye&#8217;nin i\u00e7erisinde, T\u00fcrkiye&#8217;nin parlamentosuna, h\u00fck\u00fcmetine, milletin iradesine, devletine, anayasas\u0131na kar\u015f\u0131 darbe te\u015febb\u00fcs\u00fcne kalk\u0131\u015fan bu FET\u00d6&#8217;c\u00fc ter\u00f6rist darbecileri himaye etmektedir. FET\u00d6&#8217;ye alenen destek vermektedir. Darbeden \u00e7ekmi\u015f Yunanistan devleti, darbecilere destek vermektedir. Bunu T\u00fcrkiye olarak bizim kabul etmemiz m\u00fcmk\u00fcn de\u011fildir.&#8221;<\/p>\n<p>Yunanistan Ba\u015fbakan\u0131 \u00c7ipras&#8217;\u0131n darbeden hemen sonra yapt\u0131\u011f\u0131 baz\u0131 a\u00e7\u0131klamalarla bu darbecilerin T\u00fcrkiye&#8217;ye iade edilece\u011fi konusunda bir olumlu hava esti\u011fini, biraz da \u00fcmitlendiklerini dile getiren Bozda\u011f, &#8220;Say\u0131n \u00c7ipras, s\u00f6z\u00fcn\u00fcn eridir diye d\u00fc\u015f\u00fcnd\u00fck. Ama \u00f6yle g\u00f6r\u00fcld\u00fc ki daha sonra yarg\u0131 s\u00fcre\u00e7leri devreye sokularak o iadeler yap\u0131lmad\u0131.&#8221; dedi.<\/p>\n<p><strong>&#8220;FET\u00d6&#8217;c\u00fc askerleri T\u00fcrkiye&#8217;ye getirmek bizim vazifemiz&#8221;<\/strong><\/p>\n<p>Bozda\u011f, uluslararas\u0131 hukuk kurallar\u0131 ne derse desin, bu iadelerin siyasi bir y\u00f6n\u00fcn\u00fcn de bulundu\u011funa vurgu yapt\u0131.<\/p>\n<p>&#8220;Yunanistan&#8217;da yarg\u0131n\u0131n verdi\u011fi bu kararlar hukuka dayanan kararlar olsayd\u0131, iki \u00fclke aras\u0131ndaki antla\u015fmalar\u0131n gere\u011fine uyarak al\u0131nm\u0131\u015f olsayd\u0131 \u015fu anda FET\u00d6&#8217;c\u00fc darbeciler T\u00fcrkiye&#8217;ye iade edilmi\u015f olacakt\u0131.&#8221; diyen Bozda\u011f, Yunanistan&#8217;da bu s\u00fcre\u00e7te, hukuk yerine T\u00fcrkiye&#8217;ye d\u00f6n\u00fck hesaplar ve siyaset araya girdi\u011fi i\u00e7in Yunanistan&#8217;\u0131n \u015fu anda su\u00e7lular\u0131, darbecileri himaye eden, koruyan bir \u00fclke konumunda oldu\u011funun alt\u0131n\u0131 \u00e7izdi.<\/p>\n<p>Bozda\u011f, \u015funlar\u0131 kaydetti:<\/p>\n<p>&#8220;Yunanistan FET\u00d6&#8217;c\u00fc, darbeci askerleri iade etmemi\u015f olabilir. Hatta onlara ba\u015fka imkanlar da korumalar da verebilir. Baz\u0131 \u00fclkelerin ter\u00f6ristleri himaye etti\u011fi gibi himaye edebilir. \u00d6zellikle ifade etmek isterim ki, ne yaparlarsa yaps\u0131nlar o darbeci, FET\u00d6&#8217;c\u00fc askerleri bulmak, onlar\u0131 paketleyip T\u00fcrkiye&#8217;ye getirmek bizim vazifemizdir. Nereye giderlerse gitsinler, enselerinde olaca\u011f\u0131z. Onlar\u0131 \u00f6n\u00fcnde sonunda yakalayaca\u011f\u0131z, T\u00fcrkiye&#8217;ye getirece\u011fiz, T\u00fcrk yarg\u0131s\u0131na teslim edece\u011fiz. Yarg\u0131m\u0131z da millet ad\u0131na, yapt\u0131klar\u0131 fiillerin hesaplar\u0131n\u0131 onlara soracakt\u0131r. Burada ka\u00e7\u0131\u015f yok. Hangi \u00fclke himaye ederse etsin, burada kurtulu\u015f yok.&#8221;<\/p>\n<p><strong>&#8220;Her \u015fey kurallara uygun yap\u0131lm\u0131\u015ft\u0131r&#8221;<\/strong><\/p>\n<p>&#8220;Ter\u00f6ristba\u015f\u0131 Fetullah G\u00fclen&#8217;in Amerika&#8217;dan iadesinin usul\u00fcne uygun istenmedi\u011fine dair tart\u0131\u015fmalar vard\u0131. CHP&#8217;ye \u00e7a\u011fr\u0131da bulunup Adalet Bakanl\u0131\u011f\u0131na gidip dosyay\u0131 inceleyebileceklerini s\u00f6ylemi\u015ftiniz. Bug\u00fcn o ziyaret ger\u00e7ekle\u015fti. G\u00f6r\u00fc\u015fmeye ili\u015fkin bilgi ald\u0131n\u0131z m\u0131?&#8221; sorusuna Bozda\u011f, &#8220;T\u00fcrkiye ter\u00f6ristba\u015f\u0131 Fethullah G\u00fclen&#8217;in iadesini T\u00fcrkiye ve Amerika aras\u0131ndaki ikili anla\u015fmaya uygun \u015fekilde istemi\u015ftir. Her \u015fey kurallara uygun yap\u0131lm\u0131\u015ft\u0131r. Usul a\u00e7\u0131s\u0131ndan eksiklik ve yanl\u0131\u015fl\u0131k yoktur.&#8221; yan\u0131t\u0131n\u0131 verdi.<\/p>\n<p>Bozda\u011f, ABD taraf\u0131n\u0131n ter\u00f6ristba\u015f\u0131 G\u00fclen&#8217;i ve b\u00fct\u00fcn ter\u00f6ristba\u015f\u0131n\u0131n ter\u00f6ristlerini himaye etti\u011fini, G\u00fclen&#8217;i T\u00fcrkiye&#8217;ye iade etmemek i\u00e7in ipe un serdi\u011fini s\u00f6yledi.<\/p>\n<p>T\u00fcrkiye&#8217;nin bu noktada \u00fczerine d\u00fc\u015fen her \u015feyi eksiksiz yerine getirdi\u011fini vurgulayan Bozda\u011f, e\u011fer hukuk uygulan\u0131yorsa ABD&#8217;nin derhal ter\u00f6ristba\u015f\u0131 G\u00fclen&#8217;i T\u00fcrkiye&#8217;ye iade etmesi gerekti\u011fini kaydetti.<\/p>\n<p>Bozda\u011f, &#8220;Maalesef ABD, T\u00fcrkiye ile m\u00fcttefik olmas\u0131na ra\u011fmen ter\u00f6ristba\u015f\u0131n\u0131 iade etmedi\u011fi gibi ter\u00f6ristba\u015f\u0131 G\u00fclen&#8217;in ABD&#8217;den FET\u00d6\/PDY ter\u00f6r \u00f6rg\u00fct\u00fcn\u00fc y\u00f6netmesine, m\u00fcttefiki oldu\u011fu T\u00fcrkiye&#8217;ye kar\u015f\u0131 d\u0131\u015far\u0131da ve i\u00e7eride sald\u0131r\u0131da bulunmas\u0131na m\u00fcsaade ediyor. Orada rahat, \u00f6zg\u00fcr bi\u00e7imde ter\u00f6r faaliyetlerine FET\u00d6\/PDY kurucusu ve y\u00f6neticisi ter\u00f6ristba\u015f\u0131 G\u00fclen devam etmektedir. Bu, iki \u00fclke aras\u0131ndaki hukuka da iki \u00fclkenin \u00e7\u0131karlar\u0131na da m\u00fcttefikli\u011fe de uygun bir durum de\u011fildir.&#8221; diye konu\u015ftu.<\/p>\n<p>&#8220;Umar\u0131z bu de\u011ferli hukuk\u00e7ular g\u00f6rd\u00fckleri kar\u015f\u0131s\u0131nda hakk\u0131 teslim ederler&#8221;<br \/>\nCHP&#8217;nin cumhurba\u015fkan\u0131 aday\u0131 Muharrem \u0130nce&#8217;nin &#8220;Usul\u00fcne uygun istemediler.&#8221; iddias\u0131 \u00fczerine Adalet Bakanl\u0131\u011f\u0131n\u0131n davette bulundu\u011funu hat\u0131rlatan Bozda\u011f, bug\u00fcn CHP ad\u0131na, Bakanl\u0131\u011fa milletvekilleri ve Ankara Barosu avukatlar\u0131n\u0131n bulundu\u011fu heyetin geldi\u011fini s\u00f6yledi.<\/p>\n<p>Adalet Bakanl\u0131\u011f\u0131nda uzunca bir g\u00f6r\u00fc\u015fme yap\u0131ld\u0131\u011f\u0131n\u0131 anlatan Bozda\u011f, Adalet Bakanl\u0131\u011f\u0131 b\u00fcrokratlar\u0131n\u0131n bu konunun esas uzmanlar\u0131 oldu\u011funu vurgulad\u0131. Bozda\u011f, bu konunun T\u00fcrkiye&#8217;de herkes taraf\u0131ndan bilinen bir konu olmad\u0131\u011f\u0131n\u0131, uluslararas\u0131 hukuka g\u00f6re iade usullerini Adalet Bakanl\u0131\u011f\u0131n\u0131n bildi\u011fini ifade etti.<\/p>\n<p>Yarg\u0131 makamlar\u0131n\u0131n dahi Adalet Bakanl\u0131\u011f\u0131 kadar bu i\u015fi bilmedi\u011fini dile getiren Bozda\u011f, \u015funlar\u0131 kaydetti:<\/p>\n<p>&#8220;\u00c7\u00fcnk\u00fc yarg\u0131 makam\u0131 sadece iade talebine karar veriyor. Bunun uygulamas\u0131, usul\u00fc nas\u0131l olacak, evraklar\u0131n tanzimi, bunlar\u0131n kar\u015f\u0131 tarafa usule uygun iletilmesi i\u015fi, Adalet Bakanl\u0131\u011f\u0131 taraf\u0131ndan deruhte edilmektedir. Kendilerine bug\u00fcne kadar ter\u00f6ristba\u015f\u0131 Fetullah G\u00fclen&#8217;in iadesiyle, ge\u00e7ici tutuklanma talebiyle ilgili sadece darbe te\u015febb\u00fcs\u00fc de\u011fil di\u011fer dosyalarla ilgili neler yap\u0131ld\u0131\u011f\u0131na dair sunumlar yap\u0131ld\u0131. Ayr\u0131ca evraklar\u0131n tamam\u0131 say\u0131n vekillerin ve beraberindeki avukatlar\u0131n incelemesine de sunuldu. Sunumu dinlediler, sorular\u0131n\u0131 sordular, evraklar\u0131 incelediler, kendi notlar\u0131n\u0131 da ald\u0131lar. Arkada\u015flar\u0131m\u0131za te\u015fekk\u00fcr edip ayr\u0131ld\u0131lar. Bundan sonras\u0131 onlara kalm\u0131\u015ft\u0131r, ne a\u00e7\u0131klama yapacaklar onu g\u00f6rece\u011fiz. \u00c7\u0131k\u0131\u015fta bir a\u00e7\u0131klama yapmad\u0131lar. Say\u0131n cumhurba\u015fkan\u0131 adaylar\u0131na, Genel Ba\u015fkanlar\u0131na konuyu ileteceklerini ondan sonra a\u00e7\u0131klama yap\u0131laca\u011f\u0131n\u0131 ifade ettiler. Adalet Bakanl\u0131\u011f\u0131 da g\u00f6r\u00fc\u015fmeye dair k\u0131sa bir a\u00e7\u0131klama yapt\u0131. Bizim beklentimiz vicdan ve hakkaniyet sahibi biri olarak hakk\u0131 teslim etmeleridir. Ba\u015fka bir beklentimiz yoktur. \u00c7\u00fcnk\u00fc T\u00fcrkiye bu konuda \u00e7ok nettir, do\u011frular\u0131 yapm\u0131\u015ft\u0131r. Yanl\u0131\u015f, eksik olan bir \u015fey kesinlikle yoktur. Her \u015fey kitab\u0131na, usul\u00fcne uygundur. Umar\u0131z ki bu de\u011ferli hukuk\u00e7ular g\u00f6rd\u00fckleri kar\u015f\u0131s\u0131nda hakk\u0131 teslim ederler.&#8221;<\/p>\n<p>Kaynak: AA<\/p>\n","protected":false},"excerpt":{"rendered":"<p>Cumhurba\u015fkan\u0131 Recep Tayyip Erdo\u011fan ba\u015fkanl\u0131\u011f\u0131nda toplanan, 24 Haziran se\u00e7imleri \u00f6ncesinde Parlamenter sistemin son Bakanlar Kurulu toplant\u0131s\u0131 sona erdi.<\/p>\n","protected":false},"author":1000097,"featured_media":3322,"comment_status":"open","ping_status":"closed","sticky":false,"template":"","format":"standard","meta":[],"categories":[58],"tags":[],"_links":{"self":[{"href":"https:\/\/www.vizyon2023.com.tr\/index.php\/wp-json\/wp\/v2\/posts\/3321"}],"collection":[{"href":"https:\/\/www.vizyon2023.com.tr\/index.php\/wp-json\/wp\/v2\/posts"}],"about":[{"href":"https:\/\/www.vizyon2023.com.tr\/index.php\/wp-json\/wp\/v2\/types\/post"}],"author":[{"embeddable":true,"href":"https:\/\/www.vizyon2023.com.tr\/index.php\/wp-json\/wp\/v2\/users\/1000097"}],"replies":[{"embeddable":true,"href":"https:\/\/www.vizyon2023.com.tr\/index.php\/wp-json\/wp\/v2\/comments?post=3321"}],"version-history":[{"count":0,"href":"https:\/\/www.vizyon2023.com.tr\/index.php\/wp-json\/wp\/v2\/posts\/3321\/revisions"}],"wp:featuredmedia":[{"embeddable":true,"href":"https:\/\/www.vizyon2023.com.tr\/index.php\/wp-json\/wp\/v2\/media\/3322"}],"wp:attachment":[{"href":"https:\/\/www.vizyon2023.com.tr\/index.php\/wp-json\/wp\/v2\/media?parent=3321"}],"wp:term":[{"taxonomy":"category","embeddable":true,"href":"https:\/\/www.vizyon2023.com.tr\/index.php\/wp-json\/wp\/v2\/categories?post=3321"},{"taxonomy":"post_tag","embeddable":true,"href":"https:\/\/www.vizyon2023.com.tr\/index.php\/wp-json\/wp\/v2\/tags?post=3321"}],"curies":[{"name":"wp","href":"https:\/\/api.w.org\/{rel}","templated":true}]}}