{"id":3319,"date":"2018-06-05T17:25:40","date_gmt":"2018-06-05T14:25:40","guid":{"rendered":"http:\/\/www.vizyon2023.com.tr\/index.php\/2018\/06\/05\/chp-genel-baskan-yardimcisi-karaca-nukleer-enerji-santrallerini-iptal-edecegiz\/"},"modified":"2018-06-05T17:25:40","modified_gmt":"2018-06-05T14:25:40","slug":"chp-genel-baskan-yardimcisi-karaca-nukleer-enerji-santrallerini-iptal-edecegiz","status":"publish","type":"post","link":"https:\/\/www.vizyon2023.com.tr\/index.php\/2018\/06\/05\/chp-genel-baskan-yardimcisi-karaca-nukleer-enerji-santrallerini-iptal-edecegiz\/","title":{"rendered":"CHP Genel Ba\u015fkan Yard\u0131mc\u0131s\u0131 Karaca: N\u00fckleer enerji santrallerini iptal edece\u011fiz"},"content":{"rendered":"<p>CHP Genel Ba\u015fkan Yard\u0131mc\u0131s\u0131 G\u00fclizar Bi\u00e7er Karaca, 5 Haziran D\u00fcnya \u00c7evre G\u00fcn\u00fc nedeniyle yapt\u0131\u011f\u0131 yaz\u0131l\u0131 a\u00e7\u0131klamada, T\u00fcrkiye&#8217;nin geride b\u0131rak\u0131lan 16 y\u0131ldaki yanl\u0131\u015f politikalar\u0131n ac\u0131 re\u00e7etesiyle kar\u015f\u0131 kar\u015f\u0131ya oldu\u011funu savundu.<\/p>\n<p>&#8220;16 y\u0131ll\u0131k AKP iktidar\u0131n\u0131n ard\u0131ndan 5 Haziran \u00c7evre G\u00fcn\u00fc\u2019n\u00fc kutlamak i\u00e7in elimizde kalan tek sebep, b\u00fcy\u00fck bir kararl\u0131l\u0131kla ya\u015fam\u0131 savunanlar\u0131n 24 Haziran\u2019a ta\u015f\u0131d\u0131\u011f\u0131 umuttur.&#8221; ifadesini kullanan Karaca, do\u011fay\u0131 korumak ve ye\u015fil adaleti sa\u011flamak i\u00e7in 2023&#8217;\u00fc bekleme niyetleri olmad\u0131\u011f\u0131n\u0131 vurgulad\u0131.<\/p>\n<p>Karaca, iktidarlar\u0131nda yapacaklar\u0131n\u0131 aktararak, \u015funlar\u0131 kaydetti:<\/p>\n<p>&#8220;CHP olarak, do\u011fa dostu bir ya\u015fam in\u015fa edece\u011fiz. Do\u011fa katliamlar\u0131na imza atan h\u00fck\u00fcmetin yanl\u0131\u015f uygulamalar\u0131n\u0131 sonland\u0131raca\u011f\u0131z. \u0130klim de\u011fi\u015fikli\u011finin yaratt\u0131\u011f\u0131 tahribat\u0131 \u00f6nleyici kapsaml\u0131 projeleri hayata ge\u00e7irece\u011fiz. S\u00fcrd\u00fcr\u00fclebilir enerji potansiyelini hayata ge\u00e7irecek, do\u011fa dostu teknolojileri te\u015fvik edece\u011fiz. Do\u011fa dostu \u00fcretimi te\u015fvik edece\u011fiz. Uluslar aras\u0131 koruma alt\u0131nda olan alanlarda maden aramas\u0131 ve HES yapmayaca\u011f\u0131z. Ekolojik anayasa haz\u0131rlayacak, su kanunu \u00e7\u0131kararak rant\u0131n ve \u00f6zelle\u015ftirmelerin \u00f6n\u00fcne ge\u00e7ece\u011fiz. \u00c7ED raporlar\u0131nda kamusal \u00e7\u0131kar\u0131 m\u00fcmk\u00fcn k\u0131lacak, ayr\u0131ca SED y\u00fcr\u00fct\u00fclmesini sa\u011flayaca\u011f\u0131z. Meralar\u0131 \u00f6zel m\u00fclkiyet olmaktan \u00e7\u0131karacak, Akkuyu ve Sinop n\u00fckleer enerji santrallerini, uluslar aras\u0131 y\u00fck\u00fcml\u00fcl\u00fckler dahilinde iptal edece\u011fiz.&#8221;<\/p>\n<p>Kaynak: AA<\/p>\n","protected":false},"excerpt":{"rendered":"<p>CHP Genel Ba\u015fkan Yard\u0131mc\u0131s\u0131 G\u00fclizar Bi\u00e7er Karaca, &#8220;Akkuyu ve Sinop n\u00fckleer enerji santrallerini uluslar aras\u0131 y\u00fck\u00fcml\u00fcl\u00fckler dahilinde iptal edece\u011fiz.&#8221; dedi.<\/p>\n","protected":false},"author":1000097,"featured_media":3320,"comment_status":"open","ping_status":"closed","sticky":false,"template":"","format":"standard","meta":[],"categories":[58],"tags":[],"_links":{"self":[{"href":"https:\/\/www.vizyon2023.com.tr\/index.php\/wp-json\/wp\/v2\/posts\/3319"}],"collection":[{"href":"https:\/\/www.vizyon2023.com.tr\/index.php\/wp-json\/wp\/v2\/posts"}],"about":[{"href":"https:\/\/www.vizyon2023.com.tr\/index.php\/wp-json\/wp\/v2\/types\/post"}],"author":[{"embeddable":true,"href":"https:\/\/www.vizyon2023.com.tr\/index.php\/wp-json\/wp\/v2\/users\/1000097"}],"replies":[{"embeddable":true,"href":"https:\/\/www.vizyon2023.com.tr\/index.php\/wp-json\/wp\/v2\/comments?post=3319"}],"version-history":[{"count":0,"href":"https:\/\/www.vizyon2023.com.tr\/index.php\/wp-json\/wp\/v2\/posts\/3319\/revisions"}],"wp:featuredmedia":[{"embeddable":true,"href":"https:\/\/www.vizyon2023.com.tr\/index.php\/wp-json\/wp\/v2\/media\/3320"}],"wp:attachment":[{"href":"https:\/\/www.vizyon2023.com.tr\/index.php\/wp-json\/wp\/v2\/media?parent=3319"}],"wp:term":[{"taxonomy":"category","embeddable":true,"href":"https:\/\/www.vizyon2023.com.tr\/index.php\/wp-json\/wp\/v2\/categories?post=3319"},{"taxonomy":"post_tag","embeddable":true,"href":"https:\/\/www.vizyon2023.com.tr\/index.php\/wp-json\/wp\/v2\/tags?post=3319"}],"curies":[{"name":"wp","href":"https:\/\/api.w.org\/{rel}","templated":true}]}}