{"id":3299,"date":"2018-06-05T17:22:13","date_gmt":"2018-06-05T14:22:13","guid":{"rendered":"http:\/\/www.vizyon2023.com.tr\/index.php\/2018\/06\/05\/cumhurbaskani-erdogan-teror-orgutune-teslim-edilmis-belediyeler-borc-batagindaydi\/"},"modified":"2018-06-05T17:22:13","modified_gmt":"2018-06-05T14:22:13","slug":"cumhurbaskani-erdogan-teror-orgutune-teslim-edilmis-belediyeler-borc-batagindaydi","status":"publish","type":"post","link":"https:\/\/www.vizyon2023.com.tr\/index.php\/2018\/06\/05\/cumhurbaskani-erdogan-teror-orgutune-teslim-edilmis-belediyeler-borc-batagindaydi\/","title":{"rendered":"Cumhurba\u015fkan\u0131 Erdo\u011fan: Ter\u00f6r \u00f6rg\u00fct\u00fcne teslim edilmi\u015f belediyeler bor\u00e7 bata\u011f\u0131ndayd\u0131"},"content":{"rendered":"<p>Cumhurba\u015fkan\u0131 Recep Tayyip Erdo\u011fan, belediye ba\u015fkan vekillerini Cumhurba\u015fkanl\u0131\u011f\u0131 K\u00fclliyesi&#8217;nde kabul etti.<\/p>\n<p>Cumhurba\u015fkanl\u0131\u011f\u0131 Genel Sekreteri Fahri Kas\u0131rga, \u0130\u00e7i\u015fleri Bakan\u0131 S\u00fcleyman Soylu, \u0130\u00e7i\u015fleri Bakanl\u0131\u011f\u0131 M\u00fcste\u015far\u0131 Muhterem \u0130nce&#8217;nin de yer ald\u0131\u011f\u0131 kabulde konu\u015fan Cumhurba\u015fkan\u0131 Erdo\u011fan, Bakan Soylu&#8217;nun riyasetinde yeni, farkl\u0131 bir anlay\u0131\u015fla T\u00fcrkiye genelinde, halk aras\u0131nda &#8220;kayyum&#8221; ad\u0131yla tan\u0131mlanan bir s\u00fcrecin birlikte y\u00fcr\u00fct\u00fcld\u00fc\u011f\u00fcn\u00fc dile getirdi.<\/p>\n<p>Bu s\u00fcrecin i\u00e7erisinde de valilerin riyasetinde vali yard\u0131mc\u0131lar\u0131 ve kaymakamlar\u0131n \u00f6nemli g\u00f6revler ifa etti\u011fini belirten Erdo\u011fan, belediye ba\u015fkan vekillerine, g\u00f6rev yapt\u0131klar\u0131 yerlerdeki ba\u015far\u0131l\u0131 \u00e7al\u0131\u015fmalar\u0131n\u0131n artarak devam etmesi temennisinde bulundu.<\/p>\n<p>Erdo\u011fan, belediye hizmetlerinin milletin g\u00fcnl\u00fck hayat\u0131n\u0131n 24 saatini, her dakikas\u0131n\u0131 kapsayan ve oralar\u0131 ger\u00e7ekten \u00e7ok \u00e7ok farkl\u0131, dokunakl\u0131 hale getiren bir anlay\u0131\u015f oldu\u011funa dikkati \u00e7ekerek, bu bak\u0131mdan belediye hizmetlerindeki iyi veya k\u00f6t\u00fc en k\u00fc\u00e7\u00fck bir de\u011fi\u015fimin, belde halk\u0131 taraf\u0131ndan an\u0131nda hissedilece\u011fini, g\u00f6r\u00fclece\u011fini ve de\u011ferlendirilece\u011fini ifade etti.<\/p>\n<p>&#8220;\u0130stanbul gibi bir \u015fehrin belediyesini y\u00f6netmi\u015f bir siyaset\u00e7i olarak yapt\u0131\u011f\u0131n\u0131z i\u015flerin zorlu\u011funu, \u00f6nemini ve ayn\u0131 zamanda verdi\u011fi keyfi en iyi bilen ki\u015fiyim.&#8221; diyen Erdo\u011fan, \u00f6zellikle Do\u011fu ve G\u00fcneydo\u011fu Anadolu b\u00f6lgesinde bunun \u00e7ok daha farkl\u0131 bir durum arz etti\u011fini s\u00f6yledi.<\/p>\n<p>Belediye ba\u015fkanl\u0131\u011f\u0131n\u0131n ayn\u0131 zamanda demokrasinin de en kilit g\u00f6revlerinden biri oldu\u011funa vurgu yapan Erdo\u011fan, kendilerinin hep, demokrasinin yerelden ba\u015flad\u0131\u011f\u0131n\u0131 s\u00f6ylediklerini, buna da inand\u0131klar\u0131n\u0131 kaydetti.<\/p>\n<p><strong>&#8220;Ter\u00f6r \u00f6rg\u00fct\u00fc mensuplar\u0131n\u0131n se\u00e7ilmi\u015f belediye ba\u015fkanlar\u0131n\u0131 tokatlad\u0131\u011f\u0131 g\u00fcnler ya\u015fand\u0131&#8221;<\/strong><\/p>\n<p>Kendisini se\u00e7enlere kar\u015f\u0131 sorumluluklar\u0131n\u0131 yerine getirmeyen belediye ba\u015fkanlar\u0131n\u0131n da \u00e7\u0131kabilece\u011fini dile getiren Erdo\u011fan, bunlarla ilgili \u0130\u00e7i\u015fleri Bakanl\u0131\u011f\u0131&#8217;n\u0131n idari bak\u0131mdan, yarg\u0131n\u0131n da adli bak\u0131mdan gereken takipleri yapt\u0131\u011f\u0131n\u0131, h\u00fckm\u00fcn\u00fc de verdi\u011fini ifade etti.<\/p>\n<p>Cumhurba\u015fkan\u0131 Erdo\u011fan, \u015f\u00f6yle devam etti:<\/p>\n<p>&#8220;Yak\u0131n ge\u00e7mi\u015fte \u00fclkemizde b\u00f6l\u00fcc\u00fc \u00f6rg\u00fct\u00fcn g\u00fcd\u00fcm\u00fcndeki bir partiye mensup belediye ba\u015fkanlar\u0131, kendisine oy verenlere topyekun ihanet etmi\u015flerdir. Kendilerine, millete hizmet etmeleri i\u00e7in teslim edilen devletin ara\u00e7lar\u0131n\u0131, gere\u00e7lerini, insan kayna\u011f\u0131n\u0131, mali imkanlar\u0131n\u0131 g\u00f6t\u00fcr\u00fcp ter\u00f6r \u00f6rg\u00fct\u00fcn\u00fcn emrine vermi\u015flerdir. Bu \u00fclkede maalesef ter\u00f6r \u00f6rg\u00fct\u00fc mensuplar\u0131n\u0131n, se\u00e7ilmi\u015f belediye ba\u015fkanlar\u0131n\u0131 belediye binalar\u0131n\u0131n bodrum katlar\u0131nda hesaba \u00e7ekti\u011fi, sorgulad\u0131\u011f\u0131, tokatlad\u0131\u011f\u0131 g\u00fcnler ya\u015fand\u0131. Bunlar\u0131 da biliyoruz. Se\u00e7ilmi\u015f belediye ba\u015fkanlar\u0131, bu duruma kar\u015f\u0131 \u00e7\u0131kmak yerine adeta kurulmu\u015f oyuncaklar gibi kendilerine s\u00f6ylenen her \u015feyi yapm\u0131\u015flar, edilen her hakareti sineye \u00e7ekmi\u015flerdir.&#8221;<\/p>\n<p>T\u00fcrkiye Cumhuriyeti&#8217;nin, demokrasiyle y\u00f6netilen, milli iradeyi her \u015feyin \u00fczerinde g\u00f6ren bir devlet oldu\u011funun alt\u0131n\u0131 \u00e7izen Erdo\u011fan, &#8220;Ama bu durum, milli iradeye teslim edilen yetkilerin, ter\u00f6r \u00f6rg\u00fctlerine pe\u015fke\u015f \u00e7ekilmesine, demokrasinin ter\u00f6re teslim edilmesine g\u00f6z yumaca\u011f\u0131m\u0131z anlam\u0131na da gelmiyor. Tam tersine, demokrasinin vazge\u00e7ilmez bir par\u00e7as\u0131 durumundaki hukuk devletine olan sayg\u0131m\u0131z gere\u011fi, bu \u00e7arp\u0131k tabloya m\u00fcdahale ettik.&#8221; ifadesini kulland\u0131.<\/p>\n<p><strong>&#8220;\u0130\u00e7i\u015fleri Bakanl\u0131\u011f\u0131 ve yarg\u0131 \u00fczerine d\u00fc\u015fenleri yapt\u0131&#8221;<\/strong><\/p>\n<p>Bir yandan \u0130\u00e7i\u015fleri Bakanl\u0131\u011f\u0131n\u0131n, di\u011fer yandan yarg\u0131n\u0131n \u00fczerine d\u00fc\u015fenleri yapt\u0131\u011f\u0131n\u0131 ve yapmaya devam etti\u011fini aktaran Erdo\u011fan, s\u00f6zlerini \u015f\u00f6yle s\u00fcrd\u00fcrd\u00fc:<\/p>\n<p>&#8220;Milleti, temsil g\u00f6revini yerine getirme kabiliyetini kaybetmi\u015f belediye ba\u015fkanlar\u0131n\u0131 g\u00f6revlerinden alarak, yerlerine M\u00fclki \u0130dare Te\u015fkilat\u0131m\u0131zdan vali, kaymakam unvanl\u0131 arkada\u015flar\u0131m\u0131z vekaleten getirildi. Ter\u00f6r \u00f6rg\u00fct\u00fcne teslim edilmi\u015f belediyeler, kayna\u011f\u0131 ba\u015fka yere aktard\u0131klar\u0131 i\u00e7in bor\u00e7 bata\u011f\u0131ndayd\u0131lar. Bu belediyelerin kamu kurumlar\u0131 yan\u0131nda, esnaftan m\u00fcteahhide kadar t\u00fcm bor\u00e7lar\u0131 \u00f6dendi, \u00f6deniyor. Ayn\u0131 \u015fekilde \u015fehirlerimiz, ge\u00e7mi\u015fte g\u00f6rmedikleri hizmetlerle de hamdolsun tan\u0131\u015f\u0131yor.&#8221;<\/p>\n<p>Cumhurba\u015fkan\u0131 Erdo\u011fan, vekaleten belediye ba\u015fkan\u0131 olan valilerin, kaymakamlar\u0131n 40 y\u0131ll\u0131k belediyeci gibi \u00e7ok g\u00fczel hizmetler geli\u015ftirdiklerini, bu belediyeleri, \u00fclkenin di\u011fer b\u00f6lgelerindeki ba\u015far\u0131l\u0131 belediyelerle e\u015fle\u015ftirerek tecr\u00fcbe ve proje payla\u015f\u0131m\u0131 da sa\u011flad\u0131klar\u0131n\u0131 anlatt\u0131.<\/p>\n<p>Bug\u00fcn b\u00f6lgeki vatanda\u015flar\u0131n, belediye ba\u015fkan vekillerinden memnuniyetlerinin y\u00fczlerinden okundu\u011funu belirten Erdo\u011fan, &#8220;D\u00fcn gece Diyarbak\u0131r&#8217;daki iftarda kanaat \u00f6nderleriyle beraberdik. Hepsi hem duada hem te\u015fekk\u00fcrde bulundular. Bunun i\u00e7in ben de her birinize ayr\u0131 ayr\u0131 te\u015fekk\u00fcr ediyorum.&#8221; dedi.<\/p>\n<p><strong>B\u00f6lgede anlay\u0131\u015f de\u011fi\u015fikli\u011fi<\/strong><\/p>\n<p>&#8220;Sizler sadece g\u00f6rev yapt\u0131\u011f\u0131n\u0131z yerlerdeki vatanda\u015flar\u0131m\u0131za hizmet etmekle kalmad\u0131n\u0131z, sizler ayn\u0131 zamanda devletin vitrindeki y\u00fcz\u00fc olarak T\u00fcrkiye Cumhuriyeti&#8217;ni, oralarda ya\u015fayanlar\u0131n nezdinde ibra ettiniz.&#8221; ifadesini kullanan Erdo\u011fan, \u015funlar\u0131 kaydetti:<\/p>\n<p>&#8220;B\u00f6lge halk\u0131, devletin kendilerine sadece askeriyesiyle, polisiyle, sadece k\u0131rsalda verdi\u011fi s\u0131n\u0131rl\u0131 hizmetle de\u011fil, ayn\u0131 zamanda belediye \u00e7at\u0131s\u0131 alt\u0131nda da samimi bir \u015fekilde sahip \u00e7\u0131kt\u0131\u011f\u0131n\u0131 g\u00f6rd\u00fc. Ter\u00f6rle m\u00fccadelede son d\u00f6nemde elde etti\u011fimiz \u00f6nemli halk deste\u011finin gerisindeki sebeplerden biri de i\u015fte bu anlay\u0131\u015f de\u011fi\u015fikli\u011fidir. Bu bak\u0131mdan ger\u00e7ekten tarihi bir misyona sahip oldu\u011funuza inan\u0131yorum. Cumhurba\u015fkan\u0131 s\u0131fat\u0131yla \u015fahs\u0131m ba\u015fta olmak \u00fczere h\u00fck\u00fcmetimizle, \u0130\u00e7i\u015fleri Bakanl\u0131\u011f\u0131m\u0131zla, di\u011fer kurumlar\u0131m\u0131zla daima yan\u0131n\u0131zda olaca\u011f\u0131z. Her birinize g\u00f6rev yerlerinizde ba\u015far\u0131lar diliyorum. Bizleri bir araya getiren \u0130\u00e7i\u015fleri Bakan\u0131m\u0131za ve ekibine te\u015fekk\u00fcr ediyorum.&#8221;<\/p>\n<p>Kaynak: AA<\/p>\n","protected":false},"excerpt":{"rendered":"<p>Cumhurba\u015fkan\u0131 Recep Tayyip Erdo\u011fan, Cumhurba\u015fkanl\u0131\u011f\u0131 K\u00fclliyesi&#8217;nde belediye ba\u015fkan vekilleri ile bir araya geldi.<\/p>\n","protected":false},"author":1000097,"featured_media":3300,"comment_status":"open","ping_status":"closed","sticky":false,"template":"","format":"standard","meta":[],"categories":[58],"tags":[],"_links":{"self":[{"href":"https:\/\/www.vizyon2023.com.tr\/index.php\/wp-json\/wp\/v2\/posts\/3299"}],"collection":[{"href":"https:\/\/www.vizyon2023.com.tr\/index.php\/wp-json\/wp\/v2\/posts"}],"about":[{"href":"https:\/\/www.vizyon2023.com.tr\/index.php\/wp-json\/wp\/v2\/types\/post"}],"author":[{"embeddable":true,"href":"https:\/\/www.vizyon2023.com.tr\/index.php\/wp-json\/wp\/v2\/users\/1000097"}],"replies":[{"embeddable":true,"href":"https:\/\/www.vizyon2023.com.tr\/index.php\/wp-json\/wp\/v2\/comments?post=3299"}],"version-history":[{"count":0,"href":"https:\/\/www.vizyon2023.com.tr\/index.php\/wp-json\/wp\/v2\/posts\/3299\/revisions"}],"wp:featuredmedia":[{"embeddable":true,"href":"https:\/\/www.vizyon2023.com.tr\/index.php\/wp-json\/wp\/v2\/media\/3300"}],"wp:attachment":[{"href":"https:\/\/www.vizyon2023.com.tr\/index.php\/wp-json\/wp\/v2\/media?parent=3299"}],"wp:term":[{"taxonomy":"category","embeddable":true,"href":"https:\/\/www.vizyon2023.com.tr\/index.php\/wp-json\/wp\/v2\/categories?post=3299"},{"taxonomy":"post_tag","embeddable":true,"href":"https:\/\/www.vizyon2023.com.tr\/index.php\/wp-json\/wp\/v2\/tags?post=3299"}],"curies":[{"name":"wp","href":"https:\/\/api.w.org\/{rel}","templated":true}]}}