{"id":3281,"date":"2018-04-19T11:49:37","date_gmt":"2018-04-19T08:49:37","guid":{"rendered":"http:\/\/www.vizyon2023.com.tr\/index.php\/2018\/04\/19\/suriyeli-siginmacilar-ulkelerine-donmeye-basladi\/"},"modified":"2018-04-19T11:49:37","modified_gmt":"2018-04-19T08:49:37","slug":"suriyeli-siginmacilar-ulkelerine-donmeye-basladi","status":"publish","type":"post","link":"https:\/\/www.vizyon2023.com.tr\/index.php\/2018\/04\/19\/suriyeli-siginmacilar-ulkelerine-donmeye-basladi\/","title":{"rendered":"Suriyeli s\u0131\u011f\u0131nmac\u0131lar \u00fclkelerine d\u00f6nmeye ba\u015flad\u0131"},"content":{"rendered":"<p><b><br \/>\n            472 s\u0131\u011f\u0131nmac\u0131 14 otob\u00fcsle \u015eeba&#8217;dan yola \u00e7\u0131kt\u0131.S\u0131\u011f\u0131nmac\u0131lar\u0131 \u00e7o\u011fu \u015eam k\u0131rsal\u0131ndaki evlerine d\u00f6nmeyi planl\u0131yor.BM, g\u00fcvenli\u011fin sa\u011flanmad\u0131\u011f\u0131 gerek\u00e7esiyle d\u00f6n\u00fc\u015f organizasyonuna kat\u0131lmad\u0131\u011f\u0131n\u0131 a\u00e7\u0131klad\u0131.<\/p>\n<p>        <\/b><\/br><\/p>\n<p><img src=\"http:\/\/im.haberturk.com\/2018\/04\/19\/ver1524121793\/1926252_620x410.jpg\"><\/p>\n<p>\u00dclkelerindeki \u00e7at\u0131\u015fmalar nedeniyle L\u00fcbnan\u2019a ka\u00e7an 472 Suriyeli s\u0131\u011f\u0131nmac\u0131, 14 otob\u00fcsle \u00fclkelerine d\u00f6nmek \u00fczere yola \u00e7\u0131kt\u0131.<br \/>Suriye&#8217;deki \u00e7at\u0131\u015fmalardan ka\u00e7arak L\u00fcbnan&#8217;a gelen Suriyeli s\u0131\u011f\u0131nmac\u0131lar, g\u00f6n\u00fcll\u00fc olarak \u00fclkelerine d\u00f6nmeye ba\u015flad\u0131. \u00dclkenin g\u00fcneyindeki \u015eeba Beldesi&#8217;nde 472 Suriyeli s\u0131\u011f\u0131nmac\u0131, 14 otob\u00fcsle Suriye&#8217;deki evlerine d\u00f6nmek \u00fczere yola \u00e7\u0131kt\u0131. L\u00fcbnan emniyetinin g\u00f6zetimindeki otob\u00fcsler, s\u0131\u011f\u0131nmac\u0131lar\u0131 \u015eam k\u0131rsal\u0131nda bulunan evlerine \u00f6zellikle Beyt Cin Beldesi&#8217;ne g\u00f6t\u00fcrmek \u00fczere hareket etti.<br \/>\u00d6te yandan, BM M\u00fclteciler Y\u00fcksek Komiserli\u011fi&#8217;nden yap\u0131lan a\u00e7\u0131klamada, kurumun \u015eeba&#8217;daki s\u0131\u011f\u0131nmac\u0131lar\u0131n \u00fclkelerine d\u00f6nmeleri hakk\u0131nda bilgileri oldu\u011fu ancak Suriye&#8217;deki insani ve g\u00fcvenlik durumundan \u00f6t\u00fcr\u00fc \u015fu an i\u00e7in d\u00f6n\u00fc\u015f organizasyonuna kat\u0131lmad\u0131\u011f\u0131 belirtildi.<br \/>L\u00fcbnan Cumhurba\u015fkan\u0131 Mi\u015fel Avn yapt\u0131\u011f\u0131 a\u00e7\u0131klamada, \u00fclkesinde bulunan s\u0131\u011f\u0131nmac\u0131lar\u0131n Suriye&#8217;deki g\u00fcvenli b\u00f6lgelere d\u00f6nmesinin L\u00fcbnan&#8217;da toplumsal istikrar\u0131n yeniden tesisine b\u00fcy\u00fck katk\u0131 sa\u011flayaca\u011f\u0131n\u0131 belirtti.<\/p>\n","protected":false},"excerpt":{"rendered":"<p>472 s\u0131\u011f\u0131nmac\u0131 14 otob\u00fcsle \u015eeba&#8217;dan yola \u00e7\u0131kt\u0131.S\u0131\u011f\u0131nmac\u0131lar\u0131 \u00e7o\u011fu \u015eam k\u0131rsal\u0131ndaki evlerine d\u00f6nmeyi planl\u0131yor.BM, g\u00fcvenli\u011fin sa\u011flanmad\u0131\u011f\u0131 gerek\u00e7esiyle d\u00f6n\u00fc\u015f organizasyonuna kat\u0131lmad\u0131\u011f\u0131n\u0131 a\u00e7\u0131klad\u0131. \u00dclkelerindeki \u00e7at\u0131\u015fmalar nedeniyle L\u00fcbnan\u2019a ka\u00e7an 472 Suriyeli s\u0131\u011f\u0131nmac\u0131, 14 otob\u00fcsle \u00fclkelerine d\u00f6nmek \u00fczere yola \u00e7\u0131kt\u0131.Suriye&#8217;deki \u00e7at\u0131\u015fmalardan ka\u00e7arak L\u00fcbnan&#8217;a gelen Suriyeli s\u0131\u011f\u0131nmac\u0131lar, g\u00f6n\u00fcll\u00fc olarak \u00fclkelerine d\u00f6nmeye ba\u015flad\u0131. \u00dclkenin g\u00fcneyindeki \u015eeba Beldesi&#8217;nde 472 Suriyeli s\u0131\u011f\u0131nmac\u0131, 14 otob\u00fcsle [&hellip;]<\/p>\n","protected":false},"author":1000097,"featured_media":3282,"comment_status":"open","ping_status":"closed","sticky":false,"template":"","format":"standard","meta":[],"categories":[61],"tags":[146,149,152,151,148,153,150,147,154,111,131,144],"_links":{"self":[{"href":"https:\/\/www.vizyon2023.com.tr\/index.php\/wp-json\/wp\/v2\/posts\/3281"}],"collection":[{"href":"https:\/\/www.vizyon2023.com.tr\/index.php\/wp-json\/wp\/v2\/posts"}],"about":[{"href":"https:\/\/www.vizyon2023.com.tr\/index.php\/wp-json\/wp\/v2\/types\/post"}],"author":[{"embeddable":true,"href":"https:\/\/www.vizyon2023.com.tr\/index.php\/wp-json\/wp\/v2\/users\/1000097"}],"replies":[{"embeddable":true,"href":"https:\/\/www.vizyon2023.com.tr\/index.php\/wp-json\/wp\/v2\/comments?post=3281"}],"version-history":[{"count":0,"href":"https:\/\/www.vizyon2023.com.tr\/index.php\/wp-json\/wp\/v2\/posts\/3281\/revisions"}],"wp:featuredmedia":[{"embeddable":true,"href":"https:\/\/www.vizyon2023.com.tr\/index.php\/wp-json\/wp\/v2\/media\/3282"}],"wp:attachment":[{"href":"https:\/\/www.vizyon2023.com.tr\/index.php\/wp-json\/wp\/v2\/media?parent=3281"}],"wp:term":[{"taxonomy":"category","embeddable":true,"href":"https:\/\/www.vizyon2023.com.tr\/index.php\/wp-json\/wp\/v2\/categories?post=3281"},{"taxonomy":"post_tag","embeddable":true,"href":"https:\/\/www.vizyon2023.com.tr\/index.php\/wp-json\/wp\/v2\/tags?post=3281"}],"curies":[{"name":"wp","href":"https:\/\/api.w.org\/{rel}","templated":true}]}}