{"id":3267,"date":"2018-04-19T11:48:12","date_gmt":"2018-04-19T08:48:12","guid":{"rendered":"http:\/\/www.vizyon2023.com.tr\/index.php\/2018\/04\/19\/son-dakika-polatli-topcular-fuze-okulu-davasinda-karar\/"},"modified":"2018-04-19T11:48:12","modified_gmt":"2018-04-19T08:48:12","slug":"son-dakika-polatli-topcular-fuze-okulu-davasinda-karar","status":"publish","type":"post","link":"https:\/\/www.vizyon2023.com.tr\/index.php\/2018\/04\/19\/son-dakika-polatli-topcular-fuze-okulu-davasinda-karar\/","title":{"rendered":"SON DAK\u0130KA! Polatl\u0131 Top\u00e7ular F\u00fcze Okulu davas\u0131nda karar!"},"content":{"rendered":"<p><b><br \/>\n            15 Temmuz darbe giri\u015fimi s\u0131ras\u0131nda Polatl\u0131 Top\u00e7ular F\u00fcze Okulu&#8217;nda ya\u015fananlarla ilgili 27 san\u0131k a\u011f\u0131rla\u015ft\u0131r\u0131lm\u0131\u015f m\u00fcebbet, 20 san\u0131k ise m\u00fcebbet cezas\u0131na \u00e7arpt\u0131r\u0131ld\u0131 <\/p>\n<p>        <\/b><\/br><\/p>\n<p><img src=\"http:\/\/im.haberturk.com\/2018\/04\/19\/ver1524127203\/1926477_620x410.jpg\"><\/p>\n<p>15 Temmuz darbe giri\u015fimi s\u0131ras\u0131nda Ankara\u2019n\u0131n Polatl\u0131 il\u00e7esindeki 58. Top\u00e7u Tugay\u0131 ile Top\u00e7u ve F\u00fcze Okul Komutanl\u0131\u011f\u0131nda g\u00f6revli 328 san\u0131k hakk\u0131nda a\u00e7\u0131lan davada karar a\u00e7\u0131kland\u0131. Mahkeme 27 san\u0131\u011fa a\u011f\u0131rla\u015ft\u0131r\u0131lm\u0131\u015f m\u00fcebbet, 20 san\u0131\u011fa m\u00fcebbet, 217 san\u0131\u011fa ise 20 y\u0131l ile 12 y\u0131l 6 ay aras\u0131nda de\u011fi\u015fen hapis cezas\u0131 verdi. Heyet, 64 san\u0131\u011f\u0131n beraatine h\u00fckmetti.<\/p>\n<p>Darbe gecesi f\u00fcze rampalar\u0131n\u0131n Polatl\u0131&#8217;dan  Ankara sevk edilmesi talimat\u0131n\u0131 veren d\u00f6nemin 58&#8217;inci Top\u00e7u Tugay Komutan\u0131 eski Tu\u011funeral Murat Ayg\u00fcn a\u011f\u0131rla\u015ft\u0131r\u0131lm\u0131\u015f m\u00fcebbet hapis cezas\u0131na \u00e7arpt\u0131r\u0131ld\u0131.<\/p>\n","protected":false},"excerpt":{"rendered":"<p>15 Temmuz darbe giri\u015fimi s\u0131ras\u0131nda Polatl\u0131 Top\u00e7ular F\u00fcze Okulu&#8217;nda ya\u015fananlarla ilgili 27 san\u0131k a\u011f\u0131rla\u015ft\u0131r\u0131lm\u0131\u015f m\u00fcebbet, 20 san\u0131k ise m\u00fcebbet cezas\u0131na \u00e7arpt\u0131r\u0131ld\u0131 15 Temmuz darbe giri\u015fimi s\u0131ras\u0131nda Ankara\u2019n\u0131n Polatl\u0131 il\u00e7esindeki 58. Top\u00e7u Tugay\u0131 ile Top\u00e7u ve F\u00fcze Okul Komutanl\u0131\u011f\u0131nda g\u00f6revli 328 san\u0131k hakk\u0131nda a\u00e7\u0131lan davada karar a\u00e7\u0131kland\u0131. Mahkeme 27 san\u0131\u011fa a\u011f\u0131rla\u015ft\u0131r\u0131lm\u0131\u015f m\u00fcebbet, 20 san\u0131\u011fa m\u00fcebbet, 217 [&hellip;]<\/p>\n","protected":false},"author":1000097,"featured_media":3268,"comment_status":"open","ping_status":"closed","sticky":false,"template":"","format":"standard","meta":[],"categories":[85],"tags":[103,108,110,107,109,106,104,105,111,112],"_links":{"self":[{"href":"https:\/\/www.vizyon2023.com.tr\/index.php\/wp-json\/wp\/v2\/posts\/3267"}],"collection":[{"href":"https:\/\/www.vizyon2023.com.tr\/index.php\/wp-json\/wp\/v2\/posts"}],"about":[{"href":"https:\/\/www.vizyon2023.com.tr\/index.php\/wp-json\/wp\/v2\/types\/post"}],"author":[{"embeddable":true,"href":"https:\/\/www.vizyon2023.com.tr\/index.php\/wp-json\/wp\/v2\/users\/1000097"}],"replies":[{"embeddable":true,"href":"https:\/\/www.vizyon2023.com.tr\/index.php\/wp-json\/wp\/v2\/comments?post=3267"}],"version-history":[{"count":0,"href":"https:\/\/www.vizyon2023.com.tr\/index.php\/wp-json\/wp\/v2\/posts\/3267\/revisions"}],"wp:featuredmedia":[{"embeddable":true,"href":"https:\/\/www.vizyon2023.com.tr\/index.php\/wp-json\/wp\/v2\/media\/3268"}],"wp:attachment":[{"href":"https:\/\/www.vizyon2023.com.tr\/index.php\/wp-json\/wp\/v2\/media?parent=3267"}],"wp:term":[{"taxonomy":"category","embeddable":true,"href":"https:\/\/www.vizyon2023.com.tr\/index.php\/wp-json\/wp\/v2\/categories?post=3267"},{"taxonomy":"post_tag","embeddable":true,"href":"https:\/\/www.vizyon2023.com.tr\/index.php\/wp-json\/wp\/v2\/tags?post=3267"}],"curies":[{"name":"wp","href":"https:\/\/api.w.org\/{rel}","templated":true}]}}