{"id":3265,"date":"2018-04-19T11:47:47","date_gmt":"2018-04-19T08:47:47","guid":{"rendered":"http:\/\/www.vizyon2023.com.tr\/index.php\/2018\/04\/19\/chpnin-cumhurbaskani-adayi-icin-ilk-kez-isim-verdi\/"},"modified":"2018-04-19T11:47:47","modified_gmt":"2018-04-19T08:47:47","slug":"chpnin-cumhurbaskani-adayi-icin-ilk-kez-isim-verdi","status":"publish","type":"post","link":"https:\/\/www.vizyon2023.com.tr\/index.php\/2018\/04\/19\/chpnin-cumhurbaskani-adayi-icin-ilk-kez-isim-verdi\/","title":{"rendered":"CHP&rsquo;nin Cumhurba\u015fkan\u0131 aday\u0131 i\u00e7in ilk kez isim verdi"},"content":{"rendered":"<p><b>CHP S\u00f6zc\u00fcs\u00fc B\u00fclent Tezcan, Cumhurba\u015fkanl\u0131\u011f\u0131 i\u00e7in partisinden kimin aday \u00e7\u0131kaca\u011f\u0131 sorusuna &#8220;Bana g\u00f6re CHP i\u00e7inde en b\u00fcy\u00fck aday Kemal K\u0131l\u0131\u00e7daro\u011flu&#8217;dur&#8221; yan\u0131t\u0131n\u0131 verdi.<\/b> <img src=\"http:\/\/i.hurimg.com\/i\/hurriyet\/75\/350x197\/5ad8558b18c77326ac51f4e9.jpg\">  <\/p>\n<p>CHP Genel Ba\u015fkan Yard\u0131mc\u0131s\u0131 ve Parti S\u00f6zc\u00fcs\u00fc B\u00fclent Tezcan, erken se\u00e7imle ilgili NTV&#8217;nin sorular\u0131n\u0131 yan\u0131tlad\u0131. Tezcan&#8217;\u0131n a\u00e7\u0131klamalar\u0131 \u00f6zetle \u015f\u00f6yle: <br \/>&#8220;Y\u00f6netemediklerinden erken se\u00e7im karar\u0131 al\u0131nd\u0131. AK Parti tek adam pe\u015finde. 15 Temmuz sonras\u0131 20 Temmuz darbesini yapt\u0131lar. O g\u00fcnden sonra ad\u0131m ad\u0131m tek ad\u0131m rejimine gidildi. Bunun son a\u015famas\u0131 16 Nisan m\u00fch\u00fcrs\u00fcz referandumuydu. OHAL KHK&#8217;lar\u0131yla fiilen tek adam rejimini uygulamaya ba\u015flad\u0131lar. Bu \u00e7er\u00e7evede y\u00f6netemiyorlar. Ekonomik s\u0131k\u0131nt\u0131lar y\u00fckseldi, d\u00f6vizin ate\u015fi d\u00fc\u015fm\u00fcyor. Enflasyon ve i\u015fsizlik \u00e7ift haneli rakamlara geldi.<\/p>\n<p>Bu nedenle hep bir aray\u0131\u015f i\u00e7indeler. Her ge\u00e7en g\u00fcn daha k\u00f6t\u00fcye gidecek i\u015f. 2019&#8217;a kadar problemleri \u00e7\u00f6zebileceklerine inansalar zaman\u0131nda se\u00e7im yap\u0131yoruz diyeceklerdi. T\u00fcrkiye i\u00e7eride ve d\u0131\u015far\u0131da ciddi krizlerin ya\u015fand\u0131\u011f\u0131 bir duruma geldi. Bask\u0131n se\u00e7im bu ama \u015fikayet anlam\u0131nda s\u00f6ylemiyoruz. Say\u0131n Devlet Bah\u00e7eli tek adam rejiminin s\u00f6zc\u00fcl\u00fc\u011f\u00fcne soyunmu\u015ftur. 26 A\u011fustos telafuz edildi\u011fi an &#8216;hodri meydan&#8217; dedik. T\u00fcrkiye bu problemden \u00e7\u0131kmak zorunda dedik.<br \/>24 Haziran dediler, Meclis karar verir deme tenezz\u00fcl\u00fcnde de bulunmad\u0131. Meclis&#8217;in \u00fczerinde oldu\u011funu ima eder bir dil kulland\u0131. 24 Haziran&#8217;a meseleyi se\u00e7erek g\u00fcya muhalefeti haz\u0131rl\u0131ks\u0131z yakalayarak i\u015fi kotarma d\u00fc\u015f\u00fcncesine girdiler. Biz bu tabloda bask\u0131n se\u00e7im yapmak da isteseler bask\u0131n se\u00e7im onlar\u0131 basacak.<\/p>\n<p><strong>OHAL&#8217;\u0130 KALDIRALIM<\/strong><\/p>\n<p>Adayl\u0131k konusunda tarih bizi s\u0131k\u0131\u015ft\u0131rmad\u0131. Biz hodri meydan dedik. Biz se\u00e7ime haz\u0131r\u0131z. Ama kavgan\u0131n bile mert\u00e7e olan\u0131 makbuld\u00fcr. Erken se\u00e7im, bask\u0131n se\u00e7im yapacaks\u0131n OHAL \u015fartlar\u0131 alt\u0131nda se\u00e7ime sokamazs\u0131n\u0131z. Se\u00e7im olmas\u0131n demiyorum ama bu se\u00e7imi zedelemeyin. Bu se\u00e7ime g\u00f6lge d\u00fc\u015f\u00fcr\u00fcr\u00fcz. Bug\u00fcnden itibaren OHAL&#8217;i kald\u0131ral\u0131m.<\/p>\n<p><strong>&#8216;ADAY KONUSUNDA SIKI\u015eMADIK&#8217;<\/strong><\/p>\n<p>Biz adayl\u0131k konusunda avantajl\u0131 konumday\u0131z. Tek adam koalisyonunun bir adam\u0131 var ba\u015fka se\u00e7ene\u011fi yok. Birinci turda da ikinci turda da aday Erdo\u011fan olacak. Biz \u00f6yle de\u011filiz. Millet her g\u00fcn 5 sefer TV&#8217;lerde konu\u015fup hakaret eden cumhurba\u015fkan\u0131 istemiyor. Sand\u0131k geldi, bir huzura kavu\u015fal\u0131m. Bizim se\u00e7eneklerimiz \u00e7ok geni\u015f, aday konusunda s\u0131k\u0131\u015fmad\u0131k. Farkl\u0131 kesimlerin de g\u00f6nl\u00fcn\u00fc ho\u015f tutacak bir cumhurba\u015fkan\u0131 se\u00e7mek istiyoruz. Birinci turda kim kazan\u0131rsa eyvallah. \u0130kinci tura kal\u0131rsa demokrasi etraf\u0131nda uzla\u015fanlar bir araya gelirler. Birinci turda da tek aday etraf\u0131nda toplan\u0131labilir.&#8221;<\/p>\n","protected":false},"excerpt":{"rendered":"<p>CHP S\u00f6zc\u00fcs\u00fc B\u00fclent Tezcan, Cumhurba\u015fkanl\u0131\u011f\u0131 i\u00e7in partisinden kimin aday \u00e7\u0131kaca\u011f\u0131 sorusuna &#8220;Bana g\u00f6re CHP i\u00e7inde en b\u00fcy\u00fck aday Kemal K\u0131l\u0131\u00e7daro\u011flu&#8217;dur&#8221; yan\u0131t\u0131n\u0131 verdi. CHP Genel Ba\u015fkan Yard\u0131mc\u0131s\u0131 ve Parti S\u00f6zc\u00fcs\u00fc B\u00fclent Tezcan, erken se\u00e7imle ilgili NTV&#8217;nin sorular\u0131n\u0131 yan\u0131tlad\u0131. Tezcan&#8217;\u0131n a\u00e7\u0131klamalar\u0131 \u00f6zetle \u015f\u00f6yle: &#8220;Y\u00f6netemediklerinden erken se\u00e7im karar\u0131 al\u0131nd\u0131. AK Parti tek adam pe\u015finde. 15 Temmuz sonras\u0131 20 [&hellip;]<\/p>\n","protected":false},"author":1000097,"featured_media":3266,"comment_status":"open","ping_status":"closed","sticky":false,"template":"","format":"standard","meta":[],"categories":[85],"tags":[101,102,98],"_links":{"self":[{"href":"https:\/\/www.vizyon2023.com.tr\/index.php\/wp-json\/wp\/v2\/posts\/3265"}],"collection":[{"href":"https:\/\/www.vizyon2023.com.tr\/index.php\/wp-json\/wp\/v2\/posts"}],"about":[{"href":"https:\/\/www.vizyon2023.com.tr\/index.php\/wp-json\/wp\/v2\/types\/post"}],"author":[{"embeddable":true,"href":"https:\/\/www.vizyon2023.com.tr\/index.php\/wp-json\/wp\/v2\/users\/1000097"}],"replies":[{"embeddable":true,"href":"https:\/\/www.vizyon2023.com.tr\/index.php\/wp-json\/wp\/v2\/comments?post=3265"}],"version-history":[{"count":0,"href":"https:\/\/www.vizyon2023.com.tr\/index.php\/wp-json\/wp\/v2\/posts\/3265\/revisions"}],"wp:featuredmedia":[{"embeddable":true,"href":"https:\/\/www.vizyon2023.com.tr\/index.php\/wp-json\/wp\/v2\/media\/3266"}],"wp:attachment":[{"href":"https:\/\/www.vizyon2023.com.tr\/index.php\/wp-json\/wp\/v2\/media?parent=3265"}],"wp:term":[{"taxonomy":"category","embeddable":true,"href":"https:\/\/www.vizyon2023.com.tr\/index.php\/wp-json\/wp\/v2\/categories?post=3265"},{"taxonomy":"post_tag","embeddable":true,"href":"https:\/\/www.vizyon2023.com.tr\/index.php\/wp-json\/wp\/v2\/tags?post=3265"}],"curies":[{"name":"wp","href":"https:\/\/api.w.org\/{rel}","templated":true}]}}