{"id":3239,"date":"2018-04-12T10:14:09","date_gmt":"2018-04-12T07:14:09","guid":{"rendered":"http:\/\/www.vizyon2023.com.tr\/index.php\/2018\/04\/12\/cumhurbaskani-erdogan-ekonomimize-saldiranlara-sesleniyorum-basaramayacaksiniz\/"},"modified":"2018-04-12T10:14:09","modified_gmt":"2018-04-12T07:14:09","slug":"cumhurbaskani-erdogan-ekonomimize-saldiranlara-sesleniyorum-basaramayacaksiniz","status":"publish","type":"post","link":"https:\/\/www.vizyon2023.com.tr\/index.php\/2018\/04\/12\/cumhurbaskani-erdogan-ekonomimize-saldiranlara-sesleniyorum-basaramayacaksiniz\/","title":{"rendered":"Cumhurba\u015fkan\u0131 Erdo\u011fan: Ekonomimize sald\u0131ranlara sesleniyorum; ba\u015faramayacaks\u0131n\u0131z"},"content":{"rendered":"<p>Cumhurba\u015fkan\u0131 Erdo\u011fan, Be\u015ftepe Millet K\u00fclt\u00fcr ve Kongre Merkezi&#8217;nde &#8220;Binbir Renk Tek Millet&#8221; ismiyle d\u00fczenlenen &#8220;B\u00fcy\u00fck Roman Bulu\u015fmas\u0131&#8221;nda k\u00fcrs\u00fcye Esat Kabakl\u0131&#8217;n\u0131n seslendirdi\u011fi &#8220;Vatan\u0131na g\u00f6z dikeni ez o\u011flum&#8221; isimli t\u00fcrk\u00fc e\u015fli\u011finde \u00e7\u0131kt\u0131, bu s\u0131rada salondaki Roman vatanda\u015flar da ellerinde T\u00fcrk bayraklar\u0131yla t\u00fcrk\u00fcye e\u015flik etti.<\/p>\n<p>Burdur&#8217;da d\u00fcn trafik kazas\u0131 ge\u00e7iren Kabakl\u0131&#8217;n\u0131n bug\u00fcn ameliyat oldu\u011funu ve kendisiyle g\u00f6r\u00fc\u015ft\u00fc\u011f\u00fcn\u00fc belirten Erdo\u011fan, kendisine acil \u015fifalar diledi.<\/p>\n<p>Salonda bulunanlar\u0131 Romanca selamlayan Cumhurba\u015fkan\u0131 Erdo\u011fan, Kas\u0131mpa\u015fa&#8217;daki Roman arkada\u015flar\u0131n\u0131n ortak an\u0131lar\u0131n\u0131 anlatt\u0131\u011f\u0131 videonun kendisini duyguland\u0131rd\u0131\u011f\u0131n\u0131, do\u011fdu\u011fu, b\u00fcy\u00fcd\u00fc\u011f\u00fc mahalleye, Kotra&#8217;ya g\u00f6t\u00fcrd\u00fc\u011f\u00fcn\u00fc dile getirdi. Erdo\u011fan, &#8220;Orada s\u0131n\u0131f arkada\u015flar\u0131m vard\u0131, beraber top oynad\u0131\u011f\u0131m\u0131z arkada\u015flar\u0131m vard\u0131. O mahallede o karde\u015flerimizin ne kadar \u00e7al\u0131\u015fkan oldu\u011funu g\u00f6r\u00fcrd\u00fcm. \u015eu anda o tabloyla art\u0131k yeniden 10-11-12 ya\u015f\u0131ma d\u00f6nd\u00fcm. Ama oradan sadece doktor, \u00f6\u011fretmen \u00e7\u0131km\u0131yor ayn\u0131 zamanda cumhurba\u015fkan\u0131 da \u00e7\u0131k\u0131yor.&#8221; diye konu\u015ftu.<\/p>\n<p>Cumhurba\u015fkan\u0131 Recep Tayyip Erdo\u011fan&#8217;\u0131n a\u00e7\u0131klamalar\u0131ndan \u00f6ne \u00e7\u0131kan ba\u015fl\u0131klar:<\/p>\n<p><strong>&#8220;Bunlar\u0131n medeniyetten nasibi yoktur&#8221;<\/strong><\/p>\n<p>Bakmay\u0131n siz Almanlar\u0131n o Nazi uygulamas\u0131yla Romanlara yapt\u0131klar\u0131na, bakmay\u0131n daha \u015furada 3-5 sene \u00f6nce Frans\u0131zlar\u0131n Romanlar\u0131 Fransa\u2019dan adeta yurtd\u0131\u015f\u0131 ettiklerine. Bunlar medeniyiz diye konu\u015furlar, ge\u00e7inirler ama bunlar\u0131n medeniyetten nasibi yoktur.<\/p>\n<p><strong>&#8220;Birileri bu i\u015fin taklidini yapar, biz ise asl\u0131n\u0131 yapar\u0131z&#8221;<\/strong><\/p>\n<p>Sevgili Roman karde\u015flerim, sizleri en kalbi duygular\u0131mla, hasretle, muhabbetle selaml\u0131yorum. Bug\u00fcn burada Cumhurba\u015fkanl\u0131\u011f\u0131 K\u00fclliyesi\u2019nde siz de\u011ferli Roman karde\u015flerimizle bir araya gelmekten b\u00fcy\u00fck memnuniyet duyuyorum.<\/p>\n<p>Birileri bu i\u015fin taklidini yapar, biz ise asl\u0131n\u0131 yapar\u0131z. Biz ya\u015far\u0131z, birileri siyasi yat\u0131r\u0131m yapar. Sizler arac\u0131l\u0131\u011f\u0131yla T\u00fcrkiye\u2019deki, d\u00fcnyadaki t\u00fcm Roman karde\u015flerimize \u00f6zellikler sevgilerimi, selamlar\u0131m\u0131 yolluyorum.<\/p>\n<p><strong>&#8220;Biz hepimiz de birbirimizi Allah i\u00e7in seviyorduk&#8221;<\/strong><\/p>\n<p>Bizim Roman karde\u015flerimizle muhabbetimiz, ifade etti\u011fim gibi \u00e7ok eskilere, \u00e7ocukluk y\u0131llar\u0131m\u0131za dayan\u0131r. Kas\u0131mpa\u015fa\u2019da Roman karde\u015flerimizle yan yana evlerde b\u00fcy\u00fcd\u00fck, sokakta beraber oyun oynad\u0131k, ka\u011f\u0131ttan toplar yapt\u0131k, sokak aralar\u0131nda yuvarlad\u0131k, yuvarland\u0131k, ayn\u0131 okula gittik, ayn\u0131 camide omuz omuza ibadet ettik. Hayat\u0131m\u0131z\u0131n her an\u0131n\u0131 bir arada ya\u015fad\u0131k. Bizim i\u00e7in T\u00fcrk, Roman, K\u00fcrt, Laz, Bo\u015fnak, G\u00fcrc\u00fc yoktu. Biz hepimiz de birbirimizi Allah i\u00e7in seviyorduk, Allah\u2019\u0131n bir kulu olarak y\u00fcr\u00fcyorduk.<\/p>\n<p>Ne diyor o g\u00fczel Roman \u015fark\u0131s\u0131nda; ille de Roman olsun, ister ta\u015ftan, \u00e7amurdan olsun. O da Allah kuludur her kim olursa olsun. Evet, hepimiz de Allah\u2019\u0131n kulu oldu\u011fumuz i\u00e7in birbirimize de \u00f6yle bak\u0131yor, \u00f6yle davran\u0131yoruz.<\/p>\n<p><strong>&#8220;\u0130nsanyanl\u0131\u015f yollara sapma e\u011filiminde bulunan bir varl\u0131kt\u0131r&#8221;<\/strong><\/p>\n<p>\u00dclkemizde ayr\u0131mc\u0131l\u0131k hi\u00e7 olmad\u0131 m\u0131? \u015eimdi de olmuyor mu? Elbette vard\u0131, az da olsa bug\u00fcn de oluyor. Sadece Romanlara de\u011fil, toplumun her kesimine y\u00f6nelik bu tarz olumsuz d\u00fc\u015f\u00fcnceler, tav\u0131rlar, davran\u0131\u015flar g\u00f6r\u00fcl\u00fcyor. \u0130nsan e\u015fref-i mahlukat olmas\u0131n\u0131n yan\u0131nda bireysel ve toplumsal d\u00fczeyde yanl\u0131\u015f yollara sapma e\u011filiminde bulunan bir varl\u0131kt\u0131r. \u0130\u015fte az \u00f6nce kemaniyi dinledik de\u011fil mi? Bir Roman, ama nas\u0131l bir kemani. Konu\u015fturuyor, a\u011flat\u0131yor\u2026 Bak\u0131n bu d\u00fcnyada \u015fu anda \u00fcn\u00fc olan bir karde\u015fimiz. Mesele onun ruhundan ne \u00e7\u0131k\u0131yor. Mesele, o ruh d\u0131\u015far\u0131ya nas\u0131l yans\u0131yor ve ona de\u011fer vermek i\u015fte eser m\u00fcessiriyle de\u011ferlidir diyor \u015fair. Burada da nereye bakacaks\u0131n o eserin sahibine.<\/p>\n<p><strong>&#8220;\u00dcst\u00fcnl\u00fck sadece takvadad\u0131r, Allah\u2019tan korkmadad\u0131r&#8221;<\/strong><\/p>\n<p>Karde\u015flerim, Peygamber Efendimiz, veda hutbesinde bak\u0131n ne buyuruyor; insanlar rabbiniz birdir, baban\u0131z da birdir. Hepiniz Adem\u2019in \u00e7ocuklar\u0131s\u0131n\u0131z. Adem ise topraktand\u0131r. Arap\u2019\u0131n Arap olmayana, Arap olmayan\u0131n da Arap\u2019a \u00fcst\u00fcnl\u00fc\u011f\u00fc olmad\u0131\u011f\u0131 gibi, k\u0131rm\u0131z\u0131 tenlinin siyah \u00fczerine, siyah olan\u0131n da k\u0131rm\u0131z\u0131 olana bir \u00fcst\u00fcnl\u00fc\u011f\u00fc yoktur. \u00dcst\u00fcnl\u00fck ancak takva iledir. Allah nezdinde en k\u0131ymetli olan\u0131n\u0131z ondan en \u00e7ok korkan\u0131n\u0131zd\u0131r. G\u00f6r\u00fcld\u00fc\u011f\u00fc gibi Peygamber Efendimiz, bize insanlara nas\u0131l bakmam\u0131z gerekti\u011finin \u00f6l\u00e7\u00fcs\u00fcn\u00fc gayet a\u00e7\u0131k \u015fekilde g\u00f6steriyor.<\/p>\n<p>Irk\u0131ndan, teninden veya bir ba\u015fka be\u015feri hususiyetinden dolay\u0131 kimsenin kimseye \u00fcst\u00fcnl\u00fc\u011f\u00fc yoktur. \u00dcst\u00fcnl\u00fck sadece takvadad\u0131r. Allah\u2019tan korkmadad\u0131r.<\/p>\n<p><strong>&#8220;Demek ki oradan Cumhurba\u015fkan\u0131 da \u00e7\u0131kabiliyormu\u015f&#8221;<\/strong><\/p>\n<p>Hayat\u0131m\u0131z boyunca hep \u2018yarat\u0131lan\u0131 severiz yaratandan \u00f6t\u00fcr\u00fc\u2019 anlay\u0131\u015f\u0131yla hareket ettik. \u0130stanbul B\u00fcy\u00fck\u015fehir Belediye Ba\u015fkanl\u0131\u011f\u0131\u2019ndan Ba\u015fbakanl\u0131\u011f\u0131mdan Cumhurba\u015fkanl\u0131\u011f\u0131\u2019na hangi g\u00f6reve geldiysek Roamn karde\u015flerimle i\u00e7 i\u00e7e oldum, irtibat\u0131 hi\u00e7 kesmedim. \u0130\u015fte ayn\u0131 mahallede do\u011fduk, ayn\u0131 mahallede b\u00fcy\u00fcd\u00fck. Demek ki oradan Cumhurba\u015fkan\u0131 da \u00e7\u0131kabiliyormu\u015f, Ba\u015fbakan \u00e7\u0131kabiliyormu\u015f\u2026 Gerek bu tarz toplant\u0131lar vesilesiyle gerek illere yap\u0131t\u0131m\u0131z ziyaretlerle gerekse de Kas\u0131mpa\u015fa\u2019ya yapt\u0131\u011f\u0131m ziyaretlerde Roman karde\u015flerimle kucakla\u015ft\u0131m, halle\u015ftim, helalle\u015ftim. \u0130n\u015fallah bundan sonra da \u00f6mr\u00fcm\u00fcz\u00fcn sonuna kadar devam edece\u011fiz.<\/p>\n<p><strong>&#8220;\u0130skan Kanunu\u2019nu de\u011fi\u015ftirdik ve ayr\u0131mc\u0131 ifadeleri ortadan kald\u0131rd\u0131k&#8221;<\/strong><\/p>\n<p>Biz Roman karde\u015flerimize Fransa gibi Frans\u0131z kalmayaca\u011f\u0131z. Tabii Roman karde\u015flerimize olan sevgimizi, muhabbetimizi sadece s\u00f6zde b\u0131rakmad\u0131k \u00dclkemizin \u00e7ok \u00f6nemli bir rengi olarak g\u00f6rd\u00fc\u011f\u00fcm Roman karde\u015flerimize y\u00f6nelik olarak mevzuata yans\u0131m\u0131\u015f olan uygulamalar\u0131 kald\u0131rd\u0131k. Az \u00f6nce de ifade edildi. 2006\u2019da \u0130skan Kanunu\u2019nu de\u011fi\u015ftirdik ve ayr\u0131mc\u0131 ifadeleri ortadan kald\u0131rd\u0131k. Yine ayn\u0131 y\u0131l polis talimatnamesindeki ayr\u0131mc\u0131 ifadelerin kald\u0131r\u0131lmas\u0131n\u0131 sa\u011flad\u0131k.<\/p>\n<p>2009 y\u0131l\u0131 sonunda ise Ba\u015fbakan Yard\u0131mc\u0131\u2019m\u0131z\u0131n ba\u015fkanl\u0131\u011f\u0131nda T\u00fcrkiye\u2019nin 36 ilinde faaliyet g\u00f6steren federasyonlar\u0131n ve derneklerin kat\u0131l\u0131m\u0131yla bir Roman \u00c7al\u0131\u015ftay\u0131 toplad\u0131k. B\u00f6ylece Cumhuriyet tarihinde Roman vatanda\u015flar\u0131m\u0131z meselelerini devletin en \u00fcst d\u00fczeyinde konu\u015fma, tart\u0131\u015fma imkan\u0131 buldular.<\/p>\n<p><strong>&#8220;31 merkezde toplam 4608 sosyal konut in\u015fa ettik&#8221;<\/strong><\/p>\n<p>Roman vatanda\u015flar\u0131m\u0131z\u0131n konut sorunlar\u0131n\u0131 \u00e7\u00f6zmek i\u00e7in Aile ve Sosyal Politikalar Bakanl\u0131\u011f\u0131\u2019m\u0131z ile TOK\u0130\u2019nin i\u015f birli\u011finde bir proje ba\u015flatt\u0131k. \u00dclkemizin farkl\u0131 yerlerindeki 31 merkezde toplam 4608 sosyal konut in\u015fa ettik.<\/p>\n<p>Roman karde\u015flerimizin ayl\u0131k 130 lira taksitle \u00f6demesini yapt\u0131klar\u0131 bu konut projesini maalesef devam ettiremedik. \u00c7\u00fcnk\u00fc yap\u0131lan sosyal konutlar TOK\u0130\u2019nin genel konsepti gere\u011fi \u00e7ok katl\u0131 binalardan olu\u015fuyordu. Oysa Roman vatanda\u015flar\u0131m\u0131z, m\u00fcstakil evlerde ya\u015fama k\u00fclt\u00fcr\u00fcne sahipler. \u015eehirlerdeki arsa maliyetlerinin y\u00fcksekli\u011fi sebebiyle bakanl\u0131\u011f\u0131m\u0131z bu projeyi finanse edemedi\u011fi i\u00e7in konut yap\u0131m\u0131na ara verildi. \u015eayet Roman vatanda\u015flar\u0131m\u0131z kendi aralar\u0131nda kuracaklar\u0131 kooperatifler vas\u0131tas\u0131yla arsa meselesini \u00e7\u00f6zmede bize yard\u0131mc\u0131 olurlarsa in\u015fallah konut in\u015fas\u0131 konusunda kendilerine yard\u0131mc\u0131 olmaya devam edece\u011fiz.<\/p>\n<p><strong>&#8220;Nefret ve ayr\u0131mc\u0131l\u0131k su\u00e7lar\u0131 yeniden tan\u0131mlanm\u0131\u015ft\u0131r&#8221;<\/strong><\/p>\n<p>\u00adRoman vatanda\u015flar\u0131m\u0131z\u0131n ya\u015fad\u0131\u011f\u0131 yerlerdeki camiler, \u00f6zel olarak g\u00f6revlendirilen imamlar\u0131m\u0131z vas\u0131tas\u0131yla aktif bir \u015fekilde faaliyet g\u00f6steriyor. T\u00fcrk Ceza Kanunu\u2019nda 2014 y\u0131l\u0131nda yap\u0131lan de\u011fi\u015fiklikle nefret ve ayr\u0131mc\u0131l\u0131k su\u00e7lar\u0131 yeniden tan\u0131mlanm\u0131\u015ft\u0131r. Buna g\u00f6re, bir ki\u015finin dilinden, \u0131rk\u0131ndan, milliyetinden, renginden, cinsiyetinden, engelinden, siyasi d\u00fc\u015f\u00fcncesinden, felsefi inanc\u0131ndan, dininden ve mezhebinden kaynaklanan nefret nedeniyle fiil i\u015fleyenlerin cezas\u0131 art\u0131r\u0131lm\u0131\u015ft\u0131r.<\/p>\n<p>\u015eimdi bu ne demektir? Ben Roman federasyonlar\u0131na ve konfederasyon ba\u015fkan\u0131na bir \u015fey s\u00f6yl\u00fcyorum. Dil \u00e7al\u0131\u015fmas\u0131n\u0131 bence geli\u015ftirin ve bu konuda da Ba\u015fbakan Yard\u0131mc\u0131m Hakan Beyin de takibinde fayda var. Parti olarak da \u00d6znur Han\u0131m\u2019\u0131n bu i\u015fi takibinde fayda var diyorum. Bu dil, sizin kendi aran\u0131zda bir defa b\u00fct\u00fcnle\u015fmenizi daha da art\u0131racakt\u0131r, daha da geli\u015ftirecektir.<\/p>\n<p><strong>&#8220;Strateji Belgesi ve Eylem Plan\u0131\u2019ndaki hususlar ad\u0131m ad\u0131m hayata ge\u00e7iriliyor&#8221;<\/strong><\/p>\n<p>Faaliyete ge\u00e7irdi\u011fimiz T\u00fcrkiye \u0130nsan Haklar\u0131 ve E\u015fitlik Kurumu ile Kamu Denet\u00e7ili\u011fi gibi m\u00fcesseselerin g\u00f6revlerinden biri de vatanda\u015flar\u0131m\u0131za y\u00f6nelik ayr\u0131mc\u0131l\u0131klar\u0131n\u0131n engellenmesidir. Aile ve Sosyal Politikalar Bakanl\u0131\u011f\u0131\u2019m\u0131z\u0131n koordinat\u00f6rl\u00fc\u011f\u00fcnde 2016 y\u0131l\u0131nda haz\u0131rlanan Roman vatanda\u015flara y\u00f6nelik Strateji Belgesi ve Eylem Plan\u0131\u2019ndaki hususlar ad\u0131m ad\u0131m hayata ge\u00e7iriliyor. Bu \u00e7er\u00e7evede Roman vatanda\u015flar\u0131m\u0131z\u0131n istihdam\u0131na destek olmak amac\u0131yla e\u011fitim seviyelerinin y\u00fckseltilmesine ve mesleki beceri kazanmalar\u0131na y\u00f6nelik projeler geli\u015ftiriyoruz. Nitekim sadece son 13 y\u0131lda istihdama kat\u0131lmalar\u0131n\u0131 sa\u011flamak i\u00e7in 5608 Roman vatanda\u015f\u0131m\u0131z\u0131n mesleki e\u011fitim, kurs ve programlar\u0131ndan yararlanabilmeleri sa\u011flanm\u0131\u015ft\u0131r. Siroma ad\u0131yla y\u00fcr\u00fct\u00fclen bir ba\u015fka projeyle de 12 ildeki Roman vatanda\u015flar\u0131m\u0131z\u0131n e\u011fitim, sa\u011fl\u0131k, i\u015f g\u00fcc\u00fc, sosyal dayan\u0131\u015fma \u00e7abalar\u0131na y\u00f6nelik \u00e7al\u0131\u015fmalar ger\u00e7ekle\u015ftirilmi\u015ftir. Bu liste uzay\u0131p gidiyor.<\/p>\n<p><strong>&#8220;Sizler bizim ne yapt\u0131\u011f\u0131m\u0131z\u0131, ne yapaca\u011f\u0131m\u0131z\u0131 gayet iyi biliyorsunuz&#8221;<\/strong><\/p>\n<p>Bu vesileyle ilgili kurumlar\u0131m\u0131z\u0131n strateji belgesinde ve eylem plan\u0131nda yer alan hususlarda biraz daha h\u0131zl\u0131 hareket etmeye, icraata d\u00f6n\u00fck \u00e7al\u0131\u015fmalara a\u011f\u0131rl\u0131k vermeye davet ediyorum. Her ne kadar birileri, Romanlar\u0131 sadece Romanlar g\u00fcn\u00fcnde hat\u0131rlay\u0131p istismar malzemesi olarak kullanmaya \u00e7al\u0131\u015f\u0131yorsa da sizler bizim ne yapt\u0131\u011f\u0131m\u0131z\u0131, ne yapaca\u011f\u0131m\u0131z\u0131 gayet iyi biliyorsunuz.<\/p>\n<p><strong>&#8220;Ben Roman karde\u015flerimin i\u00e7inde do\u011fdum, b\u00fcy\u00fcd\u00fcm&#8221;<\/strong><\/p>\n<p>Bay Kemal &#8216;Ben sizin aya\u011f\u0131n\u0131za geldim, Cumhurba\u015fkan\u0131 sizi aya\u011f\u0131na \u00e7a\u011f\u0131r\u0131yor&#8217; diyor. Bay Kemal, ben Roman karde\u015flerimin i\u00e7inde do\u011fdum, oradan \u00e7\u0131kt\u0131m, oradan geldim. Kald\u0131 ki mesele sadece Roman meselesi de\u011fildir, mesele T\u00fcrkiye&#8217;nin topyekun geli\u015fmesi, b\u00fcy\u00fcmesi, zenginle\u015fmesi meselesidir. \u00d6yle oldu\u011fu zaman 81 milyon vatanda\u015f\u0131m\u0131z\u0131n tamam\u0131 bundan istifade eder. Biz T\u00fcrkiye&#8217;yi demokraside ve ekonomide i\u015fte bu \u015fekilde geli\u015ftirdik, geli\u015ftirmeyi s\u00fcrd\u00fcr\u00fcyoruz.<\/p>\n<p><strong>&#8220;Kotra, \u015fimdi de\u011fi\u015fiyor&#8221;<\/strong><\/p>\n<p>Az \u00f6nce izledi\u011fimiz Kotra&#8217;da ben 6-7 ya\u015f\u0131ma gittim. Do\u011fru d\u00fczg\u00fcn hizmet alamad\u0131ktan sonra \u015fehrin i\u00e7inde olsan ne yazar, d\u0131\u015f\u0131nda olsan ne yazar. Kentsel d\u00f6n\u00fc\u015f\u00fcm\u015fle bunu \u00e7\u00f6zmeye devam ediyoruz. Kotra, \u015fimdi de\u011fi\u015fiyor. Elbette tek t\u00fck olumsuz \u00f6rnekler \u00e7\u0131kabilir. Ancak genel olarak memnun etti\u011fini s\u00f6yleyebiliriz.<\/p>\n<p>Hak sahibi vatanda\u015flar\u0131m\u0131z\u0131n hi\u00e7birini ma\u011fdur etmeden, tam tersine hepsinin de kazan\u00e7l\u0131 \u00e7\u0131kaca\u011f\u0131 modellerle bu d\u00f6n\u00fc\u015f\u00fcm\u00fc ba\u015flatt\u0131k, y\u00fcr\u00fct\u00fcyoruz. Elbette tek t\u00fck olumsuz \u00f6rnekler \u00e7\u0131kabilir ama genel olarak bu projenin t\u00fcm taraflar\u0131 memnun etti\u011fini s\u00f6yleyebiliriz.<\/p>\n<p><strong>&#8220;Sizi siz yapan vas\u0131flar\u0131n\u0131z\u0131 kaybetti\u011finizdeyitip gidersiniz&#8221;<\/strong><\/p>\n<p>De\u011fi\u015fen \u00e7evre ve \u015fartlar Romanlar\u0131m\u0131z\u0131 etkiliyor.\u00d6nemli olan ruhunuzdaki o safl\u0131\u011f\u0131, temizli\u011fi, insan sevgisini, ne\u015feyi, muhabbeti muhafaza ederek yeni \u015fartlara uyum sa\u011flamakt\u0131r. Sizi siz yapan vas\u0131flar\u0131n\u0131z\u0131 kaybetti\u011finizde kalabal\u0131klar i\u00e7inde yitip gidersiniz. Halbuki Rabb&#8217;im her kulunu ayn\u0131 \u00f6zelliklere, kabiliyetlere, g\u00fczelliklere sahip olarak yaratm\u0131\u015ft\u0131r.<\/p>\n<p>Roman karde\u015flerim, elbette daha iyi e\u011fitim, sa\u011fl\u0131k hizmeti alacak, daha kolay i\u015f bulacak, daha iyi \u015fartlarda ya\u015fayacak ama Roman olman\u0131n verdi\u011fi o cazibeden de asla vazge\u00e7meyecek. Bunu ba\u015fard\u0131\u011f\u0131n\u0131z anda T\u00fcrkiye&#8217;nin en g\u00fczel, en nevi \u015fahs\u0131na m\u00fcnhas\u0131r, en ne\u015feli renklerinden biri olarak varl\u0131\u011f\u0131n\u0131z\u0131 s\u00fcrd\u00fcrme imkan\u0131na kavu\u015fursunuz.<\/p>\n<p><strong>&#8220;Roman olman\u0131n o cazibesinden de vazge\u00e7meyeceksiniz&#8221;<\/strong><\/p>\n<p>Elbette daha iyi sa\u011fl\u0131k, e\u011fitim, i\u015f bulacak, daha iyi \u015fartlarda ya\u015fayacaks\u0131n\u0131z. Ancak Roman olman\u0131n o cazibesinden de vazge\u00e7meyeceksiniz.M\u00fczik mi icra ediyorsunuz, en g\u00fczelini yap\u0131n. El sanatlar\u0131yla m\u0131 u\u011fra\u015f\u0131yorsunuz, en g\u00fczelini \u00fcretin. Ticaretle mi i\u015ftigal ediyorsunuz, en g\u00fczelini ortaya koyun. \u0130\u015fte o zaman \u00f6n\u00fcn\u00fczdeki zorluklar\u0131n, s\u0131k\u0131nt\u0131lar\u0131n, \u00f6n yarg\u0131lar\u0131n birer birer y\u0131k\u0131ld\u0131\u011f\u0131n\u0131 g\u00f6receksiniz. Verdi\u011finiz m\u00fccadelede, Cumhurba\u015fkan\u0131 olarak, \u015fahs\u0131mdan ba\u015flayarak devletimizin t\u00fcm kurumlar\u0131 sizin yan\u0131n\u0131zdad\u0131r. Siz bir gayret ortaya koyacaks\u0131n\u0131z ki yap\u0131lan planlar, programlar, d\u00fczenlemeler somut bir neticeye ula\u015fs\u0131n.<\/p>\n<p><strong>&#8220;T\u00fcrkiye, 15 y\u0131lda daha \u00f6nce hi\u00e7 olmad\u0131\u011f\u0131 kadar ileri seviyelere ula\u015ft\u0131&#8221;<\/strong><\/p>\n<p>T\u00fcrkiye demokrasi ve kalk\u0131nma yolculu\u011funun son 15 y\u0131lda daha \u00f6nce hi\u00e7 olmad\u0131\u011f\u0131 kadar ileri seviyelere ula\u015ft\u0131. Her yolculuk gibi kalk\u0131nma ve demokrasi m\u00fccadelemizde de kar\u015f\u0131m\u0131za s\u00fcrekli \u00e7elmeler, tuzaklar, oyunlar \u00e7\u0131k\u0131yor. \u0130ktidara geldi\u011fimiz 2002 y\u0131l\u0131 kas\u0131m ay\u0131ndan bug\u00fcne kadar \u00fclkemizin ya\u015fad\u0131klar\u0131n\u0131 g\u00f6z\u00fcm\u00fcz\u00fcn \u00f6n\u00fcnden \u015f\u00f6yle film \u015feridi gibi ge\u00e7irdi\u011fimizde bu tablo \u00e7ok daha iyi anla\u015f\u0131l\u0131yor.<\/p>\n<p>Bu s\u00fcre\u00e7te T\u00fcrkiye&#8217;nin en b\u00fcy\u00fck kazan\u0131m\u0131 nedir diye sorarsan\u0131z, size verece\u011fim cevap ger\u00e7ek anlamda ba\u011f\u0131ms\u0131zl\u0131\u011f\u0131m\u0131z\u0131 elde etmi\u015f olmam\u0131zd\u0131r. Diyeceksiniz, T\u00fcrkiye zaten ba\u011f\u0131ms\u0131z de\u011fil miydi? Ka\u011f\u0131t \u00fczerinde belki \u00f6yleydi ama fiilen her alanda bir yerlere ba\u011f\u0131ml\u0131yd\u0131k.&#8221;<\/p>\n<p><strong>&#8220;Afrin&#8217;de 4108 ter\u00f6rist etkisiz hale getirildi&#8221;<\/strong><\/p>\n<p>Afrin&#8217;de durum, son olarak 4108 ter\u00f6rist etkisiz hale getirildi. Kuzey Irak&#8217;ta 337 ter\u00f6risti etkisiz hale getirdik. Yurt i\u00e7inde 173 tane ter\u00f6risti etkisiz hale getirdik. Gabar&#8217;da, Cudi&#8217;de, Tend\u00fcrek&#8217;te, Bestler Deresi&#8217;nde bunlar\u0131n tepelerine tepelerine indik, inlerine girdik.<\/p>\n<p>Afrin&#8217;de son durumu ald\u0131m. Afrin&#8217;de 4 bin 108 ter\u00f6rist etkisiz hale getirildi.<\/p>\n<p>[Zeytin Dal\u0131 Harekat\u0131] Cumhurba\u015fkan\u0131 Erdo\u011fan: 4108 ter\u00f6rist etkisiz hale getirildi.https:\/\/t.co\/e1WQEH4xfg pic.twitter.com\/qv5nfDAr3k<\/p>\n<p>\u2014 TRT Haber Canl\u0131 (@trthabercanli) 11 Nisan 2018<\/p>\n<p>Cumhurba\u015fkan\u0131 Erdo\u011fan: Kuzey Irak&#8217;ta 337, yurt i\u00e7inde 173 ter\u00f6risti etkisiz hale getirdik.https:\/\/t.co\/e1WQEH4xfg pic.twitter.com\/0Cc7buMiXN<\/p>\n<p>\u2014 TRT Haber Canl\u0131 (@trthabercanli) 11 Nisan 2018<\/p>\n<p><strong>&#8220;\u015eu ana kadar 80 tanesini getirdik, getirmeye devam edece\u011fiz&#8221;<\/strong><\/p>\n<p>\u00dclkede \u00e7al\u0131\u015fan say\u0131s\u0131 20 milyondan 28 milyona ula\u015ft\u0131. Darbelere, cuntalara teslim olan bir \u00fclkeyle darbecilerin, cuntac\u0131lar\u0131n kar\u015f\u0131s\u0131na sizlerle beraber aslan gibi dikilen, sabah olmadan onlar\u0131 p\u00fcsk\u00fcrten bir \u00fclkeye ayn\u0131 nazarla bak\u0131labilir mi? 16 saatte FET\u00d6&#8217;y\u00fc defettik. \u015eimdi koval\u0131yoruz, onlar ka\u00e7\u0131yor, biz koval\u0131yoruz. \u0130\u015fte Kosova&#8217;dan 6 tanesini ald\u0131k, geldik, Gabon&#8217;dan 3 tanesini ald\u0131k, geldik. Nereye giderseniz gidin. \u015eu ana kadar 80 tanesini getirdik, getirmeye devam edece\u011fiz<\/p>\n<p><strong>&#8220;Ekonomimize sald\u0131ranlara sesleniyorum, ba\u015faramayacaks\u0131n\u0131z&#8221;<\/strong><\/p>\n<p>Bu oyunlar\u0131 bo\u015fa \u00e7\u0131kard\u0131k, \u00e7\u0131karmaya devam edece\u011fiz. As\u0131l olan sizdeki bu y\u00fcrek var ya, as\u0131l olan bu. Roman karde\u015flerim ceplerinde para olmadan hayat m\u00fccadelesi verdiler veriyorlar. Ekonomimize sald\u0131ranlara sesleniyorum. Ba\u015faramayacaks\u0131n\u0131z. Irak&#8217;ta, Suriye&#8217;deki oyunlar\u0131n\u0131zda nas\u0131l ba\u015far\u0131l\u0131 olamad\u0131ysan\u0131z, daha \u00f6nceki oyunlar\u0131n\u0131zda nas\u0131l ba\u015faramad\u0131ysan\u0131z, \u015fimdi de \u00f6yle ba\u015faramayacaks\u0131n\u0131z.<\/p>\n<p>Cumhurba\u015fkan\u0131 Erdo\u011fan: Ekonomimize sald\u0131ranlara sesleniyorum; ba\u015faramayacaks\u0131n\u0131z. 15 Temmuz&#8217;da, Suriye&#8217;de, Irak&#8217;ta, daha \u00f6nceki oyunlar\u0131n\u0131zda nas\u0131l ba\u015faramad\u0131ysan\u0131z \u015fimdi de \u00f6yle ba\u015faramayacaks\u0131n\u0131z.https:\/\/t.co\/e1WQEH4xfg pic.twitter.com\/ee6l492eRQ<\/p>\n<p>\u2014 TRT Haber Canl\u0131 (@trthabercanli) 11 Nisan 2018<\/p>\n<p>Kaynak: TRT Haber<\/p>\n","protected":false},"excerpt":{"rendered":"<p>Cumhurba\u015fkan\u0131 Recep Tayyip Erdo\u011fan, ekonomi \u00fczerinde oyun oynand\u0131\u011f\u0131n\u0131 belirterek, &#8220;Ekonomimize sald\u0131ranlara sesleniyorum. Ba\u015faramayacaks\u0131n\u0131z&#8221; dedi.<\/p>\n","protected":false},"author":1000097,"featured_media":3240,"comment_status":"open","ping_status":"closed","sticky":false,"template":"","format":"standard","meta":[],"categories":[85],"tags":[],"_links":{"self":[{"href":"https:\/\/www.vizyon2023.com.tr\/index.php\/wp-json\/wp\/v2\/posts\/3239"}],"collection":[{"href":"https:\/\/www.vizyon2023.com.tr\/index.php\/wp-json\/wp\/v2\/posts"}],"about":[{"href":"https:\/\/www.vizyon2023.com.tr\/index.php\/wp-json\/wp\/v2\/types\/post"}],"author":[{"embeddable":true,"href":"https:\/\/www.vizyon2023.com.tr\/index.php\/wp-json\/wp\/v2\/users\/1000097"}],"replies":[{"embeddable":true,"href":"https:\/\/www.vizyon2023.com.tr\/index.php\/wp-json\/wp\/v2\/comments?post=3239"}],"version-history":[{"count":0,"href":"https:\/\/www.vizyon2023.com.tr\/index.php\/wp-json\/wp\/v2\/posts\/3239\/revisions"}],"wp:featuredmedia":[{"embeddable":true,"href":"https:\/\/www.vizyon2023.com.tr\/index.php\/wp-json\/wp\/v2\/media\/3240"}],"wp:attachment":[{"href":"https:\/\/www.vizyon2023.com.tr\/index.php\/wp-json\/wp\/v2\/media?parent=3239"}],"wp:term":[{"taxonomy":"category","embeddable":true,"href":"https:\/\/www.vizyon2023.com.tr\/index.php\/wp-json\/wp\/v2\/categories?post=3239"},{"taxonomy":"post_tag","embeddable":true,"href":"https:\/\/www.vizyon2023.com.tr\/index.php\/wp-json\/wp\/v2\/tags?post=3239"}],"curies":[{"name":"wp","href":"https:\/\/api.w.org\/{rel}","templated":true}]}}