{"id":3237,"date":"2018-04-12T10:13:49","date_gmt":"2018-04-12T07:13:49","guid":{"rendered":"http:\/\/www.vizyon2023.com.tr\/index.php\/2018\/04\/12\/cumhurbaskani-erdogandan-musluman-ulkelere-zekat-cagrisi\/"},"modified":"2018-04-12T10:13:49","modified_gmt":"2018-04-12T07:13:49","slug":"cumhurbaskani-erdogandan-musluman-ulkelere-zekat-cagrisi","status":"publish","type":"post","link":"https:\/\/www.vizyon2023.com.tr\/index.php\/2018\/04\/12\/cumhurbaskani-erdogandan-musluman-ulkelere-zekat-cagrisi\/","title":{"rendered":"Cumhurba\u015fkan\u0131 Erdo\u011fan&#8217;dan M\u00fcsl\u00fcman \u00fclkelere zekat \u00e7a\u011fr\u0131s\u0131"},"content":{"rendered":"<p>Cumhurba\u015fkan\u0131 Recep Tayyip Erdo\u011fan, T\u00fcrkiye \u0130\u015fbirli\u011fi ve Koordinasyon Ajans\u0131 Ba\u015fkanl\u0131\u011f\u0131 (T\u0130KA) Koordinat\u00f6rleri&#8217;ni kabul etti.<\/p>\n<p>Kuruldu\u011fu g\u00fcnden bug\u00fcne kadar T\u0130KA \u00e7at\u0131s\u0131 alt\u0131nda g\u00f6rev yapanlara te\u015fekk\u00fcrlerini ileten Erdo\u011fan, bug\u00fcn d\u00fcnyan\u0131n 5 k\u0131tas\u0131nda 58 farkl\u0131 \u00fclkede bulunan 60 program koordinasyon ofisiyle nerede bir dertli varsa onun imdad\u0131na yeti\u015fmeye \u00e7al\u0131\u015fan T\u0130KA&#8217;n\u0131n daima yan\u0131nda olduklar\u0131n\u0131 ve olmaya da devam edeceklerini ifade etti.<\/p>\n<p>Cumhurba\u015fkan\u0131 Erdo\u011fan, burada yapt\u0131\u011f\u0131 konu\u015fmada, &#8220;\u00d6zellikle petrol zengini M\u00fcsl\u00fcman \u00fclkelere sesleniyorum, M\u00fcsl\u00fcman \u00fclkeler salt zekatlar\u0131n\u0131 tespit edip bu fakir, garip \u00fclkelere verseler d\u00fcnyada herhalde fakir kalmaz.&#8221; dedi.<\/p>\n<p>Cumhurba\u015fkan\u0131 Erdo\u011fan: M\u00fcsl\u00fcman \u00fclkelere sesleniyorum. Zekatlar\u0131n\u0131 tespit edip bu fakir, garip \u00fclkelere verseler d\u00fcnyada fakir kalmaz.https:\/\/t.co\/eTAt89R3w3 pic.twitter.com\/1gu4Pj0jqB<\/p>\n<p>\u2014 TRT Haber Canl\u0131 (@trthabercanli) 10 Nisan 2018<\/p>\n<p>Erdo\u011fan, kendileri i\u00e7in bu yard\u0131mlar\u0131n, kar\u015f\u0131 tarafa mihnet vermek de\u011fil tam tersine y\u00fck\u00fcn\u00fc azaltmak ve derdine bir nebze de derman olmak ama\u00e7l\u0131 oldu\u011funu vurgulad\u0131.<\/p>\n<p>&#8220;Kalk\u0131nma yard\u0131m\u0131 konusunda \u00f6n s\u0131ralarda g\u00f6z\u00fcken Bat\u0131l\u0131 \u00fclkelere bakt\u0131\u011f\u0131m\u0131zda \u00f6l\u00e7\u00fcn\u00fcn ihtiya\u00e7 de\u011fil irtibat olarak belirlendi\u011fi g\u00f6r\u00fcl\u00fcyor.&#8221; diyen Erdo\u011fan, ekonomik g\u00fc\u00e7leri itibar\u0131yla T\u00fcrkiye&#8217;nin katbekat \u00f6n\u00fcnde olan bu \u00fclkelerin, \u015fayet ger\u00e7ekten isteseler d\u00fcnyadaki a\u00e7l\u0131\u011f\u0131n ve yoksullu\u011fun \u00f6n\u00fcne ge\u00e7ebilece\u011finin alt\u0131n\u0131 \u00e7izdi.<\/p>\n<p><strong>&#8220;Silahlanmaya harcanan paralar, fakir halklar\u0131 ihya eder&#8221;<\/strong><\/p>\n<p>Erdo\u011fan, &#8220;Bat\u0131&#8217;da israf edilen yiyecekle d\u00fcnyan\u0131n kalan\u0131ndaki t\u00fcm a\u00e7lar doyar&#8221; ifadesini hat\u0131rlatt\u0131.<\/p>\n<p>&#8220;Ayn\u0131 benzetmeyi \u015f\u00f6yle de yapabiliriz, Bat\u0131&#8217;n\u0131n ortal\u0131\u011f\u0131 kar\u0131\u015ft\u0131rmak, ter\u00f6r \u00f6rg\u00fctlerini k\u0131\u015fk\u0131rtmak, insanlar\u0131 birbirine k\u0131rd\u0131rmak i\u00e7in harcad\u0131\u011f\u0131 parayla d\u00fcnyan\u0131n kalan\u0131n\u0131 asgari refah seviyesine ula\u015ft\u0131rmak m\u00fcmk\u00fcnd\u00fcr. Silahlanmaya harcanan paralar, \u015fu anda d\u00fcnyan\u0131n de\u011fi\u015fik yerlerindeki ya\u011fd\u0131r\u0131lan bombalar, fazla yere gitmeye gerek yok sadece \u015fu Ortado\u011fu&#8217;da harcanan paralar. B\u00fct\u00fcn bunlara bakt\u0131\u011f\u0131m\u0131z zaman Irak&#8217;ta neler yapt\u0131lar, \u015fu anda Suriye&#8217;de, Filistin&#8217;de yap\u0131lanlar, Libya&#8217;da, b\u00fct\u00fcn buralarda yap\u0131lan sadece sava\u015f i\u00e7in harcamalar d\u00fcnyadaki o garip, fakir halklar\u0131 ihya eder.&#8221;<\/p>\n<p>Kendi \u00f6l\u00e7\u00fclerinin asla bu olmad\u0131\u011f\u0131n\u0131 ve olmayaca\u011f\u0131n\u0131 vurgulayan Erdo\u011fan, &#8220;Sadece \u015furada Suriye&#8217;de ter\u00f6r \u00f6rg\u00fctlerine Amerika&#8217;n\u0131n g\u00f6nderdi\u011fi yard\u0131m 5 bin t\u0131r silah ve m\u00fchimmat, 2 bin kargo u\u00e7a\u011f\u0131yla buralara gelen yine ayn\u0131 \u015fekilde silah ve m\u00fchimmat. Art\u0131k siz bunlar\u0131n ne t\u00fcr bir b\u00fcy\u00fck rakamlar tuttu\u011funu hesap edin.&#8221; dedi.<\/p>\n<p><strong>&#8220;Ter\u00f6rle m\u00fccadelede kendimize pek az dost bulabildik&#8221;<\/strong><\/p>\n<p>Cumhurba\u015fkan\u0131 Erdo\u011fan, T\u00fcrkiye&#8217;nin 3,5 milyonu Suriyeli olmak \u00fczere 4,5 milyon m\u00fclteciye ev sahipli\u011fi yapt\u0131\u011f\u0131n\u0131 aktard\u0131.<\/p>\n<p>&#8220;Suriyeli karde\u015flerimize kendi yurtlar\u0131nda g\u00fcvenli, huzurlu ve m\u00fcreffeh bir gelecek sa\u011flamak i\u00e7in yapt\u0131\u011f\u0131m\u0131z s\u0131n\u0131r \u00f6tesi operasyonlar\u0131 \u00f6dedi\u011fimiz bedellere ra\u011fmen s\u00fcrd\u00fcrmekte kararl\u0131y\u0131z. Ter\u00f6r \u00f6rg\u00fctlerine kar\u015f\u0131 y\u00fcr\u00fctt\u00fc\u011f\u00fcm\u00fcz m\u00fccadelede, maalesef kendimize pek az dost bulabildik. Hatta demokrasiden ve \u00f6zg\u00fcrl\u00fcklerden dem vuran \u00fclkelerin \u00f6nemli bir b\u00f6l\u00fcm\u00fcn\u00fcn \u00e7\u0131karlar\u0131 \u00f6yle gerektirdi\u011fi i\u00e7in ter\u00f6r \u00f6rg\u00fctlerinin yan\u0131nda yer ald\u0131\u011f\u0131n\u0131 g\u00f6rd\u00fck. Lafa geldi\u011fi zaman &#8216;dostuz&#8217; diyorlar, yalan.&#8221;<\/p>\n<p><strong>&#8220;ABD ortal\u0131\u011f\u0131 kar\u0131\u015ft\u0131rmak istiyor&#8221;<\/strong><\/p>\n<p>Cumhurba\u015fkan\u0131 Erdo\u011fan, gelinen noktada bu \u00fclkelerle aralar\u0131nda \u00e7ok kesin g\u00f6r\u00fc\u015f ayr\u0131l\u0131klar\u0131 oldu\u011funu tespit ettiklerine dikkati \u00e7ekti.<\/p>\n<p>&#8220;Mesela biz Suriye&#8217;de g\u00fcvenli b\u00f6lgeler olu\u015ftural\u0131m istiyoruz, Say\u0131n Obama zaman\u0131ndan beri ben bunu s\u00f6yl\u00fcyorum. Kendisiyle ka\u00e7 kez g\u00f6r\u00fc\u015ft\u00fck, s\u00f6yledik. Yeni gelen y\u00f6netim, bakt\u0131m onlar da &#8216;G\u00fcvenli b\u00f6lge olu\u015ftural\u0131m&#8217; diyor, biz bunu zaten ta ne zamandan beri s\u00f6yl\u00fcyoruz, &#8216;Hadi gelin olu\u015ftural\u0131m&#8217;, bak\u0131n yine yana\u015fm\u0131yorlar. Niye? \u0130stedikleri bu de\u011fil, istedikleri ortal\u0131\u011f\u0131 kar\u0131\u015ft\u0131rmak, istedikleri M\u00fcsl\u00fcman k\u0131y\u0131m\u0131, fakat \u00f6yle bir M\u00fcsl\u00fcman k\u0131y\u0131m\u0131 ki \u00f6ld\u00fcren &#8216;Allah\u00fcekber&#8217; diyor \u00f6ld\u00fcr\u00fcyor, \u00f6len &#8216;Allah\u00fcekber&#8217; diyor o da \u00f6l\u00fcyor.&#8221;<\/p>\n<p>Erdo\u011fan, \u015fu anda biz \u0130slam d\u00fcnyas\u0131nda bunun ya\u015fand\u0131\u011f\u0131n\u0131, Afganistan&#8217;da, Irak&#8217;ta, Suriye&#8217;de, Libya&#8217;ya bunun g\u00f6r\u00fcld\u00fc\u011f\u00fcn\u00fc vurgulad\u0131.<\/p>\n<p>&#8220;Oyun hep ayn\u0131 oyun, onlar kan ve ate\u015f her yere yay\u0131ls\u0131n istiyor, biz Suriye halk\u0131 kendi topraklar\u0131nda huzur i\u00e7inde ya\u015fas\u0131n istiyoruz. Onlar Suriye halk\u0131 birbirini k\u0131rs\u0131n, yok etsin istiyor, biz Suriye \u015fehirlerini altyap\u0131s\u0131yla \u00fcstyap\u0131s\u0131yla yeniden ya\u015fam alanlar\u0131 haline getirelim istiyoruz.&#8221;<\/p>\n<p>T\u00fcrkiye&#8217;nin, Suriye&#8217;deki insanlar\u0131n 7 y\u0131ld\u0131r kesintisiz ya\u015fad\u0131klar\u0131 o k\u00f6t\u00fc g\u00fcnleri geride b\u0131rakmas\u0131, kendilerine yeni bir gelecek in\u015fa etmesini istedi\u011fini, di\u011fer \u00fclkelerin ise kaos ve \u00e7at\u0131\u015fman\u0131n sonsuza kadar s\u00fcrmesini sitedi\u011fini belirtti.<\/p>\n<p><strong>7,2 milyar dolarl\u0131k insani yard\u0131m<\/strong><\/p>\n<p>Cumhurba\u015fkan\u0131 Erdo\u011fan, Son 15 y\u0131lda her alanda ger\u00e7ekle\u015ftirdikleri at\u0131l\u0131mlarla T\u00fcrkiye&#8217;yi yard\u0131m alan bir \u00fclke konumundan, d\u00fcnyan\u0131n en \u00e7ok kalk\u0131nma yard\u0131m\u0131 yapan \u00fclkesi haline getirdiklerini anlatt\u0131.<\/p>\n<p>&#8220;T\u00fcrkiye&#8217;nin kalk\u0131nma yard\u0131mlar\u0131n\u0131n 7,2 milyar dolar\u0131n\u0131 insani yard\u0131mlar, di\u011fer k\u0131sm\u0131n\u0131 ise di\u011fer sair kalk\u0131nma yard\u0131mlar\u0131 olu\u015fturuyor. Ge\u00e7en y\u0131l 6 milyar dolarl\u0131k insani yard\u0131mla listede ikinci s\u0131rada yer alm\u0131\u015ft\u0131k, in\u015fallah bu y\u0131l \u015fayet di\u011fer \u00fclkelerin yard\u0131mlar\u0131nda fevkalade bir art\u0131\u015f yoksa 7,2 milyar dolarl\u0131k insani yard\u0131mla ilk s\u0131raya \u00e7\u0131kmam\u0131z kuvvetle muhtemeldir.&#8221;<\/p>\n<p>Cumhurba\u015fkan\u0131 Erdo\u011fan: T\u00fcrkiye, d\u00fcnyan\u0131n en \u00e7ok kalk\u0131nma yard\u0131m\u0131 yapan \u00fclkesidir.https:\/\/t.co\/eTAt89R3w3 pic.twitter.com\/6EYLrnivuD<\/p>\n<p>\u2014 TRT Haber Canl\u0131 (@trthabercanli) 10 Nisan 2018<\/p>\n<p><strong>&#8220;G\u00f6nl\u00fcm\u00fcz\u00fcn alabildi\u011fi kadar insana ula\u015fmaya gayret ediyoruz&#8221;<\/strong><\/p>\n<p>Erdo\u011fan, birka\u00e7 aya kadar bu liste a\u00e7\u0131kland\u0131\u011f\u0131nda durumun herkes\u00e7e g\u00f6r\u00fclece\u011fine i\u015faret ederek, Bat\u0131l\u0131 \u00fclkelerin, d\u00fcnyan\u0131n kalan k\u0131sm\u0131na verdikleri ciddi krediler sebebiyle toplam kalk\u0131nma yard\u0131mlar\u0131ndaki rakamlar\u0131n elbette \u00e7ok de\u011fi\u015fti\u011fini s\u00f6yledi.<\/p>\n<p>T\u00fcrkiye&#8217;nin buna ra\u011fmen toplam kalk\u0131nma yard\u0131mlar\u0131nda da d\u00fcnyada 6&#8217;nc\u0131, bunlar\u0131n milli gelire oran\u0131nda ise 4&#8217;\u00fcnc\u00fc s\u0131rada bulundu\u011funu an\u0131msatan Erdo\u011fan, tarih boyunca devlet ve millet olarak sahip olduklar\u0131 imkanlar\u0131 payla\u015fma konusunda daima c\u00f6mert davrand\u0131klar\u0131n\u0131 belirtti.<\/p>\n<p>&#8220;D\u00fcnyadaki pek \u00e7ok sorunun, krizin, \u00e7at\u0131\u015fman\u0131n kayna\u011f\u0131nda gelir da\u011f\u0131l\u0131m\u0131ndaki adaletsizli\u011fin yatt\u0131\u011f\u0131n\u0131 biliyoruz. \u00dclkeler aras\u0131ndaki sava\u015flar ve \u00f6zellikle i\u00e7 \u00e7at\u0131\u015fmalar, gelir da\u011f\u0131l\u0131m\u0131ndaki adaletsizli\u011fi i\u00e7inden daha da \u00e7\u0131k\u0131lamaz bir hale getiriyor. Pek \u00e7ok geri kalm\u0131\u015f \u00fclkeye gitti\u011fimizde bir tarafta bir lokma yeme\u011fe, bir yudum suya hasret milyonlarca insan varken, di\u011fer tarafta k\u00fc\u00e7\u00fck bir az\u0131nl\u0131\u011f\u0131n l\u00fcks ve \u015fatafat i\u00e7inde hayat s\u00fcrd\u00fc\u011f\u00fcne \u015fahit oluyoruz.&#8221;<\/p>\n<p><strong>&#8220;T\u0130KA projelerinin y\u00fczde 80&#8217;i sosyal altyap\u0131n\u0131n geli\u015ftirilmesine y\u00f6nelik&#8221;<\/strong><\/p>\n<p>T\u0130KA&#8217;n\u0131n, y\u00fcr\u00fctt\u00fc\u011f\u00fc projeleri rastgele se\u00e7en, \u00e7\u0131kar ama\u00e7l\u0131 hareket eden bir kurum asla olmad\u0131\u011f\u0131n\u0131 belirten Erdo\u011fan, faaliyet g\u00f6sterilen \u00fclkenin be\u015feri ve tabii kaynaklar\u0131 dikkate al\u0131narak, buna en uygun alt yap\u0131n\u0131n kurulmas\u0131na \u00e7al\u0131\u015f\u0131ld\u0131\u011f\u0131n\u0131 ifade etti.<\/p>\n<p>&#8220;T\u0130KA projelerinin yakla\u015f\u0131k y\u00fczde 80&#8217;inin istihdama, e\u011fitime, sa\u011fl\u0131\u011fa, kad\u0131nlara, \u00e7ocuklara, ileti\u015fime yani sosyal alt yap\u0131n\u0131n geli\u015ftirilmesine y\u00f6nelik olmas\u0131n\u0131n sebebi i\u015fte budur.&#8221;<\/p>\n<p><strong>&#8220;T\u00fcrkiye hakiki manada \u00e7evre koruma projeleri hayata ge\u00e7irdi&#8221;<\/strong><\/p>\n<p>\u00c7evrecilik ad\u0131 alt\u0131nda her t\u00fcrl\u00fc kalk\u0131nma, geli\u015fme \u00e7abalar\u0131na kar\u015f\u0131 d\u00fc\u015fmanl\u0131k edenlerin aksine T\u00fcrkiye&#8217;nin hakiki manada \u00e7evre koruma projeleri hayata ge\u00e7irdi\u011fine vurgu yapan Erdo\u011fan, ge\u00e7en y\u00fczy\u0131l\u0131n en \u00f6nemli \u00e7evre felaketlerinden biri olan Aral G\u00f6l\u00fc&#8217;n\u00fcn kurumas\u0131 kar\u015f\u0131s\u0131nda a\u011fa\u00e7land\u0131rma, tar\u0131m ve hayvanc\u0131l\u0131k projeleriyle \u00d6zbekistanl\u0131lar\u0131n yan\u0131nda yer ald\u0131klar\u0131n\u0131 dile getirdi.<\/p>\n<p>Erdo\u011fan, Burkina Faso&#8217;da 100 bin Moringa Oleifera a\u011fac\u0131 yeti\u015ftirerek hem \u00e7ocuklara destek olduklar\u0131n\u0131 hem de \u00e7\u00f6lle\u015fmeye kar\u015f\u0131 \u00f6nemli bir ad\u0131m att\u0131klar\u0131n\u0131 ifade etti.<\/p>\n<p>&#8220;Tarihe sayg\u0131m\u0131z\u0131 restorasyon projelerimizle g\u00f6sterdik. Sadece son 3 y\u0131lda, 3 farkl\u0131 k\u0131tadaki 18 \u00fclkede 100&#8217;\u00fc a\u015fk\u0131n eserin restorasyonunu ba\u015flatt\u0131k. T\u0130KA&#8217;n\u0131n ilk kurulu\u015f amac\u0131 olan T\u00fcrk d\u00fcnyas\u0131yla ili\u015fkileri de Orta Asya ile s\u0131n\u0131rl\u0131 tutmayarak Gagavuz&#8217;lardan Harar&#8217;a, Ah\u0131ska&#8217;lardan T\u00fcrkmen&#8217;lere kadar geni\u015f bir yelpazeye yayd\u0131k. T\u00fcrk\u00e7e&#8217;nin en \u00f6nemli ve en kapsaml\u0131 s\u00f6zl\u00fc\u011f\u00fcn\u00fc d\u00fcnyan\u0131n t\u00fcm prestijli k\u00fct\u00fcphanelerine ve \u00fcniversitelerine ta\u015f\u0131d\u0131k. Gazze&#8217;de hastane, toplu konut ve zeytin ya\u011f\u0131 fabrikas\u0131, Sri Lanka&#8217;da T\u00fcrk k\u00f6y\u00fc kurulmas\u0131 gibi daha pek \u00e7ok faaliyet vard\u0131r.&#8221;<\/p>\n<p><strong>Somali&#8217;deki kalk\u0131nma yard\u0131mlar\u0131<\/strong><\/p>\n<p>Somali&#8217;ye y\u00f6nelik kalk\u0131nma yard\u0131mlar\u0131na ili\u015fkin de bilgiler veren Erdo\u011fan, bu \u00fclkedeki T\u00fcrkiye&#8217;nin faaliyetlerinin de d\u00fcnyada kalk\u0131nma yard\u0131mlar\u0131 konusunda adeta yepyeni bir model ortaya koydu\u011funa dikkati \u00e7ekti.<\/p>\n<p>Erdo\u011fan, 2011&#8217;de \u00e7ok b\u00fcy\u00fck bir kurakl\u0131k ya\u015fayan Somali&#8217;nin yard\u0131m \u00e7a\u011fr\u0131s\u0131na kulak vererek hemen dost ve karde\u015f Somali halk\u0131n\u0131n yan\u0131na ko\u015ftuklar\u0131n\u0131 belirtti.<\/p>\n<p>&#8220;Herkes Somali&#8217;deki faciay\u0131 seyrederken, ben, e\u015fim, \u00e7ocu\u011fum, arkada\u015flar\u0131m, hepsi yan\u0131mda olmak suretiyle birlikte Somali&#8217;ye u\u00e7tuk. Ter\u00f6r bir taraftan&#8230; Ter\u00f6r tehditlerine ra\u011fmen orada yerimizi ald\u0131k. Kollar\u0131 s\u0131vad\u0131k. Her alanda neler yap\u0131labilece\u011fi belirledik. Devletimizle milletimizle el ele verip e\u011fitimden sa\u011fl\u0131\u011fa, tar\u0131mdan ula\u015ft\u0131rmaya, g\u00fcvenlikten idari yap\u0131ya kadar \u00fclkeyi ba\u015ftan sona aya\u011fa kald\u0131racak \u00e7al\u0131\u015fmalara ba\u015flad\u0131k. Biz Somali&#8217;de yapt\u0131\u011f\u0131m\u0131z i\u015flere &#8216;T\u00fcrk tipi kalk\u0131nma yard\u0131m\u0131 modeli&#8217; diyoruz.&#8221;<\/p>\n<p>Erdo\u011fan, T\u0130KA&#8217;n\u0131n Ramazan ay\u0131 boyunca d\u00fcnyan\u0131n d\u00f6rt bir yan\u0131nda ger\u00e7ekle\u015ftirdi\u011fi iftarlar ve di\u011fer \u00e7al\u0131\u015fmalar\u0131 da taktirle takip etti\u011fini ifade etti.<\/p>\n<p><strong>&#8220;Biz asla bu t\u00fcr riyakarl\u0131klara tevess\u00fcl etmeyece\u011fiz&#8221;<\/strong><\/p>\n<p>Yunus Emre&#8217;nin, &#8220;Ben gelmedim kavga i\u00e7in benim i\u015fim sevgi i\u00e7in. Dostun evi g\u00f6n\u00fcllerdir, g\u00f6n\u00fcller yapmaya geldim.&#8221; s\u00f6z\u00fcn\u00fc aktaran Erdo\u011fan, T\u0130KA temsilicilerinden g\u00f6n\u00fcllere girmelerini istedi.<\/p>\n<p>Programda konu\u015fmalar \u00f6ncesinde T\u0130KA&#8217;n\u0131n faaliyetlerine ili\u015fkin video g\u00f6sterildi, Bosna Hersek, Banglade\u015f ve \u00dcrd\u00fcn saha temsilcileri de birer konu\u015fma yapt\u0131.<\/p>\n<p>Ba\u015fbakan Yard\u0131mc\u0131s\u0131 Hakan \u00c7avu\u015fo\u011flu, Cumhurba\u015fkanl\u0131\u011f\u0131 Genel Sekreteri Fahri Kas\u0131rga ile T\u0130KA Ba\u015fkan\u0131 Serdar \u00c7am da program da haz\u0131r bulundu.<\/p>\n","protected":false},"excerpt":{"rendered":"<p>Cumhurba\u015fkan\u0131 Erdo\u011fan, &#8220;M\u00fcsl\u00fcman \u00fclkeler salt zekatlar\u0131n\u0131 tespit edip fakir \u00fclkelere verseler d\u00fcnyada fakir \u00fclke kalmaz.&#8221; dedi.<\/p>\n","protected":false},"author":1000097,"featured_media":3238,"comment_status":"open","ping_status":"closed","sticky":false,"template":"","format":"standard","meta":[],"categories":[85],"tags":[],"_links":{"self":[{"href":"https:\/\/www.vizyon2023.com.tr\/index.php\/wp-json\/wp\/v2\/posts\/3237"}],"collection":[{"href":"https:\/\/www.vizyon2023.com.tr\/index.php\/wp-json\/wp\/v2\/posts"}],"about":[{"href":"https:\/\/www.vizyon2023.com.tr\/index.php\/wp-json\/wp\/v2\/types\/post"}],"author":[{"embeddable":true,"href":"https:\/\/www.vizyon2023.com.tr\/index.php\/wp-json\/wp\/v2\/users\/1000097"}],"replies":[{"embeddable":true,"href":"https:\/\/www.vizyon2023.com.tr\/index.php\/wp-json\/wp\/v2\/comments?post=3237"}],"version-history":[{"count":0,"href":"https:\/\/www.vizyon2023.com.tr\/index.php\/wp-json\/wp\/v2\/posts\/3237\/revisions"}],"wp:featuredmedia":[{"embeddable":true,"href":"https:\/\/www.vizyon2023.com.tr\/index.php\/wp-json\/wp\/v2\/media\/3238"}],"wp:attachment":[{"href":"https:\/\/www.vizyon2023.com.tr\/index.php\/wp-json\/wp\/v2\/media?parent=3237"}],"wp:term":[{"taxonomy":"category","embeddable":true,"href":"https:\/\/www.vizyon2023.com.tr\/index.php\/wp-json\/wp\/v2\/categories?post=3237"},{"taxonomy":"post_tag","embeddable":true,"href":"https:\/\/www.vizyon2023.com.tr\/index.php\/wp-json\/wp\/v2\/tags?post=3237"}],"curies":[{"name":"wp","href":"https:\/\/api.w.org\/{rel}","templated":true}]}}