{"id":3235,"date":"2018-04-12T10:13:21","date_gmt":"2018-04-12T07:13:21","guid":{"rendered":"http:\/\/www.vizyon2023.com.tr\/index.php\/2018\/04\/12\/cumhurbaskani-erdogan-deniz-baykali-ziyaret-etti\/"},"modified":"2018-04-12T10:13:21","modified_gmt":"2018-04-12T07:13:21","slug":"cumhurbaskani-erdogan-deniz-baykali-ziyaret-etti","status":"publish","type":"post","link":"https:\/\/www.vizyon2023.com.tr\/index.php\/2018\/04\/12\/cumhurbaskani-erdogan-deniz-baykali-ziyaret-etti\/","title":{"rendered":"Cumhurba\u015fkan\u0131 Erdo\u011fan, Deniz Baykal&#8217;\u0131 ziyaret etti"},"content":{"rendered":"<p>Cumhurba\u015fkanl\u0131\u011f\u0131 kaynaklar\u0131ndan edinilen bilgiye g\u00f6re, 22.00 sular\u0131nda ger\u00e7ekle\u015fen ziyarette, TBMM Ba\u015fkan\u0131 \u0130smail Kahraman da haz\u0131r bulundu.<\/p>\n<p>Cumhurba\u015fkan\u0131 Erdo\u011fan ve TBMM Ba\u015fkan\u0131 Kahraman, birlikte geldikleri Sa\u011fl\u0131k Bilimleri \u00dcniversitesi G\u00fclhane E\u011fitim ve Ara\u015ft\u0131rma Hastanesi\u2019nde Sa\u011fl\u0131k Bakan\u0131 Ahmet Demircan, Rekt\u00f6r Prof. Dr. Cevdet Erd\u00f6l, Prof. Dr. Asl\u0131 Ataman Baykal ve hastane yetkilileri taraf\u0131ndan kar\u015f\u0131land\u0131.<\/p>\n<p>Cumhurba\u015fkan\u0131 Erdo\u011fan ve TBMM Ba\u015fkan\u0131 Kahraman\u2019\u0131n, tedavisi s\u00fcren Baykal\u2019a yapt\u0131klar\u0131 ziyaret yakla\u015f\u0131k yar\u0131m saat s\u00fcrd\u00fc.<\/p>\n<p>Prof. Ataman Baykal\u2019\u0131n, ziyaret akabinde kap\u0131ya kadar u\u011furlad\u0131\u011f\u0131 Cumhurba\u015fkan\u0131 Erdo\u011fan\u2019a duyarl\u0131l\u0131\u011f\u0131ndan ve babas\u0131n\u0131n tedavisine g\u00f6sterdi\u011fi ilgiden dolay\u0131 te\u015fekk\u00fcr etti\u011fi \u00f6\u011frenildi.<\/p>\n","protected":false},"excerpt":{"rendered":"<p>Cumhurba\u015fkan\u0131 Erdo\u011fan, eski CHP Genel Ba\u015fkan\u0131 ve Antalya Milletvekili Deniz Baykal&#8217;\u0131 tedavi g\u00f6rd\u00fc\u011f\u00fc G\u00fclhane E\u011fitim ve Ara\u015ft\u0131rma Hastanesi&#8217;nde ziyaret etti.<\/p>\n","protected":false},"author":1000097,"featured_media":3236,"comment_status":"open","ping_status":"closed","sticky":false,"template":"","format":"standard","meta":[],"categories":[85],"tags":[],"_links":{"self":[{"href":"https:\/\/www.vizyon2023.com.tr\/index.php\/wp-json\/wp\/v2\/posts\/3235"}],"collection":[{"href":"https:\/\/www.vizyon2023.com.tr\/index.php\/wp-json\/wp\/v2\/posts"}],"about":[{"href":"https:\/\/www.vizyon2023.com.tr\/index.php\/wp-json\/wp\/v2\/types\/post"}],"author":[{"embeddable":true,"href":"https:\/\/www.vizyon2023.com.tr\/index.php\/wp-json\/wp\/v2\/users\/1000097"}],"replies":[{"embeddable":true,"href":"https:\/\/www.vizyon2023.com.tr\/index.php\/wp-json\/wp\/v2\/comments?post=3235"}],"version-history":[{"count":0,"href":"https:\/\/www.vizyon2023.com.tr\/index.php\/wp-json\/wp\/v2\/posts\/3235\/revisions"}],"wp:featuredmedia":[{"embeddable":true,"href":"https:\/\/www.vizyon2023.com.tr\/index.php\/wp-json\/wp\/v2\/media\/3236"}],"wp:attachment":[{"href":"https:\/\/www.vizyon2023.com.tr\/index.php\/wp-json\/wp\/v2\/media?parent=3235"}],"wp:term":[{"taxonomy":"category","embeddable":true,"href":"https:\/\/www.vizyon2023.com.tr\/index.php\/wp-json\/wp\/v2\/categories?post=3235"},{"taxonomy":"post_tag","embeddable":true,"href":"https:\/\/www.vizyon2023.com.tr\/index.php\/wp-json\/wp\/v2\/tags?post=3235"}],"curies":[{"name":"wp","href":"https:\/\/api.w.org\/{rel}","templated":true}]}}