{"id":3227,"date":"2018-03-29T14:17:40","date_gmt":"2018-03-29T11:17:40","guid":{"rendered":"http:\/\/www.vizyon2023.com.tr\/index.php\/2018\/03\/29\/tel-rifat-ve-minakin-kurtarilmasi-teror-orgutune-darbe-vuracak\/"},"modified":"2018-03-29T14:17:40","modified_gmt":"2018-03-29T11:17:40","slug":"tel-rifat-ve-minakin-kurtarilmasi-teror-orgutune-darbe-vuracak","status":"publish","type":"post","link":"https:\/\/www.vizyon2023.com.tr\/index.php\/2018\/03\/29\/tel-rifat-ve-minakin-kurtarilmasi-teror-orgutune-darbe-vuracak\/","title":{"rendered":"Tel R\u0131fat ve Minak&#8217;\u0131n kurtar\u0131lmas\u0131 ter\u00f6r \u00f6rg\u00fct\u00fcne darbe vuracak"},"content":{"rendered":"<p>Zeytin Dal\u0131 Harekat\u0131&#8217;n\u0131n do\u011fal uzant\u0131s\u0131 olan ve Afrin&#8217;den \u00e7\u0131kan ter\u00f6r \u00f6rg\u00fct\u00fc YPG\/PKK&#8217;n\u0131n i\u015fgalinde bulunan, T\u00fcrkiye-Suriye s\u0131n\u0131r\u0131 yak\u0131n\u0131ndaki Tel R\u0131fat, Halep&#8217;in merkezinden 35 kilometre uzakl\u0131kta.<\/p>\n<p><strong>Zeytin Dal\u0131 Harekat\u0131&#8217;n\u0131n yeni hedefi Tel R\u0131fat<\/strong><\/p>\n<p><strong>Zeytin Dal\u0131 Harekat\u0131, Tel R\u0131fat\u2019la hedefine ula\u015facak<\/strong><\/p>\n<p><strong>Cumhurba\u015fkan\u0131 Erdo\u011fan&#8217;dan Tel R\u0131fat mesaj\u0131<\/strong><\/p>\n<p><strong>\u00d6zg\u00fcr Suriye Ordusu, Tel R\u0131fat i\u00e7in haz\u0131r<\/strong><\/p>\n<p><strong>Tel R\u0131fatl\u0131lar Afrin&#8217;in ard\u0131ndan kendi topraklar\u0131n\u0131n da kurtar\u0131lmas\u0131n\u0131 istiyor<\/strong><\/p>\n<p>Tel R\u0131fat&#8217;ta Suriye rejiminin en son 2004&#8217;te yapt\u0131\u011f\u0131 n\u00fcfus say\u0131m\u0131na g\u00f6re \u015fehirde 20 bin 514 ki\u015fi ya\u015farken, Zeytin Dal\u0131 Harekat\u0131 \u00f6ncesinde bu say\u0131n\u0131n sava\u015f alan\u0131ndan ka\u00e7anlarla 40 bini buldu\u011fu tahmin ediliyor.<\/p>\n<p>Birle\u015fmi\u015f Milletler \u0130nsani Yard\u0131m Koordinasyon Dairesi&#8217;nin, Zeytin Dal\u0131 Harekat\u0131&#8217;n\u0131n ard\u0131ndan Afrin b\u00f6lgesinden 75 bin ki\u015finin Tel R\u0131fat b\u00f6lgesine g\u00f6\u00e7 etti\u011fi verisi de dikkate al\u0131nd\u0131\u011f\u0131nda, halihaz\u0131rda Tel R\u0131fat \u015fehir merkezi ve m\u00fccavir alan\u0131nda 90-120 bin ki\u015finin bulundu\u011fu ortaya \u00e7\u0131k\u0131yor. Bu b\u00f6lge n\u00fcfusu, b\u00fcy\u00fck oranda Araplardan olu\u015fuyor.<\/p>\n<p>Suriye&#8217;deki i\u00e7 sava\u015f\u0131n ba\u015flamas\u0131n\u0131n ard\u0131ndan 2012 yaz\u0131nda Suriye rejim g\u00fc\u00e7lerinin \u00e7ekildi\u011fi Tel R\u0131fat \u015fehri, aralar\u0131nda Ceph-el \u015eamiye, Birinci Alay, Fetih Tugay\u0131, Sukur el-Cebel, Festakim gibi gruplar\u0131n oldu\u011fu \u00d6zg\u00fcr Suriye Ordusu (\u00d6SO) g\u00fc\u00e7lerinin olu\u015fturdu\u011fu bir y\u00f6netim taraf\u0131ndan idare edildi.<\/p>\n<p>Kas\u0131m 2013 ile Ocak 2014 aras\u0131nda k\u0131sa bir s\u00fcre ter\u00f6r \u00f6rg\u00fct\u00fc DEA\u015e&#8217;\u0131n i\u015fgaline u\u011frayan \u015fehir, ard\u0131ndan tekrar \u00d6SO&#8217;nun kontrol\u00fcne girdi.<\/p>\n<p><strong>Ter\u00f6r \u00f6rg\u00fct\u00fc 2016&#8217;da i\u015fgal etti<\/strong><\/p>\n<p>Suriye rejimi ve Rusya&#8217;n\u0131n Halep&#8217;i ku\u015fatmas\u0131 s\u0131ras\u0131nda yo\u011fun bombard\u0131man\u0131na maruz kalan Tel R\u0131fat, \u015eubat 2016&#8217;da ter\u00f6r \u00f6rg\u00fct\u00fc YPG\/PKK taraf\u0131ndan i\u015fgal edildi.<\/p>\n<p>Bu i\u015fgalin ard\u0131ndan b\u00f6lgede ya\u015fayan halk\u0131n bir k\u0131sm\u0131 Azez&#8217;deki kamplara g\u00f6\u00e7 etmek zorunda kal\u0131rken, ter\u00f6r \u00f6rg\u00fct\u00fc YPG\/PKK taraf\u0131ndan \u015fehrin y\u00f6netilmesi amac\u0131yla s\u00f6zde &#8220;Afrin Kantonu&#8221;na ba\u011fl\u0131 yerel konseyler kuruldu.<\/p>\n<p>Tel R\u0131fat ve \u015fehirden ge\u00e7en g\u00fczergah, Suriye rejim g\u00fc\u00e7lerinin Halep&#8217;i ele ge\u00e7irmesi ve F\u0131rat Kalkan\u0131 Harekat\u0131&#8217;n\u0131n ba\u015flamas\u0131ndan \u00f6nce Halep-T\u00fcrkiye ba\u011flant\u0131s\u0131n\u0131 sa\u011flamas\u0131 dolay\u0131s\u0131yla, \u00d6SO a\u00e7\u0131s\u0131ndan stratejik \u00f6neme sahip oldu.<\/p>\n<p>\u015eehir bu do\u011frultuda, Suriye rejiminin ba\u015flatt\u0131\u011f\u0131 Halep ku\u015fatmas\u0131 s\u0131ras\u0131nda Rusya taraf\u0131ndan do\u011frudan hedef al\u0131narak, b\u00f6lgede i\u015fgalini s\u00fcrd\u00fcrecek ter\u00f6r \u00f6rg\u00fct\u00fcne alan a\u00e7\u0131lmas\u0131 sa\u011fland\u0131. Bu hamleyle, T\u00fcrkiye ve Halep aras\u0131ndaki hatt\u0131n kesilmesi yoluyla ku\u015fatman\u0131n kolayla\u015ft\u0131r\u0131lmas\u0131 hedeflendi.<\/p>\n<p><strong>Halk \u015fehrin ter\u00f6rden ar\u0131nd\u0131r\u0131lmas\u0131n\u0131 istiyor<\/strong><\/p>\n<p>Tel R\u0131fat \u015fehri, ter\u00f6r \u00f6rg\u00fct\u00fc YPG\/PKK&#8217;n\u0131n s\u00f6zde &#8220;K\u00fcrt koridorunu&#8221; olu\u015fturma amac\u0131 kapsam\u0131nda, \u00f6rg\u00fct\u00fcn i\u015fgali alt\u0131ndaki do\u011fu b\u00f6lgeleri ile Zeytin Dal\u0131 Harekat\u0131&#8217;yla temizlenen Afrin aras\u0131ndaki ba\u011flant\u0131y\u0131 sa\u011flamas\u0131 sebebiyle, \u00f6rg\u00fct\u00fcn do\u011frudan hedefi oldu.<\/p>\n<p>Ter\u00f6r \u00f6rg\u00fct\u00fcn\u00fcn, Tel R\u0131fat b\u00f6lgesindeki Ayn Dakka K\u00f6y\u00fc&#8217;nde pusuya d\u00fc\u015f\u00fcrerek \u00f6ld\u00fcrd\u00fc\u011f\u00fc yakla\u015f\u0131k 50 \u00d6SO mensubunun cenazelerini bir t\u0131r dorsesinin arkas\u0131na koyarak Afrin&#8217;de sergilemesi, Tel R\u0131fat&#8217;ta \u00e7o\u011funlu\u011fu olu\u015fturan Araplar\u0131n tepkisini \u00e7ekti. Ayr\u0131ca ter\u00f6r \u00f6rg\u00fct\u00fcn\u00fcn i\u015fgali s\u0131ras\u0131nda \u015fehrin Rus u\u00e7aklar\u0131 taraf\u0131ndan bombalanmas\u0131, \u00e7ok say\u0131da sivilin hayat\u0131n\u0131 kaybetmesine yol a\u00e7t\u0131.<\/p>\n<p>Ter\u00f6r \u00f6rg\u00fct\u00fc YPG\/PKK&#8217;n\u0131n Afrin&#8217;den yay\u0131larak i\u015fgal etti\u011fi Tel R\u0131fat&#8217;ta, \u00f6zellikle Zeytin Dal\u0131 Harekat\u0131&#8217;n\u0131n ba\u015flamas\u0131n\u0131n ard\u0131ndan T\u00fcrk Silahl\u0131 Kuvvetleri (TSK) lehinde, ter\u00f6r \u00f6rg\u00fct\u00fc aleyhinde eylemler d\u00fczenleyen b\u00f6lge halk\u0131, \u015fehrin ter\u00f6rden ar\u0131nd\u0131r\u0131lmas\u0131n\u0131 istiyor.<\/p>\n<p><strong>Minak Hava \u00dcss\u00fc ve Tel R\u0131fat stratejik \u00f6neme sahip<\/strong><\/p>\n<p>Zeytin Dal\u0131 Harekat\u0131 ile b\u00f6lgenin ter\u00f6r unsurlar\u0131ndan temizlenmesi ve g\u00fcvenli bir alana d\u00f6n\u00fc\u015ft\u00fcr\u00fclmesi hedefi do\u011frultusunda ba\u015fta Minak Hava \u00dcss\u00fc ve Tel R\u0131fat olmak \u00fczere, Deyr Cemal ve \u015eeyh \u0130sa&#8217;da kontrol\u00fcn sa\u011flanmas\u0131 b\u00fcy\u00fck \u00f6nem ta\u015f\u0131yor.<\/p>\n<p>Minak Hava \u00dcss\u00fc, YPG\/PKK ter\u00f6r \u00f6rg\u00fct\u00fcne silah ve m\u00fchimmat\u0131n ula\u015ft\u0131r\u0131ld\u0131\u011f\u0131 alan olarak biliniyor. Tel R\u0131fat ve \u00e7evresindeki Deyr Cemal ve \u015eeyh \u0130sa beldeleri ise, ter\u00f6r \u00f6rg\u00fct\u00fcn\u00fcn Suriye&#8217;nin kuzey bat\u0131s\u0131nda M\u00fcnbi\u00e7 haricinde elinde bulundurdu\u011fu son i\u015fgal alan\u0131 olmas\u0131ndan dolay\u0131 kritik \u00f6nem ta\u015f\u0131yor.<\/p>\n<p>Co\u011frafi a\u00e7\u0131dan engelleyici bir unsurun bulunmamas\u0131 ve b\u00f6lge halk\u0131n\u0131n T\u00fcrkiye&#8217;ye d\u00f6n\u00fck olumlu kanaate sahip olmas\u0131n\u0131n, Zeytin Dal\u0131 Harekat\u0131 kapsam\u0131nda b\u00f6lgenin ter\u00f6r \u00f6rg\u00fct\u00fcnden kurtar\u0131lmas\u0131 operasyonlar\u0131n\u0131 kolayla\u015ft\u0131raca\u011f\u0131 belirtiliyor.<\/p>\n<p>Kaynak: AA<\/p>\n","protected":false},"excerpt":{"rendered":"<p>Zeytin Dal\u0131 Harekat\u0131 kapsam\u0131nda b\u00f6lgenin ter\u00f6r unsurlar\u0131ndan temizlenmesi ve g\u00fcvenli bir alana d\u00f6n\u00fc\u015ft\u00fcr\u00fclmesi a\u00e7\u0131s\u0131ndan Tel R\u0131fat b\u00f6lgesi ile Minak Hava \u00dcss\u00fc kritik \u00f6nem ta\u015f\u0131yor.<\/p>\n","protected":false},"author":1000097,"featured_media":3228,"comment_status":"open","ping_status":"closed","sticky":false,"template":"","format":"standard","meta":[],"categories":[85],"tags":[],"_links":{"self":[{"href":"https:\/\/www.vizyon2023.com.tr\/index.php\/wp-json\/wp\/v2\/posts\/3227"}],"collection":[{"href":"https:\/\/www.vizyon2023.com.tr\/index.php\/wp-json\/wp\/v2\/posts"}],"about":[{"href":"https:\/\/www.vizyon2023.com.tr\/index.php\/wp-json\/wp\/v2\/types\/post"}],"author":[{"embeddable":true,"href":"https:\/\/www.vizyon2023.com.tr\/index.php\/wp-json\/wp\/v2\/users\/1000097"}],"replies":[{"embeddable":true,"href":"https:\/\/www.vizyon2023.com.tr\/index.php\/wp-json\/wp\/v2\/comments?post=3227"}],"version-history":[{"count":0,"href":"https:\/\/www.vizyon2023.com.tr\/index.php\/wp-json\/wp\/v2\/posts\/3227\/revisions"}],"wp:featuredmedia":[{"embeddable":true,"href":"https:\/\/www.vizyon2023.com.tr\/index.php\/wp-json\/wp\/v2\/media\/3228"}],"wp:attachment":[{"href":"https:\/\/www.vizyon2023.com.tr\/index.php\/wp-json\/wp\/v2\/media?parent=3227"}],"wp:term":[{"taxonomy":"category","embeddable":true,"href":"https:\/\/www.vizyon2023.com.tr\/index.php\/wp-json\/wp\/v2\/categories?post=3227"},{"taxonomy":"post_tag","embeddable":true,"href":"https:\/\/www.vizyon2023.com.tr\/index.php\/wp-json\/wp\/v2\/tags?post=3227"}],"curies":[{"name":"wp","href":"https:\/\/api.w.org\/{rel}","templated":true}]}}