{"id":3223,"date":"2018-03-29T14:16:23","date_gmt":"2018-03-29T11:16:23","guid":{"rendered":"http:\/\/www.vizyon2023.com.tr\/index.php\/2018\/03\/29\/afrinde-95-mayin-ve-el-yapimi-patlayici-imha-edildi\/"},"modified":"2018-03-29T14:16:23","modified_gmt":"2018-03-29T11:16:23","slug":"afrinde-95-mayin-ve-el-yapimi-patlayici-imha-edildi","status":"publish","type":"post","link":"https:\/\/www.vizyon2023.com.tr\/index.php\/2018\/03\/29\/afrinde-95-mayin-ve-el-yapimi-patlayici-imha-edildi\/","title":{"rendered":"Afrin&#8217;de 95 may\u0131n ve el yap\u0131m\u0131 patlay\u0131c\u0131 imha edildi"},"content":{"rendered":"<p>Mehmet\u00e7ik, Afrin \u015fehir merkezindeki arama-tarama \u00e7al\u0131\u015fmalar\u0131n\u0131 s\u00fcrd\u00fcr\u00fcyor. Askerler b\u00f6lgede ter\u00f6ristler taraf\u0131nda tuzaklanan bomba, may\u0131n ve el yap\u0131m\u0131 patlay\u0131c\u0131lar\u0131 (EYP) tespit ediyor.<\/p>\n<p><strong>Afrin\u2019de may\u0131n temizli\u011fi s\u00fcr\u00fcyor<\/strong><\/p>\n<p><strong>Afrin\u2019de YPG\/PKK\u2019n\u0131n EYP imalathanesi imha edildi<\/strong><\/p>\n<p><strong>Afrin&#8217;deki patlay\u0131c\u0131lar\u0131 &#8220;Leylak&#8221; buluyor, &#8220;MET\u0130&#8221; imha ediyor<\/strong><\/p>\n<p><strong>Cans\u0131z \u00e7ocuk mankenine el yap\u0131m\u0131 patlay\u0131c\u0131 tuzaklad\u0131lar<\/strong><\/p>\n<p><strong>Ter\u00f6ristlerin tuzaklad\u0131\u011f\u0131 8 EYP imha edildi<\/strong><\/p>\n<p>T\u00fcrk Silahl\u0131 Kuvvetleri , Afrin&#8217;in kontrol alt\u0131na al\u0131nd\u0131\u011f\u0131 18 Mart 2018&#8217;den itibaren bug\u00fcne kadar halk\u0131n emniyetle b\u00f6lgeye d\u00f6n\u00fc\u015f\u00fcn\u00fc sa\u011flama faaliyetleri \u00e7er\u00e7evesinde 95 adet may\u0131n\/EYP bularak imha etti\u011fini a\u00e7\u0131klad\u0131.<\/p>\n<p>Afrin&#8217;in kontrol alt\u0131na al\u0131nd\u0131\u011f\u0131 18 Mart 2018&#8217;den itibaren bug\u00fcne kadar halk\u0131n emniyetle b\u00f6lgeye d\u00f6n\u00fc\u015f\u00fcn\u00fc sa\u011flama faaliyetleri \u00e7er\u00e7evesinde 95 adet may\u0131n\/EYP bulunarak imha edilmi\u015ftir. pic.twitter.com\/3wRvNcfFSb<\/p>\n<p>\u2014 TSK (@TSKGnkur) 28 Mart 2018<\/p>\n<p>Kaynak: TRT Haber<\/p>\n","protected":false},"excerpt":{"rendered":"<p>Zeytin Dal\u0131 Harekat\u0131 ile Afrin&#8217;i ter\u00f6ristlerden ar\u0131nd\u0131ran T\u00fcrk Silahl\u0131 Kuvvetleri, \u015fehir merkezinde tuzaklanan 95 adet may\u0131n ve el yap\u0131m\u0131 patlay\u0131c\u0131 imha etti.<\/p>\n","protected":false},"author":1000097,"featured_media":3224,"comment_status":"open","ping_status":"closed","sticky":false,"template":"","format":"standard","meta":[],"categories":[85],"tags":[],"_links":{"self":[{"href":"https:\/\/www.vizyon2023.com.tr\/index.php\/wp-json\/wp\/v2\/posts\/3223"}],"collection":[{"href":"https:\/\/www.vizyon2023.com.tr\/index.php\/wp-json\/wp\/v2\/posts"}],"about":[{"href":"https:\/\/www.vizyon2023.com.tr\/index.php\/wp-json\/wp\/v2\/types\/post"}],"author":[{"embeddable":true,"href":"https:\/\/www.vizyon2023.com.tr\/index.php\/wp-json\/wp\/v2\/users\/1000097"}],"replies":[{"embeddable":true,"href":"https:\/\/www.vizyon2023.com.tr\/index.php\/wp-json\/wp\/v2\/comments?post=3223"}],"version-history":[{"count":0,"href":"https:\/\/www.vizyon2023.com.tr\/index.php\/wp-json\/wp\/v2\/posts\/3223\/revisions"}],"wp:featuredmedia":[{"embeddable":true,"href":"https:\/\/www.vizyon2023.com.tr\/index.php\/wp-json\/wp\/v2\/media\/3224"}],"wp:attachment":[{"href":"https:\/\/www.vizyon2023.com.tr\/index.php\/wp-json\/wp\/v2\/media?parent=3223"}],"wp:term":[{"taxonomy":"category","embeddable":true,"href":"https:\/\/www.vizyon2023.com.tr\/index.php\/wp-json\/wp\/v2\/categories?post=3223"},{"taxonomy":"post_tag","embeddable":true,"href":"https:\/\/www.vizyon2023.com.tr\/index.php\/wp-json\/wp\/v2\/tags?post=3223"}],"curies":[{"name":"wp","href":"https:\/\/api.w.org\/{rel}","templated":true}]}}