{"id":3210,"date":"2018-03-29T11:24:30","date_gmt":"2018-03-29T08:24:30","guid":{"rendered":"http:\/\/www.vizyon2023.com.tr\/index.php\/2018\/03\/29\/disisleri-bakanligi-mustesari-yalcinin-abd-ziyareti\/"},"modified":"2018-03-29T11:24:30","modified_gmt":"2018-03-29T08:24:30","slug":"disisleri-bakanligi-mustesari-yalcinin-abd-ziyareti","status":"publish","type":"post","link":"https:\/\/www.vizyon2023.com.tr\/index.php\/2018\/03\/29\/disisleri-bakanligi-mustesari-yalcinin-abd-ziyareti\/","title":{"rendered":"D\u0131\u015fi\u015fleri Bakanl\u0131\u011f\u0131 M\u00fcste\u015far\u0131 Yal\u00e7\u0131n&#8217;\u0131n ABD ziyareti"},"content":{"rendered":"<p>D\u0131\u015fi\u015fleri Bakanl\u0131\u011f\u0131&#8217;ndan yap\u0131lan a\u00e7\u0131klamaya g\u00f6re, D\u0131\u015fi\u015fleri Bakanl\u0131\u011f\u0131 M\u00fcste\u015far\u0131 \u00dcmit Yal\u00e7\u0131n&#8217;\u0131n ba\u015fkent Washington&#8217;da ABD D\u0131\u015fi\u015fleri Bakan Yard\u0131mc\u0131s\u0131 John J. Sullivan ile yapaca\u011f\u0131 g\u00f6r\u00fc\u015fmelerde, T\u00fcrkiye-ABD ili\u015fkileriyle b\u00f6lgesel ve uluslararas\u0131 konular\u0131n ele al\u0131nmas\u0131 \u00f6ng\u00f6r\u00fcl\u00fcyor.<\/p>\n<p>G\u00f6r\u00fc\u015fmelerde ayr\u0131ca 8-9 Mart&#8217;ta Washington&#8217;da d\u00fczenlenen \u00e7al\u0131\u015fma grubu toplant\u0131lar\u0131n\u0131n sonu\u00e7lar\u0131n\u0131n de\u011ferlendirilmesi bekleniyor.<\/p>\n<p><strong>Toplant\u0131 ertelenmi\u015fti<\/strong><\/p>\n<p>D\u0131\u015fi\u015fleri Bakan\u0131 Mevl\u00fct \u00c7avu\u015fo\u011flu ile ABD D\u0131\u015fi\u015fleri Bakan\u0131 Rex Tillerson&#8217;\u0131n 19 Mart&#8217;ta yapaca\u011f\u0131 g\u00f6r\u00fc\u015fme, Tillerson&#8217;\u0131n g\u00f6revden al\u0131nmas\u0131ndan dolay\u0131 ertelenmi\u015fti. G\u00f6r\u00fc\u015fmede \u00f6zellikle M\u00fcnbi\u00e7 konusu ele al\u0131nacakt\u0131.<\/p>\n<p>ABD askerinin M\u00fcnbi\u00e7&#8217;ten \u00e7ekilmemesiABD ile T\u00fcrkiye aras\u0131nda gerilime neden olmu\u015ftu.<\/p>\n<p><strong>ABD&#8217;nin yeni korkusu: Olas\u0131 M\u00fcnbi\u00e7 Harekat\u0131<\/strong><\/p>\n<p><strong>Bakan \u00c7avu\u015fo\u011flu: YPG \u00e7ekilecek, ABD ve T\u00fcrk askerleri olacak<\/strong><\/p>\n<p><strong>ABD D\u0131\u015fi\u015fleri Bakanl\u0131\u011f\u0131&#8217;ndan &#8220;M\u00fcnbi\u00e7&#8221; a\u00e7\u0131klamas\u0131<\/strong><\/p>\n<p><strong>D\u0131\u015fi\u015fleri Bakan\u0131 \u00c7avu\u015fo\u011flu: 19 Mart&#8217;taki toplant\u0131 ertelenebilir<\/strong><\/p>\n<p><strong>T\u00fcrkiye ile ABD&#8217;nin yapaca\u011f\u0131 M\u00fcnbi\u00e7 toplant\u0131s\u0131 ertelendi<\/strong><\/p>\n<p>Kaynak: AA<\/p>\n","protected":false},"excerpt":{"rendered":"<p>D\u0131\u015fi\u015fleri Bakanl\u0131\u011f\u0131 M\u00fcste\u015far\u0131 \u00dcmit Yal\u00e7\u0131n 30 Mart&#8217;ta ABD&#8217;ye gidecek. Yal\u00e7\u0131n, ABD D\u0131\u015fi\u015fleri Bakan Yard\u0131mc\u0131s\u0131 John J. Sullivan ile g\u00f6r\u00fc\u015fecek.<\/p>\n","protected":false},"author":1000097,"featured_media":3211,"comment_status":"open","ping_status":"closed","sticky":false,"template":"","format":"standard","meta":[],"categories":[58],"tags":[],"_links":{"self":[{"href":"https:\/\/www.vizyon2023.com.tr\/index.php\/wp-json\/wp\/v2\/posts\/3210"}],"collection":[{"href":"https:\/\/www.vizyon2023.com.tr\/index.php\/wp-json\/wp\/v2\/posts"}],"about":[{"href":"https:\/\/www.vizyon2023.com.tr\/index.php\/wp-json\/wp\/v2\/types\/post"}],"author":[{"embeddable":true,"href":"https:\/\/www.vizyon2023.com.tr\/index.php\/wp-json\/wp\/v2\/users\/1000097"}],"replies":[{"embeddable":true,"href":"https:\/\/www.vizyon2023.com.tr\/index.php\/wp-json\/wp\/v2\/comments?post=3210"}],"version-history":[{"count":0,"href":"https:\/\/www.vizyon2023.com.tr\/index.php\/wp-json\/wp\/v2\/posts\/3210\/revisions"}],"wp:featuredmedia":[{"embeddable":true,"href":"https:\/\/www.vizyon2023.com.tr\/index.php\/wp-json\/wp\/v2\/media\/3211"}],"wp:attachment":[{"href":"https:\/\/www.vizyon2023.com.tr\/index.php\/wp-json\/wp\/v2\/media?parent=3210"}],"wp:term":[{"taxonomy":"category","embeddable":true,"href":"https:\/\/www.vizyon2023.com.tr\/index.php\/wp-json\/wp\/v2\/categories?post=3210"},{"taxonomy":"post_tag","embeddable":true,"href":"https:\/\/www.vizyon2023.com.tr\/index.php\/wp-json\/wp\/v2\/tags?post=3210"}],"curies":[{"name":"wp","href":"https:\/\/api.w.org\/{rel}","templated":true}]}}