{"id":3204,"date":"2018-03-29T11:20:19","date_gmt":"2018-03-29T08:20:19","guid":{"rendered":"http:\/\/www.vizyon2023.com.tr\/index.php\/2018\/03\/29\/cumhurbaskani-erdogan-vergi-kanununu-onayladi\/"},"modified":"2018-03-29T11:20:19","modified_gmt":"2018-03-29T08:20:19","slug":"cumhurbaskani-erdogan-vergi-kanununu-onayladi","status":"publish","type":"post","link":"https:\/\/www.vizyon2023.com.tr\/index.php\/2018\/03\/29\/cumhurbaskani-erdogan-vergi-kanununu-onayladi\/","title":{"rendered":"Cumhurba\u015fkan\u0131 Erdo\u011fan &#8220;Vergi Kanunu&#8221;nu onaylad\u0131"},"content":{"rendered":"<p>Cumhurba\u015fkanl\u0131\u011f\u0131 Bas\u0131n Merkezinden yap\u0131lan a\u00e7\u0131klamaya g\u00f6re, Erdo\u011fan, Anayasan\u0131n 89&#8217;uncu maddesinin birinci f\u0131kras\u0131 ile 104&#8217;\u00fcnc\u00fc maddesinin ikinci f\u0131kras\u0131n\u0131n a bendi uyar\u0131nca 7103 say\u0131l\u0131 &#8220;Vergi Kanunlar\u0131 ile Baz\u0131 Kanun ve Kanun H\u00fckm\u00fcnde Kararnamelerde De\u011fi\u015fiklik Yap\u0131lmas\u0131 Hakk\u0131nda Kanun&#8221;u onaylayarak, yay\u0131mlanmak \u00fczere Ba\u015fbakanl\u0131\u011fa g\u00f6nderdi.<\/p>\n<p>Kanuna g\u00f6re, eski bakanlara ve milletvekillerine g\u00f6revde iken verilen diplomatik pasaportlar\u0131n ge\u00e7erlili\u011fi, g\u00f6revlerin sona ermesi halinde de devam ettirilecek. \u0130\u015fverenlerce okul \u00f6ncesi \u00e7a\u011f\u0131ndaki \u00e7ocuklar i\u00e7in verilen kre\u015f ve g\u00fcnd\u00fcz bak\u0131mevi hizmeti vergi d\u0131\u015f\u0131 b\u0131rak\u0131lacak.<\/p>\n<p>Konutlar\u0131n \u00e7at\u0131 veya cephelerinin yenilenebilir enerji kaynaklar\u0131na dayal\u0131 elektrik enerjisi \u00fcretimi ama\u00e7l\u0131 kullan\u0131lmas\u0131 te\u015fvik edilecek. Elektrik motorlu otomobil, kapt\u0131ka\u00e7t\u0131, arazi ta\u015f\u0131t\u0131 ve benzeri ta\u015f\u0131tlar ile elektrik motorlu motosikletler Motorlu Ta\u015f\u0131tlar Vergisi Kanunu kapsam\u0131na al\u0131n\u0131yor. Bu ara\u00e7lar, ilgili kanunun tarifesindeki muadil ara\u00e7lar\u0131n vergi tutar\u0131n\u0131n y\u00fczde 25&#8217;i oran\u0131nda vergilendirilecek.<\/p>\n<p><strong>Ni\u015fasta k\u00f6kenli \u015feker kotas\u0131 d\u00fc\u015f\u00fcr\u00fcld\u00fc<\/strong><\/p>\n<p>Ni\u015fasta k\u00f6kenli \u015fekerler i\u00e7in belirlenecek toplam kota, \u00fclke toplam kotas\u0131n\u0131n y\u00fczde 5&#8217;ini ge\u00e7emeyecek. Mevcut d\u00fczenlemede bu oran y\u00fczde 10 idi.<\/p>\n<p>T\u00fcrk sporu ve amat\u00f6r spor kul\u00fcpleri destekleniyor. Sporculara \u00f6denen \u00fccretlerden kesilen gelir vergisi tutarlar\u0131, \u00f6demeyi yapan kul\u00fcp ve \u015firketlere iade edilecek, bu tutarlar amat\u00f6r sporcular\u0131n \u00fccretlerinde kullan\u0131lacak.<\/p>\n<p><strong>Altyap\u0131 yat\u0131r\u0131mlar\u0131 KDV&#8217;den istisna tutulacak<\/strong><\/p>\n<p>Organize sanayi b\u00f6lgeleri ve k\u00fc\u00e7\u00fck sanayi sitelerince yap\u0131lan su, kanalizasyon, ar\u0131tma, do\u011falgaz, elektrik ve yol yap\u0131m\u0131 gibi altyap\u0131 yat\u0131r\u0131mlar\u0131 KDV&#8217;den istisna tutulacak.<\/p>\n<p>K\u00f6m\u00fcr ve linyit madenlerinin yer alt\u0131 i\u015flerinde 2003 ila 2014 tarihlerinde meydana gelen i\u015f kazas\u0131 sonucunda \u00f6len sigortal\u0131n\u0131n e\u015f ve \u00e7ocuklar\u0131ndan biri, e\u015fi ve \u00e7ocu\u011fu yoksa karde\u015flerinden biri olmak \u00fczere bir ki\u015fi kamu kurum ve kurulu\u015flar\u0131nda istihdam edilecek.<\/p>\n<p>Uzun d\u00f6nemli kontrata ba\u011f\u0131ml\u0131 olmayan, anl\u0131k boru gaz\u0131 ithalat\u0131 ve s\u0131k\u0131\u015ft\u0131r\u0131lm\u0131\u015f do\u011falgaz ithalat\u0131 yap\u0131labilecek.<\/p>\n<p>Hazineye ait ta\u015f\u0131nmazlar, tar\u0131m sat\u0131\u015f kooperatifleri ve tar\u0131msal \u00fcretici birliklerine 20 y\u0131l s\u00fcreyle kiralanabilecek.<\/p>\n<p>16 ya\u015f ve \u00fczerinde hurdaya ayr\u0131lan ara\u00e7 i\u00e7in 10 bin liraya kadar \u00d6TV te\u015fviki getiriliyor.<\/p>\n<p>\u0130\u00e7erik veya yer sa\u011flay\u0131c\u0131s\u0131 yurt d\u0131\u015f\u0131nda bulunan kurulu\u015flar\u0131n, internet ortam\u0131ndaki yay\u0131nlar\u0131na devam edebilmeleri i\u00e7in T\u00fcrkiye&#8217;nin yarg\u0131 yetkisi alt\u0131ndaki di\u011fer kurulu\u015flar gibi RT\u00dcK&#8217;ten yay\u0131n lisans\u0131, bu kapsamdaki platform i\u015fletmecilerinin de yay\u0131n iletim yetkisi almas\u0131 zorunlu olacak.<\/p>\n<p>\u00c7eyiz hesab\u0131nda devlet katk\u0131s\u0131 oran\u0131 y\u00fczde 20&#8217;den y\u00fczde 25&#8217;e, azami katk\u0131 da 5 bin liradan 7 bin 500 liraya \u00e7\u0131kar\u0131lacak.<\/p>\n<p>Kaynak: AA<\/p>\n","protected":false},"excerpt":{"rendered":"<p>Cumhurba\u015fkan\u0131 Erdo\u011fan, 7103 say\u0131l\u0131 &#8220;Vergi Kanunlar\u0131 ile Baz\u0131 Kanun ve Kanun H\u00fckm\u00fcnde Kararnamelerde De\u011fi\u015fiklik Yap\u0131lmas\u0131 Hakk\u0131nda Kanun&#8221;u onaylad\u0131.<\/p>\n","protected":false},"author":1000097,"featured_media":3205,"comment_status":"open","ping_status":"closed","sticky":false,"template":"","format":"standard","meta":[],"categories":[85],"tags":[],"_links":{"self":[{"href":"https:\/\/www.vizyon2023.com.tr\/index.php\/wp-json\/wp\/v2\/posts\/3204"}],"collection":[{"href":"https:\/\/www.vizyon2023.com.tr\/index.php\/wp-json\/wp\/v2\/posts"}],"about":[{"href":"https:\/\/www.vizyon2023.com.tr\/index.php\/wp-json\/wp\/v2\/types\/post"}],"author":[{"embeddable":true,"href":"https:\/\/www.vizyon2023.com.tr\/index.php\/wp-json\/wp\/v2\/users\/1000097"}],"replies":[{"embeddable":true,"href":"https:\/\/www.vizyon2023.com.tr\/index.php\/wp-json\/wp\/v2\/comments?post=3204"}],"version-history":[{"count":0,"href":"https:\/\/www.vizyon2023.com.tr\/index.php\/wp-json\/wp\/v2\/posts\/3204\/revisions"}],"wp:featuredmedia":[{"embeddable":true,"href":"https:\/\/www.vizyon2023.com.tr\/index.php\/wp-json\/wp\/v2\/media\/3205"}],"wp:attachment":[{"href":"https:\/\/www.vizyon2023.com.tr\/index.php\/wp-json\/wp\/v2\/media?parent=3204"}],"wp:term":[{"taxonomy":"category","embeddable":true,"href":"https:\/\/www.vizyon2023.com.tr\/index.php\/wp-json\/wp\/v2\/categories?post=3204"},{"taxonomy":"post_tag","embeddable":true,"href":"https:\/\/www.vizyon2023.com.tr\/index.php\/wp-json\/wp\/v2\/tags?post=3204"}],"curies":[{"name":"wp","href":"https:\/\/api.w.org\/{rel}","templated":true}]}}