{"id":3200,"date":"2018-03-29T11:18:56","date_gmt":"2018-03-29T08:18:56","guid":{"rendered":"http:\/\/www.vizyon2023.com.tr\/index.php\/2018\/03\/29\/mehmetcik-afrine-yardim-elini-uzatmaya-devam-ediyor\/"},"modified":"2018-03-29T11:18:56","modified_gmt":"2018-03-29T08:18:56","slug":"mehmetcik-afrine-yardim-elini-uzatmaya-devam-ediyor","status":"publish","type":"post","link":"https:\/\/www.vizyon2023.com.tr\/index.php\/2018\/03\/29\/mehmetcik-afrine-yardim-elini-uzatmaya-devam-ediyor\/","title":{"rendered":"Mehmet\u00e7ik Afrin&#8217;e yard\u0131m elini uzatmaya devam ediyor"},"content":{"rendered":"<p>Mehmet\u00e7ik \u00f6nce Afrin&#8217;i YPG\/PKK&#8217;dan temizleyerek halk\u0131 ter\u00f6ristlerin zulm\u00fcnden kurtard\u0131 \u015fimdi de sivillerin yaralar\u0131n\u0131 sar\u0131yor.<\/p>\n<p><strong>TSK&#8217;dan Afrin&#8217;in k\u00f6ylerine insani yard\u0131m<\/strong><\/p>\n<p><strong>Afrin halk\u0131 T\u00fcrkiye&#8217;ye minnettar<\/strong><\/p>\n<p><strong>Tel R\u0131fatl\u0131lar ter\u00f6ristlere kar\u015f\u0131 T\u00fcrkiye&#8217;den yard\u0131m istedi<\/strong><\/p>\n<p><strong>Ter\u00f6rden temizlenen Afrin\u2019de \u00e7ocuklar ders ba\u015f\u0131 yapt\u0131<\/strong><\/p>\n<p><strong>Afrin sokaklar\u0131nda hayat canlan\u0131yor<\/strong><\/p>\n<p><strong>Mehmet\u00e7ik ter\u00f6r\u00fcn yak\u0131p y\u0131kt\u0131\u011f\u0131 Afrin&#8217;e kol kanat geriyor<\/strong><\/p>\n<p><strong>Ter\u00f6rden ar\u0131nd\u0131r\u0131lan b\u00f6lgelere insani yard\u0131m s\u00fcr\u00fcyor<\/strong><\/p>\n<p>Ter\u00f6r \u00f6rg\u00fct\u00fc YPG\/PKK&#8217;dan temizlenen kentte siviller rahat bir nefes ald\u0131.<\/p>\n<p>T\u00fcrkiye&#8217;nin yard\u0131m kurulu\u015flar\u0131 AFAD ve T\u00fcrk K\u0131z\u0131lay\u0131 da b\u00f6lgede. \u0130nsani yard\u0131m faaliyetleri devam ediyor.<\/p>\n<p>Mehmet\u00e7ik Mollahalil, Bafler, Heygece ve Mervane k\u00f6ylerine bug\u00fcn de AFAD&#8217;\u0131n deste\u011fi ile insani yard\u0131m yapt\u0131.<\/p>\n<p>Yard\u0131m kolilileri, ter\u00f6r ma\u011fduru sivillere da\u011f\u0131t\u0131ld\u0131.<\/p>\n<p>TSK Twitter hesab\u0131ndan bug\u00fcnk\u00fc yard\u0131mdan foto\u011fraflar\u0131 payla\u015ft\u0131<\/p>\n<p>Afrin\u2019de insani yard\u0131m faaliyetleri devam ediyor. Mollahalil, Bafler, Heygece ve Mervane k\u00f6ylerine bug\u00fcn de AFAD&#8217;\u0131n deste\u011fi ile insani yard\u0131m yap\u0131lm\u0131\u015ft\u0131r. pic.twitter.com\/0GxOAPggJP<\/p>\n<p>\u2014 TSK (@TSKGnkur) 28 Mart 2018<\/p>\n<p>Kaynak: TRT Haber<\/p>\n","protected":false},"excerpt":{"rendered":"<p>Afrin&#8217;de ter\u00f6r ma\u011fduru siviller art\u0131k \u00f6zg\u00fcr. TSK&#8217;n\u0131n Afrin&#8217;de yard\u0131m faaliyetleri s\u00fcr\u00fcyor. Halk\u0131n t\u00fcm ihtiya\u00e7lar\u0131 kar\u015f\u0131lan\u0131yor.<\/p>\n","protected":false},"author":1000097,"featured_media":3201,"comment_status":"open","ping_status":"closed","sticky":false,"template":"","format":"standard","meta":[],"categories":[61],"tags":[],"_links":{"self":[{"href":"https:\/\/www.vizyon2023.com.tr\/index.php\/wp-json\/wp\/v2\/posts\/3200"}],"collection":[{"href":"https:\/\/www.vizyon2023.com.tr\/index.php\/wp-json\/wp\/v2\/posts"}],"about":[{"href":"https:\/\/www.vizyon2023.com.tr\/index.php\/wp-json\/wp\/v2\/types\/post"}],"author":[{"embeddable":true,"href":"https:\/\/www.vizyon2023.com.tr\/index.php\/wp-json\/wp\/v2\/users\/1000097"}],"replies":[{"embeddable":true,"href":"https:\/\/www.vizyon2023.com.tr\/index.php\/wp-json\/wp\/v2\/comments?post=3200"}],"version-history":[{"count":0,"href":"https:\/\/www.vizyon2023.com.tr\/index.php\/wp-json\/wp\/v2\/posts\/3200\/revisions"}],"wp:featuredmedia":[{"embeddable":true,"href":"https:\/\/www.vizyon2023.com.tr\/index.php\/wp-json\/wp\/v2\/media\/3201"}],"wp:attachment":[{"href":"https:\/\/www.vizyon2023.com.tr\/index.php\/wp-json\/wp\/v2\/media?parent=3200"}],"wp:term":[{"taxonomy":"category","embeddable":true,"href":"https:\/\/www.vizyon2023.com.tr\/index.php\/wp-json\/wp\/v2\/categories?post=3200"},{"taxonomy":"post_tag","embeddable":true,"href":"https:\/\/www.vizyon2023.com.tr\/index.php\/wp-json\/wp\/v2\/tags?post=3200"}],"curies":[{"name":"wp","href":"https:\/\/api.w.org\/{rel}","templated":true}]}}