{"id":3188,"date":"2018-03-29T11:14:52","date_gmt":"2018-03-29T08:14:52","guid":{"rendered":"http:\/\/www.vizyon2023.com.tr\/index.php\/2018\/03\/29\/cumhurbaskani-erdogandan-kutlama-mesaji\/"},"modified":"2018-03-29T11:14:52","modified_gmt":"2018-03-29T08:14:52","slug":"cumhurbaskani-erdogandan-kutlama-mesaji","status":"publish","type":"post","link":"https:\/\/www.vizyon2023.com.tr\/index.php\/2018\/03\/29\/cumhurbaskani-erdogandan-kutlama-mesaji\/","title":{"rendered":"Cumhurba\u015fkan\u0131 Erdo\u011fan&#8217;dan kutlama mesaj\u0131"},"content":{"rendered":"<p>Cumhurba\u015fkan\u0131 Erdo\u011fan, &#8220;De\u011ferli tiyatro sanat\u00e7\u0131lar\u0131m\u0131z\u0131n, tiyatro \u00e7al\u0131\u015fanlar\u0131n\u0131n ve sanatseverlerin 27 Mart D\u00fcnya Tiyatro G\u00fcn\u00fc&#8217;n\u00fc kutluyor, t\u00fcm vatanda\u015flar\u0131m\u0131 en kalbi duygular\u0131mla selaml\u0131yorum.&#8221; ifadesini kulland\u0131.<\/p>\n<p>Cumhurba\u015fkan\u0131 Erdo\u011fan sosyal payla\u015f\u0131m sitesi Twitter&#8217;dan27 Mart D\u00fcnya Tiyatrolar G\u00fcn\u00fc dolay\u0131s\u0131yla payla\u015f\u0131mda bulundu.<\/p>\n<p>De\u011ferli tiyatro sanat\u00e7\u0131lar\u0131m\u0131z\u0131n, tiyatro \u00e7al\u0131\u015fanlar\u0131n\u0131n ve sanatseverlerin 27 Mart D\u00fcnya Tiyatro G\u00fcn\u00fc\u2019n\u00fc kutluyorum. pic.twitter.com\/1j9ETCUBhf<\/p>\n<p>\u2014 Recep Tayyip Erdo\u011fan (@RT_Erdogan) 27 Mart 2018<\/p>\n<p><strong>Cumhurba\u015fkan\u0131 Erdo\u011fan&#8217;dan D\u00fcnya Tiyatro G\u00fcn\u00fc mesaj\u0131<\/strong><\/p>\n<p>Cumhurba\u015fkan\u0131 Recep Tayyip Erdo\u011fan, 27 Mart D\u00fcnya Tiyatro G\u00fcn\u00fc mesaj\u0131nda, &#8220;evrensel de\u011ferleri savunan, milletin k\u00fclt\u00fcrel geli\u015fimine ve e\u011fitimine son derece olumlu katk\u0131lar sa\u011flayan, sevgiyi, sayg\u0131y\u0131, iyiyi ve do\u011fruyu temel alan her t\u00fcrl\u00fc sanat anlay\u0131\u015f\u0131n\u0131n, T\u00fcrkiye&#8217;nin geli\u015fmesinde ve ilerlemesinde \u00f6nemli rol oynad\u0131\u011f\u0131n\u0131&#8221; belirtti. Cumhurba\u015fkan\u0131 Erdo\u011fan, &#8220;kendine \u00f6zg\u00fc ara\u00e7lar\u0131 ve ifade bi\u00e7imleriyle, insani ve vicdani y\u00f6nleri ortaya koyan, etki g\u00fcc\u00fcyle toplumlar\u0131n k\u00fclt\u00fcrel yap\u0131s\u0131n\u0131 ve ahlaki birikimlerini sa\u011flamla\u015ft\u0131ran sanat dallar\u0131ndan biri olan tiyatronun, toplumsal ya\u015famda etkinli\u011fini her ge\u00e7en g\u00fcn art\u0131rarak s\u00fcrd\u00fcrd\u00fc\u011f\u00fcn\u00fc&#8221; vurgulad\u0131.<\/p>\n<p><strong>&#8220;Toplum i\u00e7in etkili bir e\u011fitim arac\u0131&#8221;<\/strong><\/p>\n<p>Erdo\u011fan, &#8220;ya\u015fama ayna tutan, insan\u0131 insana anlatan, sorgulay\u0131c\u0131 ve ele\u015ftirel bak\u0131\u015f a\u00e7\u0131s\u0131yla olaylar\u0131n anla\u015f\u0131lmas\u0131na vesile olan tiyatronun, meddah, kukla ve g\u00f6lge oyunu gibi t\u00fcrleriyle T\u00fcrkiye&#8217;de gelenekselle\u015fti\u011fini, her zaman geni\u015f bir seyirci kitlesine hitap ederek \u00e7ocuklar ve gen\u00e7ler ba\u015fta olmak \u00fczere t\u00fcm toplum i\u00e7in etkili bir e\u011fitim arac\u0131 oldu\u011funu&#8221; ifade etti.<\/p>\n<p>T\u00fcm sanat dallar\u0131nda oldu\u011fu gibi tiyatroda da &#8220;kaliteli ve se\u00e7kin eserlerin izleyiciyle bulu\u015fturulmas\u0131n\u0131n, evrensel de\u011ferlerin benimsenmesinde, milli k\u00fclt\u00fcr\u00fcn zenginle\u015ferek ya\u015fat\u0131lmas\u0131nda, geli\u015ftirilmesinde ve gelece\u011fe ta\u015f\u0131nmas\u0131nda b\u00fcy\u00fck \u00f6nem ta\u015f\u0131d\u0131\u011f\u0131n\u0131n&#8221; alt\u0131n\u0131 \u00e7izen Erdo\u011fan, \u015funlar\u0131 kaydetti:<\/p>\n<p>&#8220;Sevgi, sayg\u0131, ho\u015fg\u00f6r\u00fc ve bar\u0131\u015f ortam\u0131n\u0131n vazge\u00e7ilmez ko\u015fulu olan sanat, sanat\u00e7\u0131lar\u0131m\u0131z\u0131n fedakar ve duyarl\u0131 \u00e7al\u0131\u015fmalar\u0131yla y\u00fckselecek, \u00fclkemizi k\u00fclt\u00fcr ve sanat alan\u0131nda da muas\u0131r medeniyetler seviyesinin \u00fczerine ta\u015f\u0131yacakt\u0131r. Bu b\u00fcy\u00fck sorumlulu\u011fu \u00fcstlenen, kendileriyle ve k\u00fclt\u00fcrleriyle bar\u0131\u015f\u0131k de\u011ferli sanat\u00e7\u0131lar\u0131m\u0131za vatanda\u015flar\u0131m ad\u0131na te\u015fekk\u00fcr ediyor, sanat\u00e7\u0131 ve sanatsever vatanda\u015flar\u0131m\u0131z\u0131n da deste\u011fiyle bu alandaki zenginliklerimize her zaman sahip \u00e7\u0131kaca\u011f\u0131m\u0131z\u0131 bir kez daha vurgulamak istiyorum. De\u011ferli tiyatro sanat\u00e7\u0131lar\u0131m\u0131z\u0131n, tiyatro \u00e7al\u0131\u015fanlar\u0131n\u0131n ve sanatseverlerin D\u00fcnya Tiyatro G\u00fcn\u00fc&#8217;n\u00fc kutluyor, t\u00fcm vatanda\u015flar\u0131m\u0131 en kalbi duygular\u0131mla selaml\u0131yorum.&#8221;<\/p>\n<p>Kaynak: TRT Haber<\/p>\n","protected":false},"excerpt":{"rendered":"<p>Cumhurba\u015fkan\u0131 Recep Tayyip Erdo\u011fan, tiyatro sanat\u00e7\u0131lar\u0131n\u0131n, \u00e7al\u0131\u015fanlar\u0131n\u0131n ve sanatseverlerin D\u00fcnya Tiyatrolar G\u00fcn\u00fc&#8217;n\u00fc kutlad\u0131.<\/p>\n","protected":false},"author":1000097,"featured_media":3189,"comment_status":"open","ping_status":"closed","sticky":false,"template":"","format":"standard","meta":[],"categories":[58],"tags":[],"_links":{"self":[{"href":"https:\/\/www.vizyon2023.com.tr\/index.php\/wp-json\/wp\/v2\/posts\/3188"}],"collection":[{"href":"https:\/\/www.vizyon2023.com.tr\/index.php\/wp-json\/wp\/v2\/posts"}],"about":[{"href":"https:\/\/www.vizyon2023.com.tr\/index.php\/wp-json\/wp\/v2\/types\/post"}],"author":[{"embeddable":true,"href":"https:\/\/www.vizyon2023.com.tr\/index.php\/wp-json\/wp\/v2\/users\/1000097"}],"replies":[{"embeddable":true,"href":"https:\/\/www.vizyon2023.com.tr\/index.php\/wp-json\/wp\/v2\/comments?post=3188"}],"version-history":[{"count":0,"href":"https:\/\/www.vizyon2023.com.tr\/index.php\/wp-json\/wp\/v2\/posts\/3188\/revisions"}],"wp:featuredmedia":[{"embeddable":true,"href":"https:\/\/www.vizyon2023.com.tr\/index.php\/wp-json\/wp\/v2\/media\/3189"}],"wp:attachment":[{"href":"https:\/\/www.vizyon2023.com.tr\/index.php\/wp-json\/wp\/v2\/media?parent=3188"}],"wp:term":[{"taxonomy":"category","embeddable":true,"href":"https:\/\/www.vizyon2023.com.tr\/index.php\/wp-json\/wp\/v2\/categories?post=3188"},{"taxonomy":"post_tag","embeddable":true,"href":"https:\/\/www.vizyon2023.com.tr\/index.php\/wp-json\/wp\/v2\/tags?post=3188"}],"curies":[{"name":"wp","href":"https:\/\/api.w.org\/{rel}","templated":true}]}}