{"id":3184,"date":"2018-03-28T11:10:27","date_gmt":"2018-03-28T08:10:27","guid":{"rendered":"http:\/\/www.vizyon2023.com.tr\/index.php\/2018\/03\/28\/emine-erdogan-okuma-yazma-bilmeyen-kimse-kalmayacak\/"},"modified":"2018-03-28T11:10:27","modified_gmt":"2018-03-28T08:10:27","slug":"emine-erdogan-okuma-yazma-bilmeyen-kimse-kalmayacak","status":"publish","type":"post","link":"https:\/\/www.vizyon2023.com.tr\/index.php\/2018\/03\/28\/emine-erdogan-okuma-yazma-bilmeyen-kimse-kalmayacak\/","title":{"rendered":"Emine Erdo\u011fan: Okuma yazma bilmeyen kimse kalmayacak"},"content":{"rendered":"<p>Emine Erdo\u011fan, bundan 15 y\u0131l \u00f6nce k\u0131z \u00e7ocuklar\u0131n\u0131n e\u011fitimi i\u00e7in ba\u015flat\u0131lan &#8220;Haydi K\u0131zlar Okula&#8221; seferberli\u011fini hat\u0131rlatarak, &#8220;Bu seferberlik sadece bir e\u011fitim kampanyas\u0131 de\u011fil, ayn\u0131 zamanda bir sosyal d\u00f6n\u00fc\u015f\u00fcm seferberli\u011fiydi. K\u0131zlar\u0131m\u0131z\u0131 erken ya\u015fta evlilikten, \u00e7ocuk i\u015f\u00e7ili\u011finden koruyacak yegane g\u00fcvenli liman okullard\u0131, e\u011fitim yuvalar\u0131yd\u0131. B\u00f6ylece 350 bin k\u0131z \u00e7ocu\u011fumuza ayd\u0131nl\u0131k bir gelece\u011fin yolunu a\u00e7t\u0131k. Ayn\u0131 \u015fekilde 2008 y\u0131l\u0131nda ismini bizzat koydu\u011fum \u2018Ana k\u0131z okulday\u0131z\u2019 kampanyas\u0131yla e\u011fitim alma imkan\u0131 olmayan kad\u0131nlar\u0131m\u0131z i\u00e7in bir seferberlik ba\u015flatt\u0131k. Bu kampanyan\u0131n sonunda 1 milyon 832 bin kad\u0131n\u0131m\u0131za sertifika verdik&#8221; dedi.<\/p>\n<p>Resmi olarak bug\u00fcn ba\u015flatt\u0131\u011f\u0131m\u0131z okuma-yazma seferberli\u011fiyle in\u015fallah, \u00fclkemizde okuma-yazma bilmeyen kimse kalmayacak, % 100 okur-yazar bir toplum olaca\u011f\u0131z. Okuma-yazma bilmeyen t\u00fcm vatanda\u015flar\u0131m\u0131z\u0131 bu kampanyaya davet ediyorum. pic.twitter.com\/Su9hAUus0s<\/p>\n<p>\u2014 Emine Erdo\u011fan (@EmineErdogan) 5 Mart 2018<\/p>\n<p><strong>&#8220;E\u011fitim alan\u0131nda \u00f6nemli kazan\u0131mlar elde ettik&#8221;<\/strong><\/p>\n<p>Milletin okuma yazma seferberli\u011fi konusunda son derece hassas oldu\u011funu dile getiren Erdo\u011fan, &#8220;Cumhuriyet tarihimiz boyunca yap\u0131lan e\u011fitim kampanyalar\u0131 b\u00fcy\u00fck ilgi g\u00f6rm\u00fc\u015f her biri bizi bir ad\u0131m daha \u00f6teye ta\u015f\u0131m\u0131\u015ft\u0131r. Son 15 y\u0131ll\u0131k d\u00f6nemdeki yo\u011fun \u00e7abalar neticesindeyse e\u011fitim alan\u0131nda \u00f6nemli kazan\u0131mlar elde ettik. 2002 y\u0131l\u0131nda b\u00fct\u00e7ede e\u011fitime ayr\u0131lan pay 11 milyar TL iken 2017\u2019de 122 milyar TL olmu\u015ftur. Zorunlu e\u011fitim 12 y\u0131la \u00e7\u0131kar\u0131lm\u0131\u015ft\u0131r. En sevindirici olanda temel e\u011fitimde k\u0131zlar\u0131n okulla\u015fma oran\u0131yla erkek \u00f6\u011frencilerin okulla\u015fma oran\u0131 aras\u0131nda bir fark kalmam\u0131\u015ft\u0131r. Ortaokulda k\u0131zlar\u0131m\u0131z\u0131n okulla\u015fma oran\u0131 y\u00fczde 99.12 iken, erkek \u00f6\u011frencilerimizin oran\u0131 y\u00fczde 99.33\u2019t\u00fcr. \u00d6zellikle k\u0131z \u00e7ocuklar\u0131n\u0131n okulla\u015fmas\u0131 konusundaki \u00e7a\u011fr\u0131lara duyarl\u0131l\u0131klar\u0131 nedeniyle t\u00fcm milletimize \u015f\u00fckranlar\u0131m\u0131 sunuyorum\u201d ifadelerini kulland\u0131.<\/p>\n<p>\u0130n\u015fallah bundan sonras\u0131, e\u011fitim alan\u0131nda kaliteyi art\u0131rmaya y\u00f6nelik kampanyalar olacakt\u0131r. Art\u0131k \u00fclkemiz, g\u00fcc\u00fcn\u00fc per\u00e7inleyecek yeni hedeflere odaklanmal\u0131, daha y\u00fcksek e\u011fitim standartlar\u0131na talip olmal\u0131. pic.twitter.com\/3PcYbhszgl<\/p>\n<p>\u2014 Emine Erdo\u011fan (@EmineErdogan) 5 Mart 2018<\/p>\n<p><strong>&#8220;Y\u00fczde 100 okuryazar bir toplum olaca\u011f\u0131z&#8221;<\/strong><\/p>\n<p>\u201c\u015eimdi belki de temel e\u011fitimde son seferberlik diyebilece\u011fimiz bir noktaday\u0131z\u201d diyen Erdo\u011fan, \u201c\u00dclkemizde \u00f6rg\u00fcn e\u011fitim \u00e7a\u011f\u0131na ge\u00e7mi\u015f, 14 ya\u015f \u00fczeri n\u00fcfusun y\u00fczde 4\u2019\u00fc okuma yazma maalesef bilmemektedir. Yani yakla\u015f\u0131k 2.5 milyon vatanda\u015f\u0131m\u0131z bindi\u011fi otob\u00fcs\u00fcn, ald\u0131\u011f\u0131 ilac\u0131n ad\u0131n\u0131 okuyamamaktad\u0131r&#8221; dedi.<\/p>\n<p>Erdo\u011fan, &#8220;Resmi olarak bug\u00fcn ba\u015flatt\u0131\u011f\u0131m\u0131z bu seferberlikle in\u015fallah \u00fclkemizde okuma yazma bilmeyen kimse kalmayacak y\u00fczde 100 okuryazar bir toplum olaca\u011f\u0131z. \u015eubat ay\u0131n\u0131n ba\u015f\u0131nda bir toplum g\u00f6n\u00fcll\u00fcs\u00fc olan M\u00fcge Anl\u0131 karde\u015fimizin \u00e7a\u011fr\u0131s\u0131yla program\u0131na Cumhurba\u015fkan\u0131m\u0131zla kat\u0131larak bu g\u00fczel kampanyaya deste\u011fimizi a\u00e7\u0131klam\u0131\u015ft\u0131k. Milli E\u011fitim Bakanl\u0131\u011f\u0131m\u0131z\u0131n h\u0131zl\u0131 \u00e7al\u0131\u015fmalar\u0131 neticesinde bug\u00fcn de kurslar\u0131m\u0131z\u0131 resmi olarak ba\u015flat\u0131yoruz. Bu seferberli\u011fin \u00fclkemiz i\u00e7in hay\u0131rlara vesile olmas\u0131n\u0131 diliyorum&#8221; ifadelerini kulland\u0131.<\/p>\n<p>Okuma yazma bilmeyen t\u00fcm vatanda\u015flar\u0131 kampanyaya davet eden Erdo\u011fan, &#8220;Ama \u00f6zellikle de g\u00fcndelik tela\u015flar i\u00e7inde daha \u00f6nce b\u00f6yle bir imkan\u0131 olmayan evde i\u015fte tarlada fabrikada ter d\u00f6ken emektar kad\u0131nlar\u0131m\u0131z\u0131n bu imkan\u0131 de\u011ferlendirmelerini rica ediyorum. Ya\u015f\u0131n\u0131z ka\u00e7 olursa olsun l\u00fctfen bu f\u0131rsat\u0131 ka\u00e7\u0131rmay\u0131n. Sadece 8 haftal\u0131k bir kurs hayat\u0131n\u0131z\u0131 de\u011fi\u015ftirebilir. \u0130nan\u0131yorum ki bu daha ileri hedefler i\u00e7in bir basamak olacak, bir\u00e7ok karde\u015fimiz ileride ilkokulda denkli\u011finde bir diplomaya da sahip olacaklard\u0131r\u201d dedi.<\/p>\n<p><strong>&#8220;\u00dclkemizde okuma yazma bilmeyen hi\u00e7 kimse kalmayacak&#8221;<\/strong><\/p>\n<p>Erdo\u011fan, konu\u015fmas\u0131na \u015f\u00f6yle devam etti:<\/p>\n<p>\u201cG\u00fczel bir s\u00f6z var, \u2018Okuma ihtiyac\u0131 barut gibidir, bir kere tutu\u015funca art\u0131k onu s\u00f6nd\u00fcremezsiniz.\u2019 \u0130lk emri \u2018oku\u2019 olan bir dinin mensuplar\u0131 olarak da bu \u00e7a\u011fr\u0131n\u0131n cevaps\u0131z kalmayaca\u011f\u0131na g\u00f6n\u00fclden inan\u0131yorum. Bizler yeter ki o fitili yakal\u0131m gerisi karde\u015flerimizin gayretine kalm\u0131\u015f. Kampanyan\u0131n a\u00e7\u0131kland\u0131\u011f\u0131 son bir ayl\u0131k s\u00fcre\u00e7te kurslara ba\u015fvuranlar\u0131n say\u0131s\u0131 270 bini ge\u00e7mi\u015ftir. \u0130nan\u0131yorum ki 2.5 milyon vatanda\u015f\u0131m\u0131z\u0131n t\u00fcm\u00fc s\u00fcre\u00e7 i\u00e7inde bu seferberli\u011fe kap\u0131lacak, \u00fclkemizde okuma yazma bilmeyen hi\u00e7 kimse kalmayacakt\u0131r. Bundan sonras\u0131 e\u011fitim alan\u0131nda kaliteyi artt\u0131rmaya y\u00f6nelik kampanyalar olacakt\u0131r. Art\u0131k \u00fclkemiz g\u00fcc\u00fcn\u00fc per\u00e7inleyecek yeni hedeflere odaklanmal\u0131 daha y\u00fcksek e\u011fitim standartlar\u0131na talip olmal\u0131. Okuma yazman\u0131n \u00f6tesinde nitelikli bir okur yazar toplum olma yolunda h\u0131zla ilerlemeliyiz. \u00c7inli bir ozan\u0131n ifadesiyle, \u2018Bir y\u0131l sonras\u0131n\u0131 d\u00fc\u015f\u00fcn\u00fcyorsan bu\u011fday ek. On y\u0131l sonras\u0131n\u0131 d\u00fc\u015f\u00fcn\u00fcyorsan a\u011fa\u00e7 dik. Y\u00fcz y\u0131l sonras\u0131n\u0131 d\u00fc\u015f\u00fcn\u00fcyorsan insan yeti\u015ftir.\u2019 T\u00fcrkiye gen\u00e7 n\u00fcfusu, tarihi ve k\u00fclt\u00fcrel zenginli\u011fiyle uzun vadeli hedefleri olan bir \u00fclkedir. B\u00f6lgesinde \u00f6nemli misyonlar \u00fcstlendi\u011fi bilgi teknolojilerinin bizi yepyeni bir d\u00fcnyaya \u00e7a\u011f\u0131rd\u0131\u011f\u0131 b\u00f6ylesi bir d\u00f6nemde e\u011fitim alan\u0131nda toplumca \u00e7ok daha nitelikli ad\u0131mlar ataca\u011f\u0131z in\u015fallah.\u201d<\/p>\n<p>Kursiyerlere ba\u015far\u0131lar dileyen Erdo\u011fan, \u201c8 haftan\u0131n sonunda in\u015fallah sertifika sevincini yine birlikte payla\u015facak, bu s\u0131ralar\u0131 yeni kursiyerlerimize devredece\u011fiz\u201d dedi.<\/p>\n<p>Kaynak: \u0130HA<\/p>\n","protected":false},"excerpt":{"rendered":"<p>Cumhurba\u015fkan\u0131 Erdo\u011fan&#8217;\u0131n e\u015fi Emine Erdo\u011fan, Yenimahalle Halk E\u011fitim Merkezi&#8217;ndeki Okuryazarl\u0131k Seferberli\u011fi program\u0131nda konu\u015ftu.<\/p>\n","protected":false},"author":1000097,"featured_media":3185,"comment_status":"open","ping_status":"closed","sticky":false,"template":"","format":"standard","meta":[],"categories":[63],"tags":[],"_links":{"self":[{"href":"https:\/\/www.vizyon2023.com.tr\/index.php\/wp-json\/wp\/v2\/posts\/3184"}],"collection":[{"href":"https:\/\/www.vizyon2023.com.tr\/index.php\/wp-json\/wp\/v2\/posts"}],"about":[{"href":"https:\/\/www.vizyon2023.com.tr\/index.php\/wp-json\/wp\/v2\/types\/post"}],"author":[{"embeddable":true,"href":"https:\/\/www.vizyon2023.com.tr\/index.php\/wp-json\/wp\/v2\/users\/1000097"}],"replies":[{"embeddable":true,"href":"https:\/\/www.vizyon2023.com.tr\/index.php\/wp-json\/wp\/v2\/comments?post=3184"}],"version-history":[{"count":0,"href":"https:\/\/www.vizyon2023.com.tr\/index.php\/wp-json\/wp\/v2\/posts\/3184\/revisions"}],"wp:featuredmedia":[{"embeddable":true,"href":"https:\/\/www.vizyon2023.com.tr\/index.php\/wp-json\/wp\/v2\/media\/3185"}],"wp:attachment":[{"href":"https:\/\/www.vizyon2023.com.tr\/index.php\/wp-json\/wp\/v2\/media?parent=3184"}],"wp:term":[{"taxonomy":"category","embeddable":true,"href":"https:\/\/www.vizyon2023.com.tr\/index.php\/wp-json\/wp\/v2\/categories?post=3184"},{"taxonomy":"post_tag","embeddable":true,"href":"https:\/\/www.vizyon2023.com.tr\/index.php\/wp-json\/wp\/v2\/tags?post=3184"}],"curies":[{"name":"wp","href":"https:\/\/api.w.org\/{rel}","templated":true}]}}