{"id":3180,"date":"2018-03-28T11:09:32","date_gmt":"2018-03-28T08:09:32","guid":{"rendered":"http:\/\/www.vizyon2023.com.tr\/index.php\/2018\/03\/28\/fransada-zorunlu-egitim-3-yasinda-baslayacak\/"},"modified":"2018-03-28T11:09:32","modified_gmt":"2018-03-28T08:09:32","slug":"fransada-zorunlu-egitim-3-yasinda-baslayacak","status":"publish","type":"post","link":"https:\/\/www.vizyon2023.com.tr\/index.php\/2018\/03\/28\/fransada-zorunlu-egitim-3-yasinda-baslayacak\/","title":{"rendered":"Fransa&#8217;da zorunlu e\u011fitim 3 ya\u015f\u0131nda ba\u015flayacak"},"content":{"rendered":"<p>Fransa Cumhurba\u015fkan\u0131 Emmanuel Macron, ba\u015fkent Paris&#8217;te d\u00fczenlenen okul \u00f6ncesi e\u011fitimin ele al\u0131nd\u0131\u011f\u0131 kongrede, e\u011fitim sisteminde getirilecek de\u011fi\u015fiklikler hakk\u0131nda bilgi verdi.<\/p>\n<p><strong>Fransa&#8217;da s\u00fct tozu skandal\u0131<\/strong><\/p>\n<p>Fransa&#8217;da okul \u00f6ncesi e\u011fitimin mecburi hale getirildi\u011fini an\u0131msatan Macron, &#8220;2019 e\u011fitim d\u00f6neminden itibaren, mecburi e\u011fitim ya\u015f\u0131n\u0131 6&#8217;dan 3&#8217;e indirmeye karar verdim&#8221; dedi.<\/p>\n<p>Vatanda\u015fl\u0131k e\u011fitiminin k\u00fc\u00e7\u00fck ya\u015flardan itibaren al\u0131nmas\u0131n\u0131n \u00f6nemine de\u011finen Macron, Fransa de\u011ferlerinin okulda ve okul arac\u0131l\u0131\u011f\u0131yla \u00e7ocuklara \u00f6\u011fretilebilece\u011fini savundu.<\/p>\n<p>Fransa&#8217;da zorunlu e\u011fitim 6 ve 16 ya\u015flar\u0131 aras\u0131nda ge\u00e7erli. \u00c7ocuklara 6 ya\u015f\u0131ndan itibaren e\u011fitim zorunlulu\u011fu 1882&#8217;de getirilmi\u015fti.<\/p>\n<p>Getirilecek mecburi uygulaman\u0131n yakla\u015f\u0131k 25 bin \u00e7ocu\u011fu etkilemesi bekleniyor.<\/p>\n<p>Kaynak: AA<\/p>\n","protected":false},"excerpt":{"rendered":"<p>Fransa Cumhurba\u015fkan\u0131 Emmanuel Macron, 2019&#8217;dan itibaren e\u011fitime ba\u015flama ya\u015f\u0131nda de\u011fi\u015fikli\u011fe gidilece\u011fini ve zorunlu e\u011fitime ba\u015flama ya\u015f\u0131n\u0131n 6&#8217;dan 3&#8217;e indirilece\u011fini a\u00e7\u0131klad\u0131.<\/p>\n","protected":false},"author":1000097,"featured_media":3181,"comment_status":"open","ping_status":"closed","sticky":false,"template":"","format":"standard","meta":[],"categories":[63],"tags":[],"_links":{"self":[{"href":"https:\/\/www.vizyon2023.com.tr\/index.php\/wp-json\/wp\/v2\/posts\/3180"}],"collection":[{"href":"https:\/\/www.vizyon2023.com.tr\/index.php\/wp-json\/wp\/v2\/posts"}],"about":[{"href":"https:\/\/www.vizyon2023.com.tr\/index.php\/wp-json\/wp\/v2\/types\/post"}],"author":[{"embeddable":true,"href":"https:\/\/www.vizyon2023.com.tr\/index.php\/wp-json\/wp\/v2\/users\/1000097"}],"replies":[{"embeddable":true,"href":"https:\/\/www.vizyon2023.com.tr\/index.php\/wp-json\/wp\/v2\/comments?post=3180"}],"version-history":[{"count":0,"href":"https:\/\/www.vizyon2023.com.tr\/index.php\/wp-json\/wp\/v2\/posts\/3180\/revisions"}],"wp:featuredmedia":[{"embeddable":true,"href":"https:\/\/www.vizyon2023.com.tr\/index.php\/wp-json\/wp\/v2\/media\/3181"}],"wp:attachment":[{"href":"https:\/\/www.vizyon2023.com.tr\/index.php\/wp-json\/wp\/v2\/media?parent=3180"}],"wp:term":[{"taxonomy":"category","embeddable":true,"href":"https:\/\/www.vizyon2023.com.tr\/index.php\/wp-json\/wp\/v2\/categories?post=3180"},{"taxonomy":"post_tag","embeddable":true,"href":"https:\/\/www.vizyon2023.com.tr\/index.php\/wp-json\/wp\/v2\/tags?post=3180"}],"curies":[{"name":"wp","href":"https:\/\/api.w.org\/{rel}","templated":true}]}}