{"id":3164,"date":"2018-03-28T11:03:17","date_gmt":"2018-03-28T08:03:17","guid":{"rendered":"http:\/\/www.vizyon2023.com.tr\/index.php\/2018\/03\/28\/konyada-ak-parti-ilce-binasinda-yangin\/"},"modified":"2018-03-28T11:03:17","modified_gmt":"2018-03-28T08:03:17","slug":"konyada-ak-parti-ilce-binasinda-yangin","status":"publish","type":"post","link":"https:\/\/www.vizyon2023.com.tr\/index.php\/2018\/03\/28\/konyada-ak-parti-ilce-binasinda-yangin\/","title":{"rendered":"Konya&#8217;da AK Parti il\u00e7e binas\u0131nda yang\u0131n"},"content":{"rendered":"<p>Konya Merkez Meram il\u00e7esi Aksinne Mahallesi Midilli Sokak&#8217;taki AK Parti Meram \u0130l\u00e7e Te\u015fkilat\u0131 binas\u0131n\u0131n 2. kat\u0131nda hen\u00fcz belirlenemeyen nedenle yang\u0131n \u00e7\u0131kt\u0131.<\/p>\n<p>Aralar\u0131nda Meram \u0130l\u00e7e Belediye Ba\u015fkan\u0131 Fatma Toru ile AK Parti Meram \u0130l\u00e7e Ba\u015fkan\u0131 Mustafa Dolular&#8217;\u0131n da bulundu\u011fu partililerin kat\u0131l\u0131m\u0131yla ger\u00e7ekle\u015ftirilen Dan\u0131\u015fma Meclisi toplant\u0131s\u0131 salonuna yay\u0131lan duman fark edildi.<\/p>\n<p>Toplant\u0131dakiler binay\u0131 terk ederken, ihbar \u00fczerine olay yerine \u00e7ok say\u0131da itfaiye, polis ve sa\u011fl\u0131k ekibi sevk edildi.<\/p>\n<p>\u0130tfaiye ekipleri yang\u0131n\u0131 k\u0131sa s\u00fcrede kontrol alt\u0131na alarak s\u00f6nd\u00fcrd\u00fc.<\/p>\n<p>Olay\u0131 haber alarak parti binas\u0131na gelen AK Parti Konya \u0130l Ba\u015fkan\u0131 Hasan Ang\u0131, gazetecilere yapt\u0131\u011f\u0131 a\u00e7\u0131klamada, itfaiye ekiplerinin zaman\u0131nda m\u00fcdahalesiyle yang\u0131n\u0131n b\u00fcy\u00fcmeden s\u00f6nd\u00fcr\u00fcld\u00fc\u011f\u00fcn\u00fc, binada hasar olu\u015ftu\u011funu s\u00f6yledi.<\/p>\n<p>Meram Belediye Ba\u015fkan\u0131 Fatma Toru da \u0130l\u00e7e Dan\u0131\u015fma Meclisi toplant\u0131s\u0131 devam ederken duman\u0131 fark edince partililerle birlikte binay\u0131 tahliye ettiklerini anlatt\u0131.<\/p>\n<p>Toru, itfaiyenin h\u0131zla yang\u0131na m\u00fcdahale etti\u011fini ve kimseye zarar gelmedi\u011fini ifade etti.<\/p>\n<p>Kaynak: AA<\/p>\n","protected":false},"excerpt":{"rendered":"<p>AK Parti Meram \u0130l\u00e7e Ba\u015fkanl\u0131\u011f\u0131 binas\u0131nda, Dan\u0131\u015fma Meclisi toplant\u0131s\u0131 s\u0131ras\u0131nda \u00e7\u0131kan yang\u0131n itfaiye ekiplerince s\u00f6nd\u00fcr\u00fcld\u00fc.<\/p>\n","protected":false},"author":1000097,"featured_media":3165,"comment_status":"open","ping_status":"closed","sticky":false,"template":"","format":"standard","meta":[],"categories":[58],"tags":[],"_links":{"self":[{"href":"https:\/\/www.vizyon2023.com.tr\/index.php\/wp-json\/wp\/v2\/posts\/3164"}],"collection":[{"href":"https:\/\/www.vizyon2023.com.tr\/index.php\/wp-json\/wp\/v2\/posts"}],"about":[{"href":"https:\/\/www.vizyon2023.com.tr\/index.php\/wp-json\/wp\/v2\/types\/post"}],"author":[{"embeddable":true,"href":"https:\/\/www.vizyon2023.com.tr\/index.php\/wp-json\/wp\/v2\/users\/1000097"}],"replies":[{"embeddable":true,"href":"https:\/\/www.vizyon2023.com.tr\/index.php\/wp-json\/wp\/v2\/comments?post=3164"}],"version-history":[{"count":0,"href":"https:\/\/www.vizyon2023.com.tr\/index.php\/wp-json\/wp\/v2\/posts\/3164\/revisions"}],"wp:featuredmedia":[{"embeddable":true,"href":"https:\/\/www.vizyon2023.com.tr\/index.php\/wp-json\/wp\/v2\/media\/3165"}],"wp:attachment":[{"href":"https:\/\/www.vizyon2023.com.tr\/index.php\/wp-json\/wp\/v2\/media?parent=3164"}],"wp:term":[{"taxonomy":"category","embeddable":true,"href":"https:\/\/www.vizyon2023.com.tr\/index.php\/wp-json\/wp\/v2\/categories?post=3164"},{"taxonomy":"post_tag","embeddable":true,"href":"https:\/\/www.vizyon2023.com.tr\/index.php\/wp-json\/wp\/v2\/tags?post=3164"}],"curies":[{"name":"wp","href":"https:\/\/api.w.org\/{rel}","templated":true}]}}