{"id":3162,"date":"2018-03-28T11:02:50","date_gmt":"2018-03-28T08:02:50","guid":{"rendered":"http:\/\/www.vizyon2023.com.tr\/index.php\/2018\/03\/28\/down-sendromlu-bireyler-icin-meclis-arastirma-komisyonu-kuruldu\/"},"modified":"2018-03-28T11:02:50","modified_gmt":"2018-03-28T08:02:50","slug":"down-sendromlu-bireyler-icin-meclis-arastirma-komisyonu-kuruldu","status":"publish","type":"post","link":"https:\/\/www.vizyon2023.com.tr\/index.php\/2018\/03\/28\/down-sendromlu-bireyler-icin-meclis-arastirma-komisyonu-kuruldu\/","title":{"rendered":"Down sendromlu bireyler i\u00e7in Meclis Ara\u015ft\u0131rma Komisyonu kuruldu"},"content":{"rendered":"<p>TBMM Genel Kurulunda, siyasi parti gruplar\u0131n\u0131n down sendromunun T\u00fcrkiye&#8217;de yayg\u0131nl\u0131\u011f\u0131, down sendromlu bireylerin ve ailelerinin ya\u015fad\u0131klar\u0131 sorunlar\u0131n ve ihtiya\u00e7lar\u0131n\u0131n tespit edilerek al\u0131nacak \u00f6nlemlerin belirlenmesi amac\u0131yla Meclis ara\u015ft\u0131rmas\u0131 a\u00e7\u0131lmas\u0131na ili\u015fkin verdikleri \u00f6nergeler birle\u015ftirilerek g\u00f6r\u00fc\u015f\u00fcld\u00fc ve oybirli\u011fiyle kabul edildi.<\/p>\n<p><strong>Meclis &#8220;down sendromunu&#8221; ara\u015ft\u0131racak<\/strong><\/p>\n<p>Sa\u011fl\u0131k Bakan\u0131 Ahmet Demircan, &#8220;Down sendromlu bireyler \u00fczerinde toplumun ve kamunun sorumluluklar\u0131 vard\u0131r. Bu sorumluluklar yerine getirilirse down sendromlu insan\u0131m\u0131z hayat\u0131n\u0131 daha uygun bir \u015fekilde ya\u015fama imkan\u0131na sahip olacakt\u0131r.&#8221; dedi.<\/p>\n<p>Sa\u011fl\u0131k Bakan\u0131 Demircan, h\u00fck\u00fcmet ad\u0131na yapt\u0131\u011f\u0131 konu\u015fmada, down sendromunun bir hastal\u0131k de\u011fil, kromozom fazlal\u0131\u011f\u0131ndan ortaya \u00e7\u0131kan mental sorun oldu\u011funu belirtti.<\/p>\n<p>\u0130nsan v\u00fccudunda bulunan kromozom say\u0131s\u0131 46 iken down sendromlu bireylerde bu say\u0131n\u0131n 47 oldu\u011funu belirten Demircan, down sendromlu bireylerin fiziksel \u00f6zellikleri ve kar\u015f\u0131la\u015fabilecekleri sa\u011fl\u0131k sorunlar\u0131 hakk\u0131nda bilgi verdi.<\/p>\n<p>Down sendromu tan\u0131s\u0131n\u0131n do\u011fumdan k\u0131sa s\u00fcre sonra konulabildi\u011fini dile getiren Demircan, \u015f\u00f6yle konu\u015ftu:<\/p>\n<p>&#8220;Down sendromlular\u0131n ya\u015fam kalitesi, sa\u011fl\u0131k hizmetleri ve ihtiya\u00e7lar\u0131 kar\u015f\u0131lanarak sa\u011flanabilir. Zihinsel ve fiziksel geli\u015fmelerinin izlenmesi i\u00e7in sa\u011fl\u0131k \u00e7al\u0131\u015fanlar\u0131 taraf\u0131ndan d\u00fczenli sa\u011fl\u0131k kontrollerinin yap\u0131lmas\u0131, fizyoterapi deste\u011fi, dan\u0131\u015fmanl\u0131k, \u00f6zel e\u011fitim, t\u0131bbi rehberlik gibi hizmetlerle ya\u015fam kaliteleri \u00f6nemli d\u00fczeyde art\u0131r\u0131labilir. Down sendromlu bireyler \u00fczerinde toplumun ve kamunun sorumluluklar\u0131 vard\u0131r. Bu sorumluluklar yerine getirilirse down sendromlu insan\u0131m\u0131z elbette ki hayat\u0131n\u0131 daha uygun bir \u015fekilde ya\u015fama imkan\u0131na sahip olacakt\u0131r.&#8221;<\/p>\n<p>Down sendromlu bireylere y\u00f6nelik bilin\u00e7li bir yakla\u015f\u0131m sergilenmesi halinde ya\u015fam standartlar\u0131n\u0131n y\u00fckselece\u011fini anlatan Demircan, ailenin \u00fczerindeki y\u00fck\u00fcn de hafifleyece\u011fini belirtti.<\/p>\n<p>Kurulacak komisyonun ba\u015far\u0131l\u0131 \u00e7al\u0131\u015fmalar yapaca\u011f\u0131na inand\u0131\u011f\u0131n\u0131n alt\u0131n\u0131 \u00e7izen Demirta\u015f, kurulmas\u0131 konusunda izlenen i\u015f birli\u011finin \u00e7al\u0131\u015fmalarda da s\u00fcrmesi temennisinde bulundu.<\/p>\n<p>Kaynak: AA<\/p>\n","protected":false},"excerpt":{"rendered":"<p>Down sendromlu bireyler ile ailelerinin sorunlar\u0131 ve ihtiya\u00e7lar\u0131n\u0131n belirlenmesi amac\u0131yla Meclis Ara\u015ft\u0131rma Komisyonu kuruldu.<\/p>\n","protected":false},"author":1000097,"featured_media":3163,"comment_status":"open","ping_status":"closed","sticky":false,"template":"","format":"standard","meta":[],"categories":[58],"tags":[],"_links":{"self":[{"href":"https:\/\/www.vizyon2023.com.tr\/index.php\/wp-json\/wp\/v2\/posts\/3162"}],"collection":[{"href":"https:\/\/www.vizyon2023.com.tr\/index.php\/wp-json\/wp\/v2\/posts"}],"about":[{"href":"https:\/\/www.vizyon2023.com.tr\/index.php\/wp-json\/wp\/v2\/types\/post"}],"author":[{"embeddable":true,"href":"https:\/\/www.vizyon2023.com.tr\/index.php\/wp-json\/wp\/v2\/users\/1000097"}],"replies":[{"embeddable":true,"href":"https:\/\/www.vizyon2023.com.tr\/index.php\/wp-json\/wp\/v2\/comments?post=3162"}],"version-history":[{"count":0,"href":"https:\/\/www.vizyon2023.com.tr\/index.php\/wp-json\/wp\/v2\/posts\/3162\/revisions"}],"wp:featuredmedia":[{"embeddable":true,"href":"https:\/\/www.vizyon2023.com.tr\/index.php\/wp-json\/wp\/v2\/media\/3163"}],"wp:attachment":[{"href":"https:\/\/www.vizyon2023.com.tr\/index.php\/wp-json\/wp\/v2\/media?parent=3162"}],"wp:term":[{"taxonomy":"category","embeddable":true,"href":"https:\/\/www.vizyon2023.com.tr\/index.php\/wp-json\/wp\/v2\/categories?post=3162"},{"taxonomy":"post_tag","embeddable":true,"href":"https:\/\/www.vizyon2023.com.tr\/index.php\/wp-json\/wp\/v2\/tags?post=3162"}],"curies":[{"name":"wp","href":"https:\/\/api.w.org\/{rel}","templated":true}]}}