{"id":3150,"date":"2018-03-28T10:58:01","date_gmt":"2018-03-28T07:58:01","guid":{"rendered":"http:\/\/www.vizyon2023.com.tr\/index.php\/2018\/03\/28\/mhp-genel-baskani-bahceli-ab-konseyinin-aciklamasi-iflah-olmaz-bir-hacli-kafasidir-2\/"},"modified":"2018-03-28T10:58:01","modified_gmt":"2018-03-28T07:58:01","slug":"mhp-genel-baskani-bahceli-ab-konseyinin-aciklamasi-iflah-olmaz-bir-hacli-kafasidir-2","status":"publish","type":"post","link":"https:\/\/www.vizyon2023.com.tr\/index.php\/2018\/03\/28\/mhp-genel-baskani-bahceli-ab-konseyinin-aciklamasi-iflah-olmaz-bir-hacli-kafasidir-2\/","title":{"rendered":"MHP Genel Ba\u015fkan\u0131 Bah\u00e7eli: AB Konseyi&#8217;nin a\u00e7\u0131klamas\u0131 iflah olmaz bir Ha\u00e7l\u0131 kafas\u0131d\u0131r"},"content":{"rendered":"<p>MHP Genel Ba\u015fkan\u0131 Devlet Bah\u00e7eli, partisinin grup toplant\u0131s\u0131nda konu\u015ftu.<\/p>\n<p>Bah\u00e7eli, AB liderler zirvesinde T\u00fcrkiye&#8217;ye de yer verilen sonu\u00e7 bildirgesine sert tepki g\u00f6sterdi.<\/p>\n<p>&#8220;AB Konseyi&#8217;nin, \u00fclkemizin Akdeniz ve Ege Denizi&#8217;ndeki faaliyetlerini k\u0131nayan a\u00e7\u0131klamas\u0131 skandald\u0131r, iflah olmaz bir Ha\u00e7l\u0131 kafas\u0131d\u0131r. AB&#8217;nin k\u0131nama mesaj\u0131 bizim i\u00e7in yok h\u00fckm\u00fcndedir. K\u0131nasan\u0131z ne yazar, k\u0131namasan\u0131z ne \u00e7\u0131kar.&#8221;<\/p>\n<p><strong>&#8220;T\u00fcrkiye, AB&#8217;ye mecbur, muhta\u00e7, mahkum de\u011fildir&#8221;<\/strong><\/p>\n<p>Bah\u00e7eli, AB \u00fcyeli\u011finin T\u00fcrkiye i\u00e7in bir kimlik sorunu, varolu\u015f sorunu olmad\u0131\u011f\u0131n\u0131 da s\u00f6zlerine ekledi.<\/p>\n<p>&#8220;T\u00fcrkiye, AB&#8217;nin y\u00f6r\u00fcngesinde kalacak, egemenli\u011fini devredecek uydu ve uyduruk bir devlet de\u011fildir. T\u00fcrkiye, AB&#8217;ye mecbur, muhta\u00e7, mahkum de\u011fildir. Ya onurlu, e\u015fit ve sayg\u0131n bir \u00fcyeli\u011fin yolu a\u00e7\u0131l\u0131r ya da evli evine, k\u00f6yl\u00fc k\u00f6y\u00fcne gider.&#8221;<\/p>\n<p><strong>Sonu\u00e7 bildirgesinde as\u0131ls\u0131z ifadeler<\/strong><\/p>\n<p>Ge\u00e7ti\u011fimiz g\u00fcnlerde yap\u0131lan AB liderleri zirvesinin sonu\u00e7 bildirgesinde, T\u00fcrkiye ile ilgili \u015fu s\u00f6zler yer ald\u0131:<\/p>\n<p>&#8220;AB Konseyi, T\u00fcrkiye&#8217;nin Do\u011fu Akdeniz ve Ege Denizi&#8217;nde devam eden yasa d\u0131\u015f\u0131 faaliyetlerini g\u00fc\u00e7l\u00fc \u015fekilde k\u0131n\u0131yor ve G\u00fcney K\u0131br\u0131s Rum Y\u00f6netimi (GKRY) ile Yunanistan&#8217;la olan tam dayan\u0131\u015fmas\u0131n\u0131n alt\u0131n\u0131 \u00e7iziyor.&#8221;<\/p>\n<p>Belgede ayr\u0131ca T\u00fcrkiye&#8217;ye &#8220;bu faaliyetlerine son verme&#8221; ve &#8220;GKRY&#8217;nin AB ve uluslararas\u0131 hukuk uyar\u0131nca egemenli\u011finden kaynaklanan do\u011fal kaynaklar\u0131ndan faydalanma hakk\u0131na sayg\u0131 duyma&#8221; \u00e7a\u011fr\u0131s\u0131 yap\u0131ld\u0131.<\/p>\n<p>Kaynak: TRT Haber<\/p>\n","protected":false},"excerpt":{"rendered":"<p>MHP Genel Ba\u015fkan\u0131 Devlet Bah\u00e7eli, &#8220;AB Konseyi&#8217;nin, \u00fclkemizin Akdeniz ve Ege Denizi&#8217;ndeki faaliyetlerini k\u0131nayan a\u00e7\u0131klamas\u0131 skandald\u0131r.&#8221; dedi.<\/p>\n","protected":false},"author":1000097,"featured_media":3151,"comment_status":"open","ping_status":"closed","sticky":false,"template":"","format":"standard","meta":[],"categories":[85],"tags":[],"_links":{"self":[{"href":"https:\/\/www.vizyon2023.com.tr\/index.php\/wp-json\/wp\/v2\/posts\/3150"}],"collection":[{"href":"https:\/\/www.vizyon2023.com.tr\/index.php\/wp-json\/wp\/v2\/posts"}],"about":[{"href":"https:\/\/www.vizyon2023.com.tr\/index.php\/wp-json\/wp\/v2\/types\/post"}],"author":[{"embeddable":true,"href":"https:\/\/www.vizyon2023.com.tr\/index.php\/wp-json\/wp\/v2\/users\/1000097"}],"replies":[{"embeddable":true,"href":"https:\/\/www.vizyon2023.com.tr\/index.php\/wp-json\/wp\/v2\/comments?post=3150"}],"version-history":[{"count":0,"href":"https:\/\/www.vizyon2023.com.tr\/index.php\/wp-json\/wp\/v2\/posts\/3150\/revisions"}],"wp:featuredmedia":[{"embeddable":true,"href":"https:\/\/www.vizyon2023.com.tr\/index.php\/wp-json\/wp\/v2\/media\/3151"}],"wp:attachment":[{"href":"https:\/\/www.vizyon2023.com.tr\/index.php\/wp-json\/wp\/v2\/media?parent=3150"}],"wp:term":[{"taxonomy":"category","embeddable":true,"href":"https:\/\/www.vizyon2023.com.tr\/index.php\/wp-json\/wp\/v2\/categories?post=3150"},{"taxonomy":"post_tag","embeddable":true,"href":"https:\/\/www.vizyon2023.com.tr\/index.php\/wp-json\/wp\/v2\/tags?post=3150"}],"curies":[{"name":"wp","href":"https:\/\/api.w.org\/{rel}","templated":true}]}}