{"id":3146,"date":"2018-03-28T10:55:51","date_gmt":"2018-03-28T07:55:51","guid":{"rendered":"http:\/\/www.vizyon2023.com.tr\/index.php\/2018\/03\/28\/cumhurbaskani-erdogan-putin-ile-gorustu\/"},"modified":"2018-03-28T10:55:51","modified_gmt":"2018-03-28T07:55:51","slug":"cumhurbaskani-erdogan-putin-ile-gorustu","status":"publish","type":"post","link":"https:\/\/www.vizyon2023.com.tr\/index.php\/2018\/03\/28\/cumhurbaskani-erdogan-putin-ile-gorustu\/","title":{"rendered":"Cumhurba\u015fkan\u0131 Erdo\u011fan, Putin ile g\u00f6r\u00fc\u015ft\u00fc"},"content":{"rendered":"<p>Cumhurba\u015fkan\u0131 Recep Tayyip Erdo\u011fan ile Rusya Federasyonu Devlet Ba\u015fkan\u0131 Vladimir Putin telefonda g\u00f6r\u00fc\u015ft\u00fc.<\/p>\n<p>Cumhurba\u015fkanl\u0131\u011f\u0131 kaynaklar\u0131ndan edinilen bilgiye g\u00f6re, Cumhurba\u015fkan\u0131 Erdo\u011fan, \u00f6nceki g\u00fcn Kemerovo&#8217;daki bir al\u0131\u015fveri\u015f merkezinde \u00e7\u0131kan yang\u0131nda ya\u015fanan can kay\u0131plar\u0131 nedeniyle Putin&#8217;e taziyede bulundu.<\/p>\n<p>Cumhurba\u015fkan\u0131 Erdo\u011fan&#8217;\u0131n Rus halk\u0131na ba\u015fsa\u011fl\u0131\u011f\u0131 diledi\u011fi g\u00f6r\u00fc\u015fmede, ikili ili\u015fkileri her alanda geli\u015ftirme kararl\u0131l\u0131\u011f\u0131 teyit edildi.<\/p>\n<p>Suriye konusunda \u0130ran&#8217;\u0131n da kat\u0131l\u0131m\u0131yla 4 Nisan&#8217;da Ankara&#8217;da liderler d\u00fczeyinde ger\u00e7ekle\u015ftirilecek \u00fc\u00e7l\u00fc zirve vesilesiyle y\u00fcz y\u00fcze de g\u00f6r\u00fc\u015fecek olan Erdo\u011fan ve Putin, s\u00f6z konusu toplant\u0131n\u0131n yan\u0131 s\u0131ra ikili ili\u015fkilere de de\u011findi.<\/p>\n<p><strong>Rusya\u2019da al\u0131\u015fveri\u015f merkezinde yang\u0131n<\/strong><\/p>\n<p>Sibirya Federal B\u00f6lgesi&#8217;nin Kemerovo kentinde ge\u00e7ti\u011fimiz pazar g\u00fcn\u00fc bir al\u0131\u015fveri\u015f merkezinde \u00e7\u0131kan yang\u0131nda 64 ki\u015fi hayat\u0131n\u0131 kaybetmi\u015fti.<\/p>\n<p>Kaynak: AA<\/p>\n","protected":false},"excerpt":{"rendered":"<p>Cumhurba\u015fkan\u0131 Recep Tayyip Erdo\u011fan, g\u00f6r\u00fc\u015fmede Rusya Federasyonu Devlet Ba\u015fkan\u0131 Vladimir Putin&#8217;e Kemerovo&#8217;daki yang\u0131nda ya\u015fanan can kay\u0131plar\u0131 nedeniyle taziyede bulundu.<\/p>\n","protected":false},"author":1000097,"featured_media":3147,"comment_status":"open","ping_status":"closed","sticky":false,"template":"","format":"standard","meta":[],"categories":[85],"tags":[],"_links":{"self":[{"href":"https:\/\/www.vizyon2023.com.tr\/index.php\/wp-json\/wp\/v2\/posts\/3146"}],"collection":[{"href":"https:\/\/www.vizyon2023.com.tr\/index.php\/wp-json\/wp\/v2\/posts"}],"about":[{"href":"https:\/\/www.vizyon2023.com.tr\/index.php\/wp-json\/wp\/v2\/types\/post"}],"author":[{"embeddable":true,"href":"https:\/\/www.vizyon2023.com.tr\/index.php\/wp-json\/wp\/v2\/users\/1000097"}],"replies":[{"embeddable":true,"href":"https:\/\/www.vizyon2023.com.tr\/index.php\/wp-json\/wp\/v2\/comments?post=3146"}],"version-history":[{"count":0,"href":"https:\/\/www.vizyon2023.com.tr\/index.php\/wp-json\/wp\/v2\/posts\/3146\/revisions"}],"wp:featuredmedia":[{"embeddable":true,"href":"https:\/\/www.vizyon2023.com.tr\/index.php\/wp-json\/wp\/v2\/media\/3147"}],"wp:attachment":[{"href":"https:\/\/www.vizyon2023.com.tr\/index.php\/wp-json\/wp\/v2\/media?parent=3146"}],"wp:term":[{"taxonomy":"category","embeddable":true,"href":"https:\/\/www.vizyon2023.com.tr\/index.php\/wp-json\/wp\/v2\/categories?post=3146"},{"taxonomy":"post_tag","embeddable":true,"href":"https:\/\/www.vizyon2023.com.tr\/index.php\/wp-json\/wp\/v2\/tags?post=3146"}],"curies":[{"name":"wp","href":"https:\/\/api.w.org\/{rel}","templated":true}]}}